{"id":68843,"date":"2025-12-08T11:05:17","date_gmt":"2025-12-08T11:05:17","guid":{"rendered":"https:\/\/www.europesays.com\/lv\/68843\/"},"modified":"2025-12-08T11:05:17","modified_gmt":"2025-12-08T11:05:17","slug":"nostalgijas-vilnis-seriala-ka-es-satiku-jusu-mati-zvaigznes-20-gadus-velak-2","status":"publish","type":"post","link":"https:\/\/www.europesays.com\/lv\/68843\/","title":{"rendered":"Nostal\u0123ijas vilnis: seri\u0101la &#8220;K\u0101 es satiku j\u016bsu m\u0101ti&#8221; zvaigznes 20 gadus v\u0113l\u0101k"},"content":{"rendered":"<p>K\u0101rtera Beisa un Kreiga Tomasa veidotais CBS situ\u0101ciju kom\u0113dijseri\u0101ls, kas pirmizr\u0101di piedz\u012bvoja 2005. gada 19. septembr\u012b, aizveda fanus uz k\u0101du viet\u0113jo b\u0101ru, kur seri\u0101la galvenais varonis Teds Mozbijs un vi\u0146a draugi \u2013 Mar\u0161als \u0112riksons, Robina \u0160erbatstija, B\u0101rnijs Stinsons un Lilija Oldrina \u2013 pavad\u012bja visu savu br\u012bvo laiku, satiekoties, svinot noz\u012bm\u012bgus notikumus vai tiekot gal\u0101 ar person\u012bgiem p\u0101rdz\u012bvojumiem.<\/p>\n","protected":false},"excerpt":{"rendered":"K\u0101rtera Beisa un Kreiga Tomasa veidotais CBS situ\u0101ciju kom\u0113dijseri\u0101ls, kas pirmizr\u0101di piedz\u012bvoja 2005. gada 19. septembr\u012b, aizveda fanus&hellip;\n","protected":false},"author":2,"featured_media":67590,"comment_status":"","ping_status":"","sticky":false,"template":"","format":"standard","meta":{"footnotes":""},"categories":[19],"tags":[89,90,35,39,38,36,37,34,40],"class_list":{"0":"post-68843","1":"post","2":"type-post","3":"status-publish","4":"format-standard","5":"has-post-thumbnail","7":"category-izklaide","8":"tag-entertainment","9":"tag-izklaide","10":"tag-latvia","11":"tag-latvian","12":"tag-latviesu","13":"tag-latviesu-valoda","14":"tag-latviesuvaloda","15":"tag-latvija","16":"tag-lv"},"share_on_mastodon":{"url":"https:\/\/pubeurope.com\/@lv\/115683624520146344","error":""},"_links":{"self":[{"href":"https:\/\/www.europesays.com\/lv\/wp-json\/wp\/v2\/posts\/68843","targetHints":{"allow":["GET"]}}],"collection":[{"href":"https:\/\/www.europesays.com\/lv\/wp-json\/wp\/v2\/posts"}],"about":[{"href":"https:\/\/www.europesays.com\/lv\/wp-json\/wp\/v2\/types\/post"}],"author":[{"embeddable":true,"href":"https:\/\/www.europesays.com\/lv\/wp-json\/wp\/v2\/users\/2"}],"replies":[{"embeddable":true,"href":"https:\/\/www.europesays.com\/lv\/wp-json\/wp\/v2\/comments?post=68843"}],"version-history":[{"count":0,"href":"https:\/\/www.europesays.com\/lv\/wp-json\/wp\/v2\/posts\/68843\/revisions"}],"wp:featuredmedia":[{"embeddable":true,"href":"https:\/\/www.europesays.com\/lv\/wp-json\/wp\/v2\/media\/67590"}],"wp:attachment":[{"href":"https:\/\/www.europesays.com\/lv\/wp-json\/wp\/v2\/media?parent=68843"}],"wp:term":[{"taxonomy":"category","embeddable":true,"href":"https:\/\/www.europesays.com\/lv\/wp-json\/wp\/v2\/categories?post=68843"},{"taxonomy":"post_tag","embeddable":true,"href":"https:\/\/www.europesays.com\/lv\/wp-json\/wp\/v2\/tags?post=68843"}],"curies":[{"name":"wp","href":"https:\/\/api.w.org\/{rel}","templated":true}]}}