{"id":68854,"date":"2025-12-08T11:21:18","date_gmt":"2025-12-08T11:21:18","guid":{"rendered":"https:\/\/www.europesays.com\/lv\/68854\/"},"modified":"2025-12-08T11:21:18","modified_gmt":"2025-12-08T11:21:18","slug":"ministrija-neizsledz-atvieglojumus-mazajiem-uznemejiem-raksts","status":"publish","type":"post","link":"https:\/\/www.europesays.com\/lv\/68854\/","title":{"rendered":"ministrija neizsl\u0113dz atvieglojumus mazajiem uz\u0146\u0113m\u0113jiem \/ Raksts"},"content":{"rendered":"<p>\u012aSUM\u0100:\u00a0<\/p>\n<ul>\n<li>Sv\u0113tdien zemnieki un uz\u0146\u0113m\u0113ji R\u012bg\u0101 protest\u0113ja pret autoce\u013cu lieto\u0161anas nodevas pieaugumu komercautoma\u0161\u012bn\u0101m.<\/li>\n<li>Nodevu no n\u0101kam\u0101 gada palielin\u0101s ar\u012b N1 kategorijas vieglajam komerctransportam.<\/li>\n<li>\u012apa\u0161i lielas ba\u017eas ir par d\u0101rze\u0146u audz\u0113t\u0101ju zaud\u0113jumiem.<\/li>\n<li>Satiksmes ministrija ar zemniekiem pirmdien, 8. decembr\u012b, spried\u012bs par iesp\u0113jamiem atvieglojumiem.<\/li>\n<li>Nesaska\u0146ots protests pirmdien aizvad\u012bts ar\u012b Dagd\u0101.<\/li>\n<\/ul>\n<p>Sv\u0113tdien iepriek\u0161 nesaska\u0146otaj\u0101 protest\u0101 pret autoce\u013cu lieto\u0161anas nodevu palielin\u0101\u0161anu pie vald\u012bbas pulc\u0113j\u0101s ar\u012b zemnieki, iebilstot pret\u00a0Saeimas pie\u0146emtajiem <a href=\"https:\/\/www.lsm.lv\/raksts\/zinas\/ekonomika\/03.12.2025-nakamgad-cels-lielako-dalu-celu-lietosanas-nodevu-kravas-auto.a624656\/?utm_source=lsm&amp;utm_medium=article-body&amp;utm_campaign=admin\" class=\"lsm-link\" data-type=\"article\" data-id=\"624656\" rel=\"nofollow noopener\" target=\"_blank\">groz\u012bjumiem Autoce\u013cu lieto\u0161anas nodevas likum\u0101<\/a>, kas paredz vinjetes jeb \u0161\u012bs nodevas paaugstin\u0101\u0161anu no 1. janv\u0101ra kravas automa\u0161\u012bn\u0101m. M\u0113r\u0137is ir noteikt t\u0101das nodevu likmes, kas atspogu\u013co faktisk\u0101s infrastrukt\u016bras uztur\u0113\u0161anas izmaksas, \u0146emot v\u0113r\u0101 kravas transportl\u012bdzek\u013cu ietekmi uz autoce\u013ciem.<\/p>\n<p>Zemniekus satrauc \u0161\u012bs nodevas palielin\u0101\u0161ana ar\u012b transportl\u012bdzek\u013ciem un to sast\u0101viem ar masu no 3 l\u012bdz 3,5 tonn\u0101m. \u0160iem kravas busi\u0146iem un pikapiem \u2013 N1 kategorijas vieglajam komerctransportam \u2013 maks\u0101jums\u00a0pieaugs no 260 uz 360 eiro gad\u0101.\u00a0<\/p>\n<p>Ba\u017eas par d\u0101rze\u0146u audz\u0113t\u0101jiem\u00a0<\/p>\n<p>Biedr\u012bbas &#8220;Zemnieku saeima&#8221;\u00a0vad\u012bt\u0101js Juris Lazdi\u0146\u0161 nor\u0101d\u012bja, ka \u0161ie 100 eiro ir papildu izdevumi, kas lauksaimniekiem j\u0101maks\u0101, lai produkciju nog\u0101d\u0101tu tirdzniec\u012bbas viet\u0101s. Tas \u012bpa\u0161i ietekm\u0113\u0161ot d\u0101rze\u0146u audz\u0113t\u0101jus. Lazdi\u0146\u0161 min\u0113ja ar\u012b m\u0101jra\u017eot\u0101jus, kas vad\u0101 uz tirgiem savu produkciju, un bi\u0161kopjus, kas tirgo savu medu:<\/p>\n<p>Biedr\u012bbas &#8220;Zemnieku saeima&#8221;\u00a0vad\u012bt\u0101js Juris Lazdi\u0146\u0161 par autoce\u013cu nodevas palielin\u0101jumu<\/p>\n<p>&#8220;Jau \u0161odien\u00a0d\u0101rze\u0146u audz\u0113t\u0101ji nenov\u0101c izaudz\u0113to ra\u017eu, jo iepirkuma cena nesedz izmaksas, kas saist\u012btas ar \u0161\u012bs produkcijas izaudz\u0113\u0161anu, nov\u0101k\u0161anu un nog\u0101d\u0101\u0161anu tirdzniec\u012bbas viet\u0101s. Papildu\u00a0izmaksa neveicin\u0101s to, ka mums t\u0101 ra\u017eo\u0161ana b\u016bs ar plus z\u012bmi. \u0160\u0101d\u0101 veid\u0101 vald\u012bba pasaka mums to, ka m\u0113s neesam vajadz\u012bgi, ka v\u0113lamies labpr\u0101t\u0101k \u0113st citu zemju aug\u013cus un d\u0101rze\u0146us, nevis viet\u0113jos. Un, ja m\u0113s run\u0101jam par d\u0101rze\u0146u nozari, kas ir b\u016btiski cietusi, tad tur jau d\u0101rze\u0146us pie tam vad\u0101 visu gadu no noliktav\u0101m uz tirdzniec\u012bbas viet\u0101m, bet tur nav sezon\u0101ls raksturs.\u00a0<\/p>\n<p>Zemnieku ieskat\u0101, pirms balsojuma Saeim\u0101 nav norit\u0113ju\u0161as diskusijas,\u00a0un lauksaimnieki nav r\u0113\u0137in\u0101ju\u0161ies ar \u0161\u012bm papildu izmaks\u0101m jau n\u0101kamaj\u0101 gad\u0101.\u00a0<\/p>\n<p>Sarun\u0101s spried\u012bs par iesp\u0113jamiem atvieglojumiem\u00a0<\/p>\n<p>Satiksmes ministrs Atis \u0160vinka (&#8220;Progres\u012bvie&#8221;)\u00a0skaidroja, ka pl\u0101not\u0101s izmai\u0146as nodevu likm\u0113s attiecas tie\u0161i uz transportu, kas p\u0101rvietojas pa valsts galvenajiem ce\u013ciem un atsevi\u0161\u0137iem re\u0123ion\u0101lajiem ce\u013ciem, bet tas neattiecas uz grants ce\u013ciem un lauku ce\u013ciem. T\u0101pat tas neattiecoties uz saimniec\u012bbu iek\u0161\u0113jiem p\u0101rvad\u0101jumiem.<\/p>\n<p>&#8220;Nav paredz\u0113ts, ka \u0161o nodevu\u00a0maks\u0101 zemnieki, ja ir ra\u017eas laiks vai visa gada laik\u0101, no lauka p\u0101rvietojot ra\u017eu uz pagrabu vai noliktav\u0101m. M\u0113s esam public\u0113ju\u0161i kartes, kur ir galvenie valsts autoce\u013ci un atsevi\u0161\u0137i re\u0123ion\u0101lie ce\u013ci. Tas noz\u012bm\u0113, ka zemnieki, mazie uz\u0146\u0113m\u0113ji sav\u0101 novad\u0101, re\u0123ionos var \u013coti pla\u0161i tom\u0113r p\u0101rvietoties, tiekot uz saviem laukiem, uz savu saimniec\u012bbu, uz tuv\u0101ko ciemu vai pils\u0113tu, uz tirdzi\u0146u.&#8221;\u00a0<\/p>\n<p>Satiksmes ministrs Atis \u0160vinka (&#8220;Progres\u012bvie&#8221;)\u00a0par gaid\u0101maj\u0101m sarun\u0101m ar zemniekiem<\/p>\n<p>Ministrs nor\u0101d\u012bja, ka pirmdienas sarun\u0101s spried\u012bs par iesp\u0113jamiem atvieglojumiem:\u00a0<\/p>\n<blockquote>\n<p>&#8220;Ir j\u0101skat\u0101s varb\u016bt ar\u012b atvieglojumi mazajiem\u00a0zemniekiem,\u00a0biolo\u0123iskajiem\u00a0lauksaimniekiem, k\u0101d\u0101 veid\u0101 m\u0113s var\u0113tu atbalst\u012bt un pal\u012bdz\u0113t tiem, kuriem \u0161is slogs ir visliel\u0101kais. Un \u0161is b\u016bs temats, par ko m\u0113s run\u0101sim \u0161odien.&#8221;\u00a0<\/p>\n<\/blockquote>\n<p>Aizvad\u012btaj\u0101s br\u012bvdien\u0101s ar\u012b &#8220;Apvienot\u0101 saraksta&#8221; (AS) deput\u0101ti aicin\u0101ja atcelt autoce\u013cu lieto\u0161anas nodevu komercauto l\u012bdz 3,5 tonn\u0101m un kopum\u0101 samazin\u0101t maksas pieaugumu \u0161\u012bm nodev\u0101m. Ta\u010du \u0160vinka nor\u0101d\u012bja, ka ieceri par \u0161o automa\u0161\u012bnu no 3 l\u012bdz 3,5 tonnu iek\u013cau\u0161anu nodevu maks\u0101\u0161anas tv\u0113rum\u0101 savulaik virz\u012bju\u0161i tie\u0161i opoz\u012bcijas politi\u0137i, kas tagad pret to protest\u0113. Proti, 2016. gad\u0101 uz Saeimu to virz\u012bja t\u0101 laika parlament\u0101rais sekret\u0101rs Edgars Tavars (AS) un satiksmes ministrs bija Uldis Augulis (Za\u013co un Zemnieku savien\u012bba).\u00a0<\/p>\n<p>Ar\u012b Dagd\u0101 aizvad\u012bts nesaska\u0146ots protests<\/p>\n<p>Ap 30 automa\u0161\u012bnu pirmdien iepriek\u0161 nesaska\u0146ot\u0101 akcij\u0101 Kr\u0101slavas novada pierobe\u017eas pils\u0113t\u0101 Dagd\u0101 izbraukum\u0101 pa pils\u0113tu demonstr\u0113ja savu neapmierin\u0101t\u012bbu par vald\u012bbas pl\u0101noto autoce\u013cu lieto\u0161anas nodevu no n\u0101kam\u0101 gada, jo uzskata, ka jaunie maks\u0101jumi izn\u012bcin\u0101s mazo biznesu re\u0123ion\u0101.<\/p>\n<p><img decoding=\"async\" src=\"https:\/\/www.europesays.com\/lv\/wp-content\/uploads\/2025\/12\/s6z7.jpg\" alt=\"Nesaska\u0146otais zemnieku protests Dagd\u0101\"\/>Nesaska\u0146otais zemnieku protests Dagd\u0101<\/p>\n<p>Foto: Sergejs Kuz\u0146ecovs \/ Latvijas Radio<\/p>\n<p><img decoding=\"async\" src=\"https:\/\/www.europesays.com\/lv\/wp-content\/uploads\/2025\/12\/s6z6.jpg\" alt=\"Nesaska\u0146otais zemnieku protests Dagd\u0101\"\/>Nesaska\u0146otais zemnieku protests Dagd\u0101<\/p>\n<p>Foto: Sergejs Kuz\u0146ecovs \/ Latvijas Radio<\/p>\n<p><img decoding=\"async\" src=\"https:\/\/www.europesays.com\/lv\/wp-content\/uploads\/2025\/12\/s6z5.jpg\" alt=\"Nesaska\u0146otais zemnieku protests Dagd\u0101\"\/>Nesaska\u0146otais zemnieku protests Dagd\u0101<\/p>\n<p>Foto: Sergejs Kuz\u0146ecovs \/ Latvijas Radio<\/p>\n<p><img decoding=\"async\" src=\"https:\/\/www.europesays.com\/lv\/wp-content\/uploads\/2025\/12\/s6z4.jpg\" alt=\"Nesaska\u0146otais zemnieku protests Dagd\u0101\"\/>Nesaska\u0146otais zemnieku protests Dagd\u0101<\/p>\n<p>Foto: Sergejs Kuz\u0146ecovs \/ Latvijas Radio<\/p>\n<p><img decoding=\"async\" src=\"https:\/\/www.europesays.com\/lv\/wp-content\/uploads\/2025\/12\/s6z8.jpg\" alt=\"Nesaska\u0146otais zemnieku protests Dagd\u0101\"\/>Nesaska\u0146otais zemnieku protests Dagd\u0101<\/p>\n<p>Foto: Sergejs Kuz\u0146ecovs \/ Latvijas Radio<\/p>\n<\/p>\n<p>Mierm\u012bl\u012bgo akciju p\u0101rtrauca policija darbinieki, pie pils\u0113tas apturot un p\u0101rbaudot ma\u0161\u012bnas, izveidojot sastr\u0113gumu\u00a0un pieprasot izbeigt demonstr\u0101ciju, jo akcija nebija iepriek\u0161 saska\u0146ota.\u00a0<\/p>\n<blockquote>\n<p>Pret pas\u0101kuma organizatoriem uzs\u0101kta administrat\u012bv\u0101 lieta.\u00a0<\/p>\n<\/blockquote>\n<p>Latvijas Radio aprun\u0101j\u0101s ar da\u017eiem protesta dal\u012bbniekiem:\u00a0<\/p>\n<p style=\"margin-left:40px\">&#8220;M\u0113s pret to, ka pacels transporta vinjetes, t\u0101s paliek d\u0101rg\u0101kas, ar\u012b uz mazajiem ce\u013ciem vajadz\u0113s maks\u0101t, piem\u0113ram, \u0161im nelielajam d\u017eipi\u0146am ar kasti jau vajadz\u0113s vinjeti pirkt.\u00a0Man pa\u0161am ir firma \u2013 transporta ce\u013cus remont\u0113jam, vis\u0101dus darbus izpild\u0101m, mums ar\u012b vajadz\u0113s pirkt vinjeti, tas \u013coti d\u0101rgi san\u0101k, t\u0101 jau mums ce\u013ciem transporta nodoklis, bet v\u0113l vinjetes\u2026&#8221;<\/p>\n<p style=\"margin-left:40px\">&#8220;M\u0113s te ar\u012b dz\u012bvojam, m\u0113s te ar\u012b str\u0101d\u0101jam, bet mums uzspie\u017e nodok\u013cus tik lielus, ka m\u0113s tik daudz pat nepeln\u0101m. M\u0113s pa viet\u0113jiem ce\u013ciem brauk\u0101j\u0101m, nepirk\u0101m neko, tad tagad mums pa sliktiem ce\u013ciem b\u016bs j\u0101maks\u0101 1000 eiro gad\u0101 papildus. Ja to pieliek pie m\u016bsu produkta cenas, tad m\u0113s visp\u0101r neesam konkur\u0113tsp\u0113j\u012bgi, b\u016bs viss d\u0101rg\u0101ks \u2013 pieg\u0101des, pakalpojumi.&#8221;<\/p>\n<p style=\"margin-left:40px\">&#8220;Tas skar visus \u2013 gan medniekus, gan vienk\u0101r\u0161i pakalpojumu sniedz\u0113jus. Neesam apmierin\u0101ti par to visu; un pazi\u0146o p\u0113d\u0113j\u0101 moment\u0101 pirms Ziemassv\u0113tkiem, kad jau ir nosl\u0113gti l\u012bgumi pusgadu uz priek\u0161u cilv\u0113kiem.&#8221;<\/p>\n<p>KONTEKSTS:<\/p>\n<p>No n\u0101kam\u0101 gada 1. janv\u0101ra tiks\u00a0<a data-id=\"624656\" data-type=\"article\" href=\"https:\/\/www.lsm.lv\/raksts\/zinas\/ekonomika\/03.12.2025-nakamgad-cels-lielako-dalu-celu-lietosanas-nodevu-kravas-auto.a624656\/\" class=\"lsm-link\" rel=\"nofollow noopener\" target=\"_blank\">palielin\u0101ta liel\u0101k\u0101 da\u013ca autoce\u013cu lieto\u0161anas nodevu<\/a>\u00a0jeb vinje\u0161u likmju kravas transportl\u012bdzek\u013ciem virs trim tonn\u0101m, paredz 3. decembr\u012b Saeim\u0101 gal\u012bgaj\u0101 las\u012bjum\u0101 pie\u0146emtie groz\u012bjumi Autoce\u013cu lieto\u0161anas nodevas likum\u0101.<\/p>\n<p>Virz\u012bto groz\u012bjumu m\u0113r\u0137is ir noteikt t\u0101das vinje\u0161u likmes, kas atspogu\u013co faktisk\u0101s infrastrukt\u016bras uztur\u0113\u0161anas izmaksas, \u0146emot v\u0113r\u0101 kravas transportl\u012bdzek\u013cu ietekmi uz autoce\u013ciem.<\/p>\n<p>Tostarp groz\u012bjumi paredz &#8220;nulles&#8221; likmi bezemisiju transportl\u012bdzek\u013ciem un likmju noteik\u0161anu emisijas rado\u0161ajiem transportl\u012bdzek\u013ciem atkar\u012bb\u0101 no to rad\u012bto emisiju apjoma.<\/p>\n<p>Ar groz\u012bjumiem papla\u0161in\u0101ts ce\u013cu t\u012bkls, uz kuru attieksies autoce\u013cu lieto\u0161anas nodeva, ar valsts re\u0123ion\u0101lajiem autoce\u013ciem, kas ir paral\u0113li valsts galvenajiem autoce\u013ciem vai ved uz ost\u0101m. Izmai\u0146u m\u0113r\u0137is ir nov\u0113rst iesp\u0113jas izvair\u012bties no nodevas maks\u0101\u0161anas, apzin\u0101ti izv\u0113loties mar\u0161rutus, kas patlaban atrodas \u0101rpus t\u0101s\u00a0piem\u0113ro\u0161anas teritorijas.<\/p>\n<p>Nodevas apm\u0113rs ir diferenc\u0113ts atkar\u012bb\u0101 no transportl\u012bdzek\u013ca masas, asu skaita, izme\u0161u klases un lieto\u0161anas perioda. Savuk\u0101rt autoce\u013cu lieto\u0161anas nodevas ie\u0146\u0113mumi tiek novirz\u012bti to valsts autoce\u013cu, pa kuriem iekas\u0113 nodevu, uztur\u0113\u0161anai un att\u012bst\u012bbai.<\/p>\n<p>L\u012bdz \u0161im transportl\u012bdzek\u013ciem un to sast\u0101viem ar pilnu masu no 3,501 tonnas l\u012bdz 12 tonn\u0101m, ja transportl\u012bdzek\u013ca motora izme\u0161u l\u012bmenis ir &#8220;Euro 0, I, II&#8221;, nodevas dienas likme bija 15 eiro, ned\u0113\u013cas likme \u2013\u00a037 eiro, m\u0113ne\u0161a likme \u2013\u00a074 eiro, bet gada likme \u2013\u00a0760 eiro. Savuk\u0101rt turpm\u0101k dienas likme \u0161iem transportl\u012bdzek\u013ciem pl\u0101nota 17 eiro apm\u0113r\u0101, ned\u0113\u013cas likme \u2013\u00a043 eiro apm\u0113r\u0101, m\u0113ne\u0161a likme \u2013\u00a087 eiro, bet gada likme \u2013\u00a0870 eiro.<\/p>\n<p>Vienlaikus transportl\u012bdzek\u013ciem un to sast\u0101viem ar pilnu masu no 3,001 tonnas l\u012bdz 3,5 tonn\u0101m, ja transportl\u012bdzek\u013ca motora izme\u0161u l\u012bmenis ir &#8220;Euro VI un maz\u0101k pies\u0101r\u0146ojo\u0161s&#8221;, l\u012bdz \u0161im dienas likme bija pieci eiro un\u00a0ned\u0113\u013cas likme \u2013\u00a012 eiro, bet turpm\u0101k dienas likme b\u016bs septi\u0146i eiro un\u00a0ned\u0113\u013cas likme \u2013\u00a018 eiro.<\/p>\n","protected":false},"excerpt":{"rendered":"\u012aSUM\u0100:\u00a0 Sv\u0113tdien zemnieki un uz\u0146\u0113m\u0113ji R\u012bg\u0101 protest\u0113ja pret autoce\u013cu lieto\u0161anas nodevas pieaugumu komercautoma\u0161\u012bn\u0101m. Nodevu no n\u0101kam\u0101 gada palielin\u0101s&hellip;\n","protected":false},"author":2,"featured_media":68855,"comment_status":"","ping_status":"","sticky":false,"template":"","format":"standard","meta":{"footnotes":""},"categories":[12],"tags":[23,28,29,32,33,22,30,31,35,39,38,36,37,34,40,20,26,27,24,25,21],"class_list":{"0":"post-68854","1":"post","2":"type-post","3":"status-publish","4":"format-standard","5":"has-post-thumbnail","7":"category-latvija","8":"tag-aktualitates","9":"tag-breaking-news","10":"tag-breakingnews","11":"tag-featured-news","12":"tag-featurednews","13":"tag-headlines","14":"tag-latest-news","15":"tag-latestnews","16":"tag-latvia","17":"tag-latvian","18":"tag-latviesu","19":"tag-latviesu-valoda","20":"tag-latviesuvaloda","21":"tag-latvija","22":"tag-lv","23":"tag-news","24":"tag-popularakas-zinas","25":"tag-popularakaszinas","26":"tag-top-stories","27":"tag-topstories","28":"tag-zinas"},"share_on_mastodon":{"url":"https:\/\/pubeurope.com\/@lv\/115683687565415754","error":""},"_links":{"self":[{"href":"https:\/\/www.europesays.com\/lv\/wp-json\/wp\/v2\/posts\/68854","targetHints":{"allow":["GET"]}}],"collection":[{"href":"https:\/\/www.europesays.com\/lv\/wp-json\/wp\/v2\/posts"}],"about":[{"href":"https:\/\/www.europesays.com\/lv\/wp-json\/wp\/v2\/types\/post"}],"author":[{"embeddable":true,"href":"https:\/\/www.europesays.com\/lv\/wp-json\/wp\/v2\/users\/2"}],"replies":[{"embeddable":true,"href":"https:\/\/www.europesays.com\/lv\/wp-json\/wp\/v2\/comments?post=68854"}],"version-history":[{"count":0,"href":"https:\/\/www.europesays.com\/lv\/wp-json\/wp\/v2\/posts\/68854\/revisions"}],"wp:featuredmedia":[{"embeddable":true,"href":"https:\/\/www.europesays.com\/lv\/wp-json\/wp\/v2\/media\/68855"}],"wp:attachment":[{"href":"https:\/\/www.europesays.com\/lv\/wp-json\/wp\/v2\/media?parent=68854"}],"wp:term":[{"taxonomy":"category","embeddable":true,"href":"https:\/\/www.europesays.com\/lv\/wp-json\/wp\/v2\/categories?post=68854"},{"taxonomy":"post_tag","embeddable":true,"href":"https:\/\/www.europesays.com\/lv\/wp-json\/wp\/v2\/tags?post=68854"}],"curies":[{"name":"wp","href":"https:\/\/api.w.org\/{rel}","templated":true}]}}