{"id":68856,"date":"2025-12-08T11:22:08","date_gmt":"2025-12-08T11:22:08","guid":{"rendered":"https:\/\/www.europesays.com\/lv\/68856\/"},"modified":"2025-12-08T11:22:08","modified_gmt":"2025-12-08T11:22:08","slug":"pieciem-aktivistiem-pasniegtas-goda-zimes-gada-brivpratigais","status":"publish","type":"post","link":"https:\/\/www.europesays.com\/lv\/68856\/","title":{"rendered":"Pieciem akt\u012bvistiem pasniegtas goda z\u012bmes &#8220;Gada br\u012bvpr\u0101t\u012bgais&#8221;"},"content":{"rendered":"<p>Nomin\u0101cij\u0101 &#8220;Gada br\u012bvpr\u0101t\u012bg\u0101 darba organiz\u0113t\u0101js&#8221; goda z\u012bmi sa\u0146\u0113ma nodibin\u0101jums &#8220;Caritas Latvija&#8221;, kas \u012bsteno br\u012bvpr\u0101t\u012bgo darbu mazaizsarg\u0101to atbalstam, nodro\u0161inot gan kvalitat\u012bvu br\u012bvpr\u0101t\u012bgo sagatavo\u0161anu, gan past\u0101v\u012bgu atbalstu iesaist\u012btaj\u0101m person\u0101m.<\/p>\n<p>T\u0101pat \u0161aj\u0101 nomin\u0101cij\u0101 apbalvots ar\u012b nodibin\u0101jums &#8220;Liep\u0101ja 2027&#8221;, kas, gatavojoties Liep\u0101jas k\u013c\u016b\u0161anai par Eiropas kult\u016bras galvaspils\u0113tu 2027. gad\u0101, s\u0101cis kult\u016bras notikumu veido\u0161anu un atbalst\u012b\u0161anu.<\/p>\n<p>Savuk\u0101rt nomin\u0101cij\u0101 &#8220;Gada br\u012bvpr\u0101t\u012bg\u0101 darba koordinators&#8221; goda z\u012bmi sa\u0146\u0113ma &#8220;Kluba M\u0101ja&#8221; valdes loceklis K\u0101rlis Gailums par to, ka vi\u0146\u0161 b\u016btiski veicin\u0101jis jaunie\u0161u l\u012bdzdal\u012bbu, ieguld\u012bjis darbu br\u012bvpr\u0101t\u012bgo pieredzes kvalit\u0101tes uzlabo\u0161an\u0101 un digit\u0101l\u0101 darba ar jaunatni att\u012bst\u012bb\u0101. \u0160ogad Gailums bijis ar\u012b br\u012bvpr\u0101t\u012bgo koordinators R\u012bgas maraton\u0101 un Skolu jaunatnes dziesmu un deju sv\u0113tkos.<\/p>\n<p>Nomin\u0101cij\u0101 &#8220;Gada notikums&#8221; apbalvojumu sa\u0146\u0113ma Eiropas v\u012brie\u0161u basketbola \u010dempion\u0101ta fin\u0101lturn\u012brs &#8220;FIBA Eurobasket2025&#8221;, jo, k\u0101 nor\u0101da apbalvojuma pie\u0161\u0137\u012br\u0113ji, \u0161o sacens\u012bbu norises augsto kvalit\u0101ti nevar\u0113tu sasniegt bez br\u012bvpr\u0101t\u012bgo iesaistes.<\/p>\n<p>Savuk\u0101rt br\u012bvpr\u0101t\u012bg\u0101 darba konsultat\u012bv\u0101s padomes balvu sa\u0146\u0113ma biedr\u012bba &#8220;Daudzb\u0113rnu ozoli&#8221;, kura, piesaistot br\u012bvpr\u0101t\u012bgos un ziedojumus, piln\u012bb\u0101 renov\u0113jusi Latvijas B\u0113rnu dzirdes centra Audiolo\u0123isk\u0101s rehabilit\u0101cijas noda\u013cas telpas un sag\u0101d\u0101jusi nepiecie\u0161amo tehnisko apr\u012bkojumu.<\/p>\n<p>Br\u012bvpr\u0101t\u012bgo godin\u0101\u0161anas m\u0113r\u0137is ir pateikties tiem Latvijas iedz\u012bvot\u0101jiem un organiz\u0101cij\u0101m, kas savu laiku ziedo br\u012bvpr\u0101t\u012bgajam darbam sabiedr\u012bbas lab\u0101, k\u0101 ar\u012b veicin\u0101t iedz\u012bvot\u0101ju un organiz\u0101ciju interesi un iesaisti br\u012bvpr\u0101t\u012bgaj\u0101 darb\u0101.<\/p>\n<p>Izvirz\u012bt pretendentus godin\u0101\u0161anai &#8220;Gada br\u012bvpr\u0101t\u012bgais 2025&#8221; var\u0113ja ikviens Latvijas iedz\u012bvot\u0101js, nevalstisk\u0101 organiz\u0101cija, valsts vai pa\u0161vald\u012bbu iest\u0101de. Br\u012bvpr\u0101t\u012bgo darba veic\u0113jus apbalvoja, v\u0113rt\u0113jot vi\u0146u darbu laika posm\u0101 no 2024. gada 22. novembra l\u012bdz 2025. gada 5. novembrim.<\/p>\n","protected":false},"excerpt":{"rendered":"Nomin\u0101cij\u0101 &#8220;Gada br\u012bvpr\u0101t\u012bg\u0101 darba organiz\u0113t\u0101js&#8221; goda z\u012bmi sa\u0146\u0113ma nodibin\u0101jums &#8220;Caritas Latvija&#8221;, kas \u012bsteno br\u012bvpr\u0101t\u012bgo darbu mazaizsarg\u0101to atbalstam, nodro\u0161inot&hellip;\n","protected":false},"author":2,"featured_media":68857,"comment_status":"","ping_status":"","sticky":false,"template":"","format":"standard","meta":{"footnotes":""},"categories":[5],"tags":[23,28,29,17647,11441,32,33,22,30,31,35,39,38,36,37,34,40,20,26,27,24,25,21],"class_list":{"0":"post-68856","1":"post","2":"type-post","3":"status-publish","4":"format-standard","5":"has-post-thumbnail","7":"category-aktualitates","8":"tag-aktualitates","9":"tag-breaking-news","10":"tag-breakingnews","11":"tag-brivpratigais-darbs","12":"tag-brivpratigie","13":"tag-featured-news","14":"tag-featurednews","15":"tag-headlines","16":"tag-latest-news","17":"tag-latestnews","18":"tag-latvia","19":"tag-latvian","20":"tag-latviesu","21":"tag-latviesu-valoda","22":"tag-latviesuvaloda","23":"tag-latvija","24":"tag-lv","25":"tag-news","26":"tag-popularakas-zinas","27":"tag-popularakaszinas","28":"tag-top-stories","29":"tag-topstories","30":"tag-zinas"},"share_on_mastodon":{"url":"https:\/\/pubeurope.com\/@lv\/115683691252157234","error":""},"_links":{"self":[{"href":"https:\/\/www.europesays.com\/lv\/wp-json\/wp\/v2\/posts\/68856","targetHints":{"allow":["GET"]}}],"collection":[{"href":"https:\/\/www.europesays.com\/lv\/wp-json\/wp\/v2\/posts"}],"about":[{"href":"https:\/\/www.europesays.com\/lv\/wp-json\/wp\/v2\/types\/post"}],"author":[{"embeddable":true,"href":"https:\/\/www.europesays.com\/lv\/wp-json\/wp\/v2\/users\/2"}],"replies":[{"embeddable":true,"href":"https:\/\/www.europesays.com\/lv\/wp-json\/wp\/v2\/comments?post=68856"}],"version-history":[{"count":0,"href":"https:\/\/www.europesays.com\/lv\/wp-json\/wp\/v2\/posts\/68856\/revisions"}],"wp:featuredmedia":[{"embeddable":true,"href":"https:\/\/www.europesays.com\/lv\/wp-json\/wp\/v2\/media\/68857"}],"wp:attachment":[{"href":"https:\/\/www.europesays.com\/lv\/wp-json\/wp\/v2\/media?parent=68856"}],"wp:term":[{"taxonomy":"category","embeddable":true,"href":"https:\/\/www.europesays.com\/lv\/wp-json\/wp\/v2\/categories?post=68856"},{"taxonomy":"post_tag","embeddable":true,"href":"https:\/\/www.europesays.com\/lv\/wp-json\/wp\/v2\/tags?post=68856"}],"curies":[{"name":"wp","href":"https:\/\/api.w.org\/{rel}","templated":true}]}}