{"id":68860,"date":"2025-12-08T11:27:08","date_gmt":"2025-12-08T11:27:08","guid":{"rendered":"https:\/\/www.europesays.com\/lv\/68860\/"},"modified":"2025-12-08T11:27:08","modified_gmt":"2025-12-08T11:27:08","slug":"80-ridzinieku-atzinigi-verte-galvaspilsetas-parku-un-pierigas-mezu-apsaimniekosanu","status":"publish","type":"post","link":"https:\/\/www.europesays.com\/lv\/68860\/","title":{"rendered":"80% r\u012bdzinieku atzin\u012bgi v\u0113rt\u0113 galvaspils\u0113tas parku un Pier\u012bgas me\u017eu apsaimnieko\u0161anu"},"content":{"rendered":"<p>SIA \u201cR\u012bgas me\u017ei\u201d ikgad\u0113j\u0101s sabiedrisk\u0101s domas aptaujas, kas tika veikta 2025. gada ruden\u012b, rezult\u0101ti atkl\u0101j, ka liel\u0101k\u0101 da\u013ca R\u012bgas iedz\u012bvot\u0101ju augstu nov\u0113rt\u0113 galvaspils\u0113tas parku un Pier\u012bgas me\u017eu apsaimnieko\u0161anas kvalit\u0101ti. Vair\u0101k nek\u0101 80% respondentu ir apmierin\u0101ti ar to, k\u0101 tiek uztur\u0113ta pils\u0113tas za\u013c\u0101 infrastrukt\u016bra, kas apliecina sabiedr\u012bbas uztic\u012bbu \u201cR\u012bgas me\u017eu\u201d darbam ikdien\u0101 un izv\u0113l\u0113tajam za\u013co teritoriju att\u012bst\u012bbas virzienam.<\/p>\n<p>Iedz\u012bvot\u0101ji \u012bpa\u0161i izce\u013c parku un me\u017eu vizu\u0101lo sakopt\u012bbu, dabas v\u0113rt\u012bbu saglab\u0101\u0161anu un labiek\u0101rtojumu. Visaugst\u0101k nov\u0113rt\u0113ts kop\u0113jais ainavas izskats un dabisk\u0101s vides saglab\u0101\u0161ana \u2013 ar \u0161iem aspektiem apmierin\u0101ti attiec\u012bgi 77% un 75% aptauj\u0101to. T\u0101pat augstu v\u0113rt\u0113ta parku apst\u0101d\u012bjumu kvalit\u0101te, t\u012br\u012bba un k\u0101rt\u012bba. Pozit\u012bvi v\u0113rt\u0113ti ar\u012b labiek\u0101rtotie z\u0101lieni, st\u0101d\u012bjumi un sak\u0101rtot\u0101s dabas takas Pier\u012bgas me\u017eos, kas veido vienotu dabas telpu akt\u012bvai un mierpilnai atp\u016btai.<\/p>\n<p>\u201cR\u012bgas me\u017ei\u201d valdes priek\u0161s\u0113d\u0113t\u0101ja Anita Skudra nor\u0101da: \u201cIedz\u012bvot\u0101ju uztic\u012bba mums ir noz\u012bm\u012bgs pamats ikdienas darbam. Aptaujas rezult\u0101ti apliecina, ka dabisk\u0101s vides kvalit\u0101te un pieejam\u012bba ir galven\u0101 v\u0113rt\u012bba, kas piesaista apmekl\u0113t\u0101jus galvaspils\u0113tas za\u013caj\u0101s teritorij\u0101s. Iepriecina tas, ka iedz\u012bvot\u0101ji sniedz priek\u0161likumus teritoriju \u00a0apsaimnieko\u0161anas uzlabo\u0161anai. M\u0113s \u0146emam v\u0113r\u0101 katru ieteikumu un soli pa solim virz\u0101mies uz to, lai za\u013c\u0101s zonas k\u013c\u016btu par ikvienam pieejamu, dro\u0161u un iedvesmojo\u0161u atp\u016btas un sp\u0113ka vietu pils\u0113t\u0101.\u201d<\/p>\n<p>Augsts v\u0113rt\u0113jums biolo\u0123isk\u0101s daudzveid\u012bbas saglab\u0101\u0161anai \u00a0un ilgtsp\u0113j\u012bgai teritoriju apsaimnieko\u0161anai<\/p>\n<p>Sabiedr\u012bba izprot un pozit\u012bvi v\u0113rt\u0113 biolo\u0123isk\u0101s daudzveid\u012bbas saglab\u0101\u0161anu pils\u0113tvid\u0113. Vair\u0101k nek\u0101 puse r\u012bdzinieku atbalsta dabisku apst\u0101d\u012bjumu veido\u0161anu R\u012bg\u0101, piem\u0113ram, savva\u013cas augu iek\u013cau\u0161anu apst\u0101d\u012bjumos un pu\u0137u p\u013cavu papla\u0161in\u0101\u0161anu. \u0160ogad dabisko p\u013cavu plat\u012bba pieaugusi l\u012bdz 9 hekt\u0101riem, kas apliecina virz\u012bbu uz dabai draudz\u012bg\u0101ku pils\u0113tvidi.<\/p>\n<p>Aptauj\u0101tie augstu v\u0113rt\u0113 ar\u012b ilgtsp\u0113j\u012bgus risin\u0101jumus, piem\u0113ram, ziemcie\u0161u dobju papla\u0161in\u0101\u0161anu un pa\u0161u veidota komposta izmanto\u0161anu parkos. Respondenti uzsver nepiecie\u0161am\u012bbu att\u012bst\u012bt vair\u0101k \u0113nainu za\u013co zonu, lai mazin\u0101tu pils\u0113tvides karstuma efektus, kas piln\u012bb\u0101 saskan ar ES vides iniciat\u012bvu \u2013 tostarp Biolo\u0123isk\u0101s daudzveid\u012bbas strat\u0113\u0123ijas un Dabas atjauno\u0161anas regulas \u2013 m\u0113r\u0137iem.<\/p>\n<p>Sabiedr\u012bb\u0101 arvien nostiprin\u0101s izpratne par ilgtsp\u0113j\u012bgu me\u017eu apsaimnieko\u0161anu. 62% me\u017eu apmekl\u0113t\u0101ju atbalsta l\u0113n\u0101ku, dabai saudz\u012bg\u0101ku me\u017eizstr\u0101des praksi, kas jau tiek \u012bstenota, piem\u0113ram, kult\u016bras un atp\u016btas park\u0101 \u201cMe\u017eaparks\u201d un pie Za\u0137u mui\u017eas Juglas me\u017eniec\u012bb\u0101. Tas apliecina, ka iedz\u012bvot\u0101ji nov\u0113rt\u0113 l\u012bdzsvarotu pieeju, kur me\u017es tiek gan kopts, gan vienlaikus saglab\u0101tas dabas v\u0113rt\u012bbas.<\/p>\n<p>Lai gan iedz\u012bvot\u0101ji nov\u0113rt\u0113 parku vizu\u0101lo sakopt\u012bbu, vi\u0146i vienlaikus uzsver nepiecie\u0161am\u012bbu uzlabot dro\u0161\u012bbas aspektus, \u012bpa\u0161i diennakts tum\u0161aj\u0101 laik\u0101. Cilv\u0113ki no pa\u0161vald\u012bbas parkos v\u0113las efekt\u012bv\u0101ku apgaismojumu un regul\u0101ru uzraudz\u012bbu, \u012bpa\u0161i \u00a0vakaros un nakt\u012bs.<\/p>\n<p>Est\u0113tika un k\u0101rt\u012bba joproj\u0101m ir b\u016btiskas v\u0113rt\u012bbas, un to apliecina fakts, ka 39% respondentu, pamanot vand\u0101lismu, izv\u0113las aizr\u0101d\u012bt p\u0101rk\u0101p\u0113jiem. Vienlaikus \u201cR\u012bgas me\u017ei\u201d un pa\u0161vald\u012bbas dienesti aicina sabiedr\u012bbu akt\u012bv\u0101k zi\u0146ot atbild\u012bgaj\u0101m iest\u0101d\u0113m, lai p\u0101rk\u0101pumus iesp\u0113jams nov\u0113rst p\u0113c iesp\u0113jas \u0101tr\u0101k un efekt\u012bv\u0101k.<\/p>\n<p>Iedz\u012bvot\u0101ji \u2013 akt\u012bvi l\u012bdzdal\u012bbnieki za\u013c\u0101s vides att\u012bst\u012bb\u0101<\/p>\n<p>Aptauja apstiprina, ka r\u012bdzinieki v\u0113las iesaist\u012bties pils\u0113tas za\u013co teritoriju p\u0101rvald\u012bb\u0101. Vair\u0101k nek\u0101 puse (58%) aptauj\u0101to b\u016btu gatavi piedal\u012bties sabiedriskaj\u0101s apspried\u0113s par me\u017eu apsaimnieko\u0161anu. T\u0101das \u201cR\u012bgas me\u017ei\u201d pirms me\u017eizstr\u0101des uzs\u0101k\u0161anas organiz\u0113jis Me\u017eaparka, Me\u017e\u0101res, Ziepniekkalna un citu apkaimju un pa\u0161vald\u012bbu iedz\u012bvot\u0101jiem. Cilv\u0113ki v\u0113las sa\u0146emt vair\u0101k inform\u0101cijas un paust viedokli par sava me\u017ea un savas apk\u0101rtnes att\u012bst\u012bbu, kas signaliz\u0113 par sabiedr\u012bbas augo\u0161o pilsonisko aktivit\u0101ti.<\/p>\n<p>Atzin\u012bba me\u017eu infrastrukt\u016bras uzlabo\u0161anai un pieejam\u012bbai<\/p>\n<p>Lai ar\u012b me\u017eu uztur\u0113\u0161ana tiek kopum\u0101 v\u0113rt\u0113ta pozit\u012bvi, aptauja izgaismo jomas, kur\u0101s sabiedr\u012bba sagaida t\u0101l\u0101ku att\u012bst\u012bbu. Neskatoties uz uz\u0146\u0113muma \u012bstenotaj\u0101m informat\u012bvaj\u0101m kampa\u0146\u0101m pret me\u017eu izbrauk\u0101\u0161anu un pies\u0101r\u0146o\u0161anu, iedz\u012bvot\u0101ji uzsver nepiecie\u0161am\u012bbu \u0161\u012bs aktivit\u0101tes padar\u012bt v\u0113l m\u0113r\u0137tiec\u012bg\u0101kas un pla\u0161\u0101kas.<\/p>\n<p>Vienlaikus 70% respondentu ir apmierin\u0101ti ar dabas taku, rekre\u0101cijas objektu un nor\u0101\u017eu esam\u012bbu. \u012apa\u0161i augstu iedz\u012bvot\u0101ji nov\u0113rt\u0113 Pieejam\u012bbas taku izveidi \u0160mer\u013ca, Juglas un Bi\u0137ernieku me\u017eos. K\u0101 apliecin\u0101jums kvalitat\u012bvajam darbam \u201cR\u012bgas me\u017ei\u201d \u0161ogad sa\u0146\u0113ma dabas pieejam\u012bbas sertifik\u0101tu &#8211; \u201cNaaC\u201d karogu no apvien\u012bbas \u201cApeirons\u201d, kas simboliz\u0113 veiksm\u012bgu l\u012bdzsvaru starp vides pieejam\u012bbu un dabas v\u0113rt\u012bbu saglab\u0101\u0161anu.<\/p>\n<p>SIA \u201cR\u012bgas me\u017ei\u201d veic iedz\u012bvot\u0101ju aptaujas katru gadu, lai nep\u0101rtraukti uzklaus\u012btu sabiedr\u012bbas viedokli un izmantotu to par pamatu parku un me\u017eu apsaimnieko\u0161anas uzlabo\u0161anai galvaspils\u0113t\u0101.<\/p>\n<p>Par SIA \u201cR\u012bgas me\u017ei\u201d<\/p>\n<p>\u201cR\u012bgas me\u017ei\u201d ir 2008. gad\u0101 dibin\u0101ts pa\u0161vald\u012bbas uz\u0146\u0113mums. Tas r\u016bp\u0113jas par apm. 63 t\u016bkst. ha me\u017eiem, 453 ha R\u012bgas parkiem un apst\u0101d\u012bjumiem, k\u0101 ar\u012b par 367 ha kult\u016bras un atp\u016btas parku \u201cMe\u017eaparks\u201d un par \u0161o teritoriju ilgtsp\u0113j\u012bgu att\u012bst\u012bbu, biolo\u0123isko daudzveid\u012bbu un pieejam\u012bbu sabiedr\u012bbai.<\/p>\n<p>Uz\u0146\u0113mum\u0101 ir Juglas, Katr\u012bnas, R\u012bgas un T\u012bre\u013cu me\u017eniec\u012bbas, k\u0101 ar\u012b kokaudz\u0113tava \u201cNorupe\u201d. Uz\u0146\u0113mumam ir vides izgl\u012bt\u012bbas centrs un programma \u201cEkVidO\u201d jeb \u201cEKOLO\u0122IJA. VIDE. GAISS\u201d.<\/p>\n<p>Uz\u0146\u0113muma objekti un teritorijas atrodas R\u012bgas un J\u016brmalas pils\u0113tu, k\u0101 ar\u012b \u0100da\u017eu, \u0136ekavas, Limba\u017eu, M\u0101rupes, Ogres, Olaines, Ropa\u017eu, Salaspils un Siguldas novadu teritorij\u0101s.<\/p>\n<p>\u201cR\u012bgas me\u017ei\u201d iev\u0113ro labas korporat\u012bv\u0101s p\u0101rvald\u012bbas principus. Uz\u0146\u0113mums ieguvis starptautiskus sertifik\u0101tus, kas apliecina videi draudz\u012bgu, ekonomiski pamatotu, soci\u0101li atbild\u012bgu un ilgtsp\u0113j\u012bgu me\u017ea apsaimnieko\u0161anu. \u201cR\u012bgas me\u017ei\u201d nupat ir sa\u0146\u0113mu\u0161i apliecin\u0101jumu &#8211; \u201c\u0122imenei draudz\u012bga darbavieta\u201d un zelta statusu nov\u0113rt\u0113jumu \u201cDa\u017e\u0101d\u012bb\u0101 ir sp\u0113ks\u201d.<\/p>\n","protected":false},"excerpt":{"rendered":"SIA \u201cR\u012bgas me\u017ei\u201d ikgad\u0113j\u0101s sabiedrisk\u0101s domas aptaujas, kas tika veikta 2025. gada ruden\u012b, rezult\u0101ti atkl\u0101j, ka liel\u0101k\u0101 da\u013ca&hellip;\n","protected":false},"author":2,"featured_media":68861,"comment_status":"","ping_status":"","sticky":false,"template":"","format":"standard","meta":{"footnotes":""},"categories":[12],"tags":[23,28,29,32,33,22,30,31,35,39,38,36,37,34,40,20,26,27,24,25,21],"class_list":{"0":"post-68860","1":"post","2":"type-post","3":"status-publish","4":"format-standard","5":"has-post-thumbnail","7":"category-latvija","8":"tag-aktualitates","9":"tag-breaking-news","10":"tag-breakingnews","11":"tag-featured-news","12":"tag-featurednews","13":"tag-headlines","14":"tag-latest-news","15":"tag-latestnews","16":"tag-latvia","17":"tag-latvian","18":"tag-latviesu","19":"tag-latviesu-valoda","20":"tag-latviesuvaloda","21":"tag-latvija","22":"tag-lv","23":"tag-news","24":"tag-popularakas-zinas","25":"tag-popularakaszinas","26":"tag-top-stories","27":"tag-topstories","28":"tag-zinas"},"share_on_mastodon":{"url":"https:\/\/pubeurope.com\/@lv\/115683711500093453","error":""},"_links":{"self":[{"href":"https:\/\/www.europesays.com\/lv\/wp-json\/wp\/v2\/posts\/68860","targetHints":{"allow":["GET"]}}],"collection":[{"href":"https:\/\/www.europesays.com\/lv\/wp-json\/wp\/v2\/posts"}],"about":[{"href":"https:\/\/www.europesays.com\/lv\/wp-json\/wp\/v2\/types\/post"}],"author":[{"embeddable":true,"href":"https:\/\/www.europesays.com\/lv\/wp-json\/wp\/v2\/users\/2"}],"replies":[{"embeddable":true,"href":"https:\/\/www.europesays.com\/lv\/wp-json\/wp\/v2\/comments?post=68860"}],"version-history":[{"count":0,"href":"https:\/\/www.europesays.com\/lv\/wp-json\/wp\/v2\/posts\/68860\/revisions"}],"wp:featuredmedia":[{"embeddable":true,"href":"https:\/\/www.europesays.com\/lv\/wp-json\/wp\/v2\/media\/68861"}],"wp:attachment":[{"href":"https:\/\/www.europesays.com\/lv\/wp-json\/wp\/v2\/media?parent=68860"}],"wp:term":[{"taxonomy":"category","embeddable":true,"href":"https:\/\/www.europesays.com\/lv\/wp-json\/wp\/v2\/categories?post=68860"},{"taxonomy":"post_tag","embeddable":true,"href":"https:\/\/www.europesays.com\/lv\/wp-json\/wp\/v2\/tags?post=68860"}],"curies":[{"name":"wp","href":"https:\/\/api.w.org\/{rel}","templated":true}]}}