{"id":68862,"date":"2025-12-08T11:28:08","date_gmt":"2025-12-08T11:28:08","guid":{"rendered":"https:\/\/www.europesays.com\/lv\/68862\/"},"modified":"2025-12-08T11:28:08","modified_gmt":"2025-12-08T11:28:08","slug":"darbam-seplp-virza-petnieku-andri-sauliti-raksts","status":"publish","type":"post","link":"https:\/\/www.europesays.com\/lv\/68862\/","title":{"rendered":"Darbam SEPLP virza p\u0113tnieku Andri Saul\u012bti \/ Raksts"},"content":{"rendered":"<p>Nevalstisko organiz\u0101ciju un Ministru kabineta\u00a0sadarb\u012bbas memoranda\u00a0\u012bsteno\u0161anas\u00a0padome pirmdien nol\u0113ma Sabiedrisko elektronisko pla\u0161sazi\u0146as l\u012bdzek\u013cu padom\u0113 (SEPLP) virz\u012bt Andri Saul\u012bti. Vi\u0146\u0161\u00a0ir vado\u0161ais p\u0113tnieks Latvijas Universit\u0101tes Filozofijas un sociolo\u0123ijas instit\u016bt\u0101.\u00a0<\/p>\n<p>Par Saul\u012bti nobalsoja 15 memoranda padomes locek\u013ci. Saeima par Saul\u012b\u0161a kandidat\u016bru var\u0113tu balsot v\u0113l \u0161ogad.\u00a0<\/p>\n<p>Saul\u012btis bija ieguvis otro augst\u0101ko punktu skaitu memoranda padomes izsludin\u0101taj\u0101 otraj\u0101 konkurs\u0101, kur\u0101 uzvar\u0113ja Saeimas noraid\u012btais biju\u0161ais SEPLP vad\u012bt\u0101js\u00a0J\u0101nis Siksnis.\u00a0\u00a0<\/p>\n<p>Memoranda padomes vad\u012bt\u0101ja vietnieks,\u00a0otr\u0101 SEPLP kandid\u0101tu konkursa vad\u012bt\u0101js Georgs Rubenis inform\u0113ja, ka pag\u0101ju\u0161aj\u0101 ned\u0113\u013c\u0101 san\u0101ku\u0161ie otr\u0101 konkursa komisijas dal\u012bbnieki atzina, ka padomes tre\u0161\u0101 locek\u013ca iecel\u0161ana ir steidzams jaut\u0101jums, ko nevar risin\u0101t ar jauna konkursa izsludin\u0101\u0161anu vai likuma groz\u012b\u0161anu, lai main\u012btu SEPLP iecel\u0161anas k\u0101rt\u012bbu.\u00a0<\/p>\n<p style=\"margin-left:0cm; margin-right:0cm\">&#8220;Likuma izmai\u0146as steidzam\u012bbas k\u0101rt\u0101 nav atbalst\u0101mas, jo pirms tam nepiecie\u0161amas pla\u0161as diskusijas, iesaistot medijus, sabiedr\u012bbu, akad\u0113miskos un citus p\u0101rst\u0101vjus,&#8221; nor\u0101d\u012bja Rubenis, piebilstot, ka straujas likuma izmai\u0146as neatbilstu ar\u012b labai p\u0101rvald\u012bbai.\u00a0\u00a0<\/p>\n<blockquote>\n<p style=\"margin-left:0cm; margin-right:0cm\">T\u0101d\u0113\u013c \u0161ajos apst\u0101k\u013cos vien\u012bg\u0101 iesp\u0113ja\u00a0ir virz\u012bt kandid\u0101tu, kur\u0161 jau ir piedal\u012bjies konkurs\u0101 un\u00a0atbilst likuma pras\u012bb\u0101m, uzskata konkursa komisijas locek\u013ci.\u00a0<\/p>\n<\/blockquote>\n<p style=\"margin-left:0cm; margin-right:0cm\">Rubenis akcent\u0113ja, ka gan pirmaj\u0101, gan otraj\u0101 konkurs\u0101 pieteic\u0101s ap 10 kandid\u0101tu, un ir risks, ka, izsludinot tre\u0161o konkursu, pretendentu motiv\u0101ciju taj\u0101 start\u0113t var\u0113tu ietekm\u0113t iepriek\u0161\u0113jo pretendentu noraid\u012b\u0161ana. Ja b\u016btu v\u0113l viens konkurss, SEPLP turpin\u0101tu ilgsto\u0161i str\u0101d\u0101t nepiln\u0101 sast\u0101v\u0101 un taj\u0101 neb\u016btu p\u0101rst\u0101v\u0113ts pilsonisk\u0101s sabiedr\u012bbas p\u0101rst\u0101vis.\u00a0<\/p>\n<p style=\"margin-left:0cm; margin-right:0cm\">Saul\u012btis, prezent\u0113jot redz\u0113jumu par Latvijas Sabiedrisk\u0101 medija un SEPLP att\u012bst\u012bbu, atzina, ka ir pret SEPLP sast\u0101va samazin\u0101\u0161anu, tas dr\u012bz\u0101k j\u0101papla\u0161ina. T\u0101pat j\u0101dom\u0101, k\u0101 stiprin\u0101t LSM, lai neb\u016btu iesp\u0113jams t\u0101ds <a href=\"https:\/\/www.lsm.lv\/raksts\/zinas\/arzemes\/02.12.2025-lsm-skaidro-ka-lietuva-rosinatas-izmainas-lrt-darbiba-ietekmes-sabiedriska-medija-nakotni.a624727\/?utm_source=lsm&amp;utm_medium=article-body&amp;utm_campaign=admin\" class=\"lsm-link\" data-type=\"article\" data-id=\"624727\" rel=\"nofollow noopener\" target=\"_blank\">scen\u0101rijs<\/a>, k\u0101ds pa\u0161laik ir Lietuv\u0101.\u00a0<\/p>\n<blockquote>\n<p style=\"margin-left:0cm; margin-right:0cm\">P\u0113c Saul\u012b\u0161a dom\u0101m, LSM j\u0101stiprina maz\u0101kumtaut\u012bb\u0101m, senioriem un jaunie\u0161iem atbilsto\u0161s un daudzveid\u012bgs saturs. &#8220;J\u0101run\u0101 vair\u0101k ar iedz\u012bvot\u0101jiem \u0101rpus satura veido\u0161anas,&#8221; sac\u012bja Saul\u012btis.\u00a0<\/p>\n<\/blockquote>\n<p style=\"margin-left:0cm; margin-right:0cm\">Saul\u012btis R\u012bgas Stradi\u0146a universit\u0101t\u0113 un Jaun\u0101s skolas universit\u0101t\u0113 ASV ieguvis ma\u0123istra gr\u0101du antropolo\u0123ij\u0101, bet Eiropas Universit\u0101tes instit\u016bt\u0101 It\u0101lij\u0101 \u2013 doktora gr\u0101du ar disert\u0101ciju &#8220;Vai virz\u012bt\u0101ji sp\u0113j pavirz\u012bt par\u0101dnieku? \u010cetri lauka eksperimenti ar\u00a0maks\u0101juma atg\u0101din\u0101jumiem&#8221;.\u00a0<\/p>\n<p style=\"margin-left:0cm; margin-right:0cm\">Memoranda padomes vad\u012bt\u0101ja vietnieks\u00a0Rubenis uzsv\u0113ra Saul\u012b\u0161a akad\u0113misko un darba\u00a0pieredzi, veicot virkni p\u0113t\u012bjumu un da\u017e\u0101d\u0101s lom\u0101s darbojoties medijos. T\u0101pat augsti v\u0113rt\u0113jamas Saul\u012b\u0161a zin\u0101\u0161anas inform\u0101ciju tehnolo\u0123iju jom\u0101, \u012bpa\u0161i m\u0101ksl\u012bg\u0101 intelekta jom\u0101.\u00a0<\/p>\n<p style=\"margin-left:0cm; margin-right:0cm\">Saul\u012btis str\u0101d\u0101jis k\u0101 Latvijas Radio zi\u0146u korespondents, bijis Latvijas Telev\u012bzijas raid\u012bjuma &#8220;Kas notiek Latvij\u0101?&#8221; un port\u0101la &#8220;Diena.lv&#8221; redaktors. Saul\u012btis str\u0101d\u0101jis ar\u012b k\u0101\u00a0Latvijas Telev\u012bzijas satura redaktors.<\/p>\n<p>KONTEKSTS:<\/p>\n<p>SEPLP kop\u0161 augusta str\u0101d\u0101 divu cilv\u0113ku sast\u0101v\u0101, jo Saeima jau divas reizes noraid\u012bjusi Nevalstisko organiz\u0101ciju un Ministru kabineta sadarb\u012bbas memoranda padomes\u00a0virz\u012btos kandid\u0101tus \u2013 vispirms <a href=\"https:\/\/www.lsm.lv\/raksts\/zinas\/latvija\/19.06.2025-sabiedrisko-mediju-padome-apstiprina-tikai-klapkalni-un-upleju-jegermani-beltes-kandidaturu-noraida.a603471\/\" class=\"lsm-link\" data-type=\"article\" data-id=\"603471\" rel=\"nofollow noopener\" target=\"_blank\">neatbalst\u012bja <\/a>biju\u0161o Latvijas Telev\u012bzijas vad\u012bt\u0101ju\u00a0Ivaru Belti, bet <a href=\"https:\/\/www.lsm.lv\/raksts\/zinas\/latvija\/13.11.2025-saeima-noraida-siksna-kandidaturu-uz-sabiedrisko-elektronisko-plassazinas-lidzeklu-padomi.a622224\/\" class=\"lsm-link\" data-type=\"article\" data-id=\"622224\" rel=\"nofollow noopener\" target=\"_blank\">v\u0113l\u0101k <\/a>\u2013 biju\u0161o SEPLP vad\u012bt\u0101ju\u00a0J\u0101ni Siksni, kur\u0161 bija ieguvis visvair\u0101k punktu ar\u012b pirmaj\u0101 <a href=\"https:\/\/www.lsm.lv\/raksts\/zinas\/latvija\/15.10.2025-vakantajam-seplp-locekla-amatam-virza-jani-siksni.a618447\/\" class=\"lsm-link\" data-type=\"article\" data-id=\"618447\" rel=\"nofollow noopener\" target=\"_blank\">konkurs\u0101<\/a>, bet toreiz memoranda padome nol\u0113ma virz\u012bt Belti.<\/p>\n<p><a href=\"https:\/\/www.lsm.lv\/raksts\/zinas\/latvija\/02.12.2025-mediju-etikas-padome-nepiedalisies-seplp-kandidatu-atlase-lidz-procesa-sakartosanai-saeima-vel-sogad-cer-apstiprinat-treso-uzraugu.a624628\/\" class=\"lsm-link\" data-type=\"article\" data-id=\"624628\" rel=\"nofollow noopener\" target=\"_blank\">Dien\u0101<\/a>, kad Saeimas atbild\u012bg\u0101 komisija nol\u0113ma uzlabot sadarb\u012bbu ar memoranda padomi un pauda ap\u0146\u0113m\u012bbu v\u0113l \u0161ogad pie tre\u0161\u0101 cilv\u0113ka SEPLP tom\u0113r tikt, Mediju \u0113tikas padome pazi\u0146oja, ka izst\u0101sies no \u0161\u012b procesa, kam\u0113r tas netiks uzlabots.\u00a0T\u0101pat organiz\u0101cija\u00a0<a href=\"https:\/\/www.lsm.lv\/raksts\/zinas\/latvija\/02.12.2025-mediju-etikas-padome-nepiedalisies-seplp-kandidatu-atlase-lidz-procesa-sakartosanai-saeima-vel-sogad-cer-apstiprinat-treso-uzraugu.a624628\/\" class=\"lsm-link\" data-type=\"article\" data-id=\"624628\" rel=\"nofollow noopener\" target=\"_blank\">uzskata<\/a>, ka\u00a0SEPLP kandid\u0101tu izv\u0113le j\u0101uztic memoranda padomei vai instit\u016bcijai, kas maz\u0101k pak\u013cauta politiskajai ietekmei.<\/p>\n<p>SEPLP pa\u0161laik darbojas Valsts prezidenta kancelejas virz\u012bt\u0101 Sanita Upleja-J\u0113germane, kura ir ar\u012b padomes vad\u012bt\u0101ja, k\u0101 ar\u012b Saeimas virz\u012bt\u0101 kandid\u0101te, k\u0101dreiz\u0113j\u0101 Latvijas Radio \u0123ener\u0101ldirektore Una Klapkalne.\u00a0Abas amat\u0101 <a href=\"https:\/\/www.lsm.lv\/raksts\/zinas\/latvija\/19.06.2025-sabiedrisko-mediju-padome-apstiprina-tikai-klapkalni-un-upleju-jegermani-beltes-kandidaturu-noraida.a603471\/\" class=\"lsm-link\" data-type=\"article\" data-id=\"603471\" rel=\"nofollow noopener\" target=\"_blank\">iev\u0113l\u0113tas<\/a>\u00a0uz \u010detriem gadiem.\u00a0<\/p>\n<p>                    Valodas k\u013c\u016bda rakst\u0101?<\/p>\n<p class=\"d-none d-md-block\">Iez\u012bm\u0113jiet tekstu un spiediet Ctrl+Enter, lai nos\u016bt\u012btu labojamo teksta fragmentu redaktoram! Par faktu k\u013c\u016bd\u0101m l\u016bdzam zi\u0146ot e-past\u0101 <a href=\"https:\/\/www.lsm.lv\/cdn-cgi\/l\/email-protection\" class=\"__cf_email__\" data-cfemail=\"324057565359515b5853725e415f1c5e44\" rel=\"nofollow noopener\" target=\"_blank\">[email\u00a0protected]<\/a>.<\/p>\n<p class=\"d-md-none\">Iez\u012bm\u0113jiet tekstu un spiediet uz Zi\u0146ot par k\u013c\u016bdu pogas, lai nos\u016bt\u012btu labojamo teksta fragmentu redaktoram!<\/p>\n<p>\n                    Zi\u0146ot par k\u013c\u016bdu\n                <\/p>\n","protected":false},"excerpt":{"rendered":"Nevalstisko organiz\u0101ciju un Ministru kabineta\u00a0sadarb\u012bbas memoranda\u00a0\u012bsteno\u0161anas\u00a0padome pirmdien nol\u0113ma Sabiedrisko elektronisko pla\u0161sazi\u0146as l\u012bdzek\u013cu padom\u0113 (SEPLP) virz\u012bt Andri Saul\u012bti. Vi\u0146\u0161\u00a0ir&hellip;\n","protected":false},"author":2,"featured_media":68863,"comment_status":"","ping_status":"","sticky":false,"template":"","format":"standard","meta":{"footnotes":""},"categories":[5],"tags":[23,28,29,32,33,22,30,31,35,39,38,36,37,34,40,20,26,27,24,25,21],"class_list":{"0":"post-68862","1":"post","2":"type-post","3":"status-publish","4":"format-standard","5":"has-post-thumbnail","7":"category-aktualitates","8":"tag-aktualitates","9":"tag-breaking-news","10":"tag-breakingnews","11":"tag-featured-news","12":"tag-featurednews","13":"tag-headlines","14":"tag-latest-news","15":"tag-latestnews","16":"tag-latvia","17":"tag-latvian","18":"tag-latviesu","19":"tag-latviesu-valoda","20":"tag-latviesuvaloda","21":"tag-latvija","22":"tag-lv","23":"tag-news","24":"tag-popularakas-zinas","25":"tag-popularakaszinas","26":"tag-top-stories","27":"tag-topstories","28":"tag-zinas"},"share_on_mastodon":{"url":"https:\/\/pubeurope.com\/@lv\/115683714876886789","error":""},"_links":{"self":[{"href":"https:\/\/www.europesays.com\/lv\/wp-json\/wp\/v2\/posts\/68862","targetHints":{"allow":["GET"]}}],"collection":[{"href":"https:\/\/www.europesays.com\/lv\/wp-json\/wp\/v2\/posts"}],"about":[{"href":"https:\/\/www.europesays.com\/lv\/wp-json\/wp\/v2\/types\/post"}],"author":[{"embeddable":true,"href":"https:\/\/www.europesays.com\/lv\/wp-json\/wp\/v2\/users\/2"}],"replies":[{"embeddable":true,"href":"https:\/\/www.europesays.com\/lv\/wp-json\/wp\/v2\/comments?post=68862"}],"version-history":[{"count":0,"href":"https:\/\/www.europesays.com\/lv\/wp-json\/wp\/v2\/posts\/68862\/revisions"}],"wp:featuredmedia":[{"embeddable":true,"href":"https:\/\/www.europesays.com\/lv\/wp-json\/wp\/v2\/media\/68863"}],"wp:attachment":[{"href":"https:\/\/www.europesays.com\/lv\/wp-json\/wp\/v2\/media?parent=68862"}],"wp:term":[{"taxonomy":"category","embeddable":true,"href":"https:\/\/www.europesays.com\/lv\/wp-json\/wp\/v2\/categories?post=68862"},{"taxonomy":"post_tag","embeddable":true,"href":"https:\/\/www.europesays.com\/lv\/wp-json\/wp\/v2\/tags?post=68862"}],"curies":[{"name":"wp","href":"https:\/\/api.w.org\/{rel}","templated":true}]}}