{"id":68878,"date":"2025-12-08T11:37:07","date_gmt":"2025-12-08T11:37:07","guid":{"rendered":"https:\/\/www.europesays.com\/lv\/68878\/"},"modified":"2025-12-08T11:37:07","modified_gmt":"2025-12-08T11:37:07","slug":"reklama-uz-ekrana-noveda-sievieti-lidz-hospitalizacijai-lente-lv","status":"publish","type":"post","link":"https:\/\/www.europesays.com\/lv\/68878\/","title":{"rendered":"rekl\u0101ma uz ekr\u0101na noveda sievieti l\u012bdz hospitaliz\u0101cijai\u00a0\u2014\u00a0Lente.lv"},"content":{"rendered":"<p>Nejau\u0161\u012bbas vai b\u012bstama tendence? Samsung ledusskapja rekl\u0101ma izrais\u012bjusi psihisku kr\u012bzi<\/p>\n<p>\u0160ok\u0113jo\u0161s gad\u012bjums Lielbrit\u0101nij\u0101, kur sievietei ar diagnozi \u0161izofr\u0113nija, n\u0101c\u0101s mekl\u0113t neatliekamo psihiatrisko pal\u012bdz\u012bbu p\u0113c tam, kad vi\u0146a uz vied\u0101 Samsung ledusskapja ekr\u0101na ieraudz\u012bja rekl\u0101mu. K\u0101 zi\u0146o viet\u0113jais Reddit lietot\u0101js, kura pazi\u0146ojums uz\u0146emts ar pla\u0161u rezonansi un k\u013cuvis par aktu\u0101lu diskusiju t\u0113mu, \u0161\u012b negaid\u012bt\u0101 saskarsme ar saturu rad\u012bjusi smagu psihisku reakciju.<\/p>\n<p>\u00abVi\u0146i run\u0101 ar mani!\u00bb \u2013 rekl\u0101mas saturs k\u0101 person\u012bgs v\u0113st\u012bjums<\/p>\n<p>Cietu\u0161\u0101s Kerolas \u0123imenes p\u0101rst\u0101vji pau\u017e satraukumu, skaidrojot, ka rekl\u0101mas zi\u0146ojums uz ledusskapja ekr\u0101na, kur\u0101 bija teikts: \u00abMums ir \u017e\u0113l, ka tevi sar\u016bgtin\u0101j\u0101m, Kerol,\u00bb izrais\u012bjis sievietes psihotisk\u0101 epizod\u0113. Vi\u0146a bija absol\u016bti p\u0101rliecin\u0101ta, ka \u0161is v\u0113st\u012bjums ir tie\u0161i vi\u0146ai adres\u0113ts, radot sp\u0113c\u012bgu paranojas saj\u016btu. \u0160\u012b p\u0101rliec\u012bba noveda pie t\u0101, ka Kerola patst\u0101v\u012bgi izsauca taksometru un dev\u0101s uz slimn\u012bcu, lai sa\u0146emtu ak\u016btu medic\u012bnisko apr\u016bpi.<\/p>\n<p>Atkl\u0101jas paties\u012bba: rekl\u0101mas izcelsme un tehnolo\u0123iju nepiln\u012bbas<\/p>\n<p>Apm\u0113ram p\u0113c vair\u0101k\u0101m dien\u0101m \u0123imene uzzin\u0101ja paties\u012bbu \u2013 min\u0113tais v\u0113st\u012bjums nebija person\u012bgs aizr\u0101d\u012bjums, bet gan da\u013ca no rekl\u0101mas kampa\u0146as jaunajam Apple TV+ \u0161ovam \u00abPluribus\u00bb. \u0160\u012b rekl\u0101ma autom\u0101tiski tika demonstr\u0113ta uz Samsung ledusskapja Family Hub ekr\u0101na. K\u0101 atz\u012bst radinieks, atrast internet\u0101 \u0161o rekl\u0101mu un atpaz\u012bt taj\u0101 tie\u0161i to pa\u0161u zi\u0146ojumu, ko redz\u0113jusi Kerola, bijis \u013coti satrauco\u0161i. Vi\u0146a apstiprin\u0101jusi, ka redz\u0113tais atbilst tie\u0161i tam tekstam, ko vi\u0146a uztv\u0113rusi.<\/p>\n<p>Kr\u012bzes c\u0113lo\u0146i: robe\u017ea starp \u0113rtumu un uzm\u0101k\u0161anos<\/p>\n<p>\u0160is incidents ir izvirz\u012bjis \u013coti svar\u012bgu jaut\u0101jumu: k\u0101p\u0113c sadz\u012bves tehnikai visp\u0101r vajadz\u0113tu demonstr\u0113t emocion\u0101li pies\u0101tin\u0101tu rekl\u0101mu, turkl\u0101t bez jebk\u0101da skaidrojuma, ka t\u0101 ir rekl\u0101ma? Tas ir k\u0101 neitr\u0101la inform\u0101cijas platforma, kas p\u0113k\u0161\u0146i pazi\u0146o \u00abM\u0113s esam \u0161eit, lai tevi apmierin\u0101tu&#8230; vai varb\u016bt sar\u016bgtin\u0101tu?\u00bb Tas ir \u013coti b\u012bstami, \u012bpa\u0161i cilv\u0113kiem ar psihisk\u0101m saslim\u0161an\u0101m, kuru realit\u0101tes uztvere var b\u016bt trausla.<\/p>\n<p>Sabiedr\u012bbas reakcija un br\u012bdin\u0101jumi par viedier\u012b\u010du riskiem<\/p>\n<p>Reddit publik\u0101cija ir izrais\u012bjusi pla\u0161as diskusijas, sav\u0101cot simtiem koment\u0101ru. Liel\u0101k\u0101 da\u013ca izteiku\u0161i l\u012bdzj\u016bt\u012bbu Kerolai un vi\u0146as \u0123imenei, savuk\u0101rt da\u013ca kritiz\u0113ju\u0161i Samsung un m\u016bsdienu viedier\u012b\u010du prakses. Da\u017ei lietot\u0101ji ieteiku\u0161i iesniegt s\u016bdz\u012bbu Lielbrit\u0101nijas Rekl\u0101mas standartu p\u0101rvald\u0113 (ASA). Citi piebildu\u0161i, ka, lai gan atsevi\u0161\u0137as rekl\u0101mas var izsl\u0113gt, rekl\u0101mai tik int\u012bm\u0101 vid\u0113 k\u0101 m\u0101jas, nevajadz\u0113tu satur\u0113t formul\u0113jumus, kas viegli sajaucami ar person\u012bgiem v\u0113st\u012bjumiem. \u0160is gad\u012bjums atg\u0101dina, ka *komforta un savienojam\u012bbas \u0113ra var sl\u0113pt sev\u012b potenci\u0101lus riskus*, ja robe\u017ea starp lietder\u012bgo un uzb\u0101z\u012bgo tiek p\u0101rk\u0101pta.<\/p>\n<p>Iepriek\u0161\u0113ji Samsung produktu dro\u0161\u012bbas incidenti<\/p>\n<p>\u0160is nav pirmais gad\u012bjums, kad Samsung produkti saist\u012bti ar vesel\u012bbas probl\u0113m\u0101m. Iepriek\u0161 zi\u0146ots par gad\u012bjumu, kad lietot\u0101js gandr\u012bz zaud\u0113ja pirkstu nepareizi funkcion\u0113jo\u0161a Samsung Galaxy Ring vied\u0101 gredzena d\u0113\u013c. V\u0113l tra\u0123isk\u0101ks bija gad\u012bjums, kad k\u0101ds Samsung lietot\u0101js nesp\u0113ja sazvan\u012bt neatliekamo pal\u012bdz\u012bbu sav\u0101 viedt\u0101lrun\u012b, kas, diem\u017e\u0113l, beidz\u0101s let\u0101li.<\/p>\n","protected":false},"excerpt":{"rendered":"Nejau\u0161\u012bbas vai b\u012bstama tendence? Samsung ledusskapja rekl\u0101ma izrais\u012bjusi psihisku kr\u012bzi \u0160ok\u0113jo\u0161s gad\u012bjums Lielbrit\u0101nij\u0101, kur sievietei ar diagnozi \u0161izofr\u0113nija,&hellip;\n","protected":false},"author":2,"featured_media":68879,"comment_status":"","ping_status":"","sticky":false,"template":"","format":"standard","meta":{"footnotes":""},"categories":[16],"tags":[77,76,35,39,38,36,37,34,40,17483,5407,17653,17654,3739],"class_list":{"0":"post-68878","1":"post","2":"type-post","3":"status-publish","4":"format-standard","5":"has-post-thumbnail","7":"category-bizness","8":"tag-bizness","9":"tag-business","10":"tag-latvia","11":"tag-latvian","12":"tag-latviesu","13":"tag-latviesu-valoda","14":"tag-latviesuvaloda","15":"tag-latvija","16":"tag-lv","17":"tag-psihiska-veseliba","18":"tag-reklama","19":"tag-samsung-ledusskapis","20":"tag-sizofrenija","21":"tag-viedierices"},"share_on_mastodon":{"url":"https:\/\/pubeurope.com\/@lv\/115683750308452506","error":""},"_links":{"self":[{"href":"https:\/\/www.europesays.com\/lv\/wp-json\/wp\/v2\/posts\/68878","targetHints":{"allow":["GET"]}}],"collection":[{"href":"https:\/\/www.europesays.com\/lv\/wp-json\/wp\/v2\/posts"}],"about":[{"href":"https:\/\/www.europesays.com\/lv\/wp-json\/wp\/v2\/types\/post"}],"author":[{"embeddable":true,"href":"https:\/\/www.europesays.com\/lv\/wp-json\/wp\/v2\/users\/2"}],"replies":[{"embeddable":true,"href":"https:\/\/www.europesays.com\/lv\/wp-json\/wp\/v2\/comments?post=68878"}],"version-history":[{"count":0,"href":"https:\/\/www.europesays.com\/lv\/wp-json\/wp\/v2\/posts\/68878\/revisions"}],"wp:featuredmedia":[{"embeddable":true,"href":"https:\/\/www.europesays.com\/lv\/wp-json\/wp\/v2\/media\/68879"}],"wp:attachment":[{"href":"https:\/\/www.europesays.com\/lv\/wp-json\/wp\/v2\/media?parent=68878"}],"wp:term":[{"taxonomy":"category","embeddable":true,"href":"https:\/\/www.europesays.com\/lv\/wp-json\/wp\/v2\/categories?post=68878"},{"taxonomy":"post_tag","embeddable":true,"href":"https:\/\/www.europesays.com\/lv\/wp-json\/wp\/v2\/tags?post=68878"}],"curies":[{"name":"wp","href":"https:\/\/api.w.org\/{rel}","templated":true}]}}