{"id":6888,"date":"2025-09-28T09:30:07","date_gmt":"2025-09-28T09:30:07","guid":{"rendered":"https:\/\/www.europesays.com\/lv\/6888\/"},"modified":"2025-09-28T09:30:07","modified_gmt":"2025-09-28T09:30:07","slug":"nato-pastiprina-modribu-baltijas-jura-pec-dronu-incidentiem-danija","status":"publish","type":"post","link":"https:\/\/www.europesays.com\/lv\/6888\/","title":{"rendered":"NATO pastiprina modr\u012bbu Baltijas j\u016br\u0101 p\u0113c dronu incidentiem D\u0101nij\u0101"},"content":{"rendered":"<p>Jaunie pas\u0101kumi &#8220;ietver vair\u0101kas izl\u016bko\u0161anas un nov\u0113ro\u0161anas platformas un vismaz vienu pretgaisa aizsardz\u012bbas fregati&#8221; re\u0123ion\u0101 uz rietumiem no Krievijas, pazi\u0146oja O\u2019Donels.<\/p>\n<p>Vi\u0146\u0161 nor\u0101d\u012bja, ka <a href=\"https:\/\/www.apollo.lv\/term\/9898\/nato\" class=\"topicLink\" target=\"_blank\" rel=\"nofollow noopener\">NATO<\/a> augst\u0101k\u0101 vad\u012bba uztur kontaktus ar D\u0101nijas l\u012bderiem saist\u012bb\u0101 ar dronu incidentiem. K\u0101 jau zi\u0146ots, kop\u0161 pirmdienas D\u0101nij\u0101 un Norv\u0113\u0123ij\u0101 ir nov\u0113roti neidentific\u0113ti lidroboti, k\u0101 d\u0113\u013c tika sl\u0113gtas vair\u0101kas lidostas.<\/p>\n<p>P\u0113d\u0113j\u0101s ned\u0113\u013c\u0101s Krievijas droni un izn\u012bcin\u0101t\u0101ji p\u0101rk\u0101pu\u0161i vair\u0101ku NATO valstu gaisa telpas, iesp\u0113jams, ar nodomu p\u0101rbaud\u012bt alianses reakciju.<\/p>\n","protected":false},"excerpt":{"rendered":"Jaunie pas\u0101kumi &#8220;ietver vair\u0101kas izl\u016bko\u0161anas un nov\u0113ro\u0161anas platformas un vismaz vienu pretgaisa aizsardz\u012bbas fregati&#8221; re\u0123ion\u0101 uz rietumiem no&hellip;\n","protected":false},"author":2,"featured_media":5357,"comment_status":"","ping_status":"","sticky":false,"template":"","format":"standard","meta":{"footnotes":""},"categories":[14],"tags":[23,57,1934,28,29,1418,32,33,22,30,31,35,39,38,36,37,34,40,71,20,26,27,24,25,54,55,56,21,58],"class_list":{"0":"post-6888","1":"post","2":"type-post","3":"status-publish","4":"format-standard","5":"has-post-thumbnail","7":"category-zinas-no-arvalstim","8":"tag-aktualitates","9":"tag-arvalstim","10":"tag-baltijas-jura","11":"tag-breaking-news","12":"tag-breakingnews","13":"tag-danija","14":"tag-featured-news","15":"tag-featurednews","16":"tag-headlines","17":"tag-latest-news","18":"tag-latestnews","19":"tag-latvia","20":"tag-latvian","21":"tag-latviesu","22":"tag-latviesu-valoda","23":"tag-latviesuvaloda","24":"tag-latvija","25":"tag-lv","26":"tag-nato","27":"tag-news","28":"tag-popularakas-zinas","29":"tag-popularakaszinas","30":"tag-top-stories","31":"tag-topstories","32":"tag-world","33":"tag-world-news","34":"tag-worldnews","35":"tag-zinas","36":"tag-zinas-no-arvalstim"},"share_on_mastodon":{"url":"","error":""},"_links":{"self":[{"href":"https:\/\/www.europesays.com\/lv\/wp-json\/wp\/v2\/posts\/6888","targetHints":{"allow":["GET"]}}],"collection":[{"href":"https:\/\/www.europesays.com\/lv\/wp-json\/wp\/v2\/posts"}],"about":[{"href":"https:\/\/www.europesays.com\/lv\/wp-json\/wp\/v2\/types\/post"}],"author":[{"embeddable":true,"href":"https:\/\/www.europesays.com\/lv\/wp-json\/wp\/v2\/users\/2"}],"replies":[{"embeddable":true,"href":"https:\/\/www.europesays.com\/lv\/wp-json\/wp\/v2\/comments?post=6888"}],"version-history":[{"count":0,"href":"https:\/\/www.europesays.com\/lv\/wp-json\/wp\/v2\/posts\/6888\/revisions"}],"wp:featuredmedia":[{"embeddable":true,"href":"https:\/\/www.europesays.com\/lv\/wp-json\/wp\/v2\/media\/5357"}],"wp:attachment":[{"href":"https:\/\/www.europesays.com\/lv\/wp-json\/wp\/v2\/media?parent=6888"}],"wp:term":[{"taxonomy":"category","embeddable":true,"href":"https:\/\/www.europesays.com\/lv\/wp-json\/wp\/v2\/categories?post=6888"},{"taxonomy":"post_tag","embeddable":true,"href":"https:\/\/www.europesays.com\/lv\/wp-json\/wp\/v2\/tags?post=6888"}],"curies":[{"name":"wp","href":"https:\/\/api.w.org\/{rel}","templated":true}]}}