{"id":68894,"date":"2025-12-08T11:50:07","date_gmt":"2025-12-08T11:50:07","guid":{"rendered":"https:\/\/www.europesays.com\/lv\/68894\/"},"modified":"2025-12-08T11:50:07","modified_gmt":"2025-12-08T11:50:07","slug":"ungarija-bloke-eiropas-komisijas-rezerves-planu-ukrainas-atbalstam","status":"publish","type":"post","link":"https:\/\/www.europesays.com\/lv\/68894\/","title":{"rendered":"Ung\u0101rija blo\u0137\u0113 Eiropas Komisijas rezerves pl\u0101nu Ukrainas atbalstam"},"content":{"rendered":"<p class=\"descr\">\u201cPolitico\u201d: Ung\u0101rija izmanto veto ties\u012bbas un blo\u0137\u0113 iesp\u0113ju emit\u0113t eirooblig\u0101cijas Ukrainas finans\u0113\u0161anai<\/p>\n<p>Ung\u0101rija <a href=\"https:\/\/nra.lv\/pasaule\/476491-ungarija-gada-beigas-varetu-zaudet-miljardu-eiro-no-es-naudas.htm\" data-item-link=\"true\" data-item-id=\"476491\" rel=\"nofollow noopener\" target=\"_blank\">blo\u0137\u0113jusi<\/a> 90 miljardu eiro eirooblig\u0101ciju emisiju, liedzot Eiropas Savien\u012bbai iesp\u0113ju izmantot \u0101rk\u0101rtas pl\u0101nu Ukrainas finan\u0161u atbalstam gad\u012bjum\u0101, ja neizdotos atrast juridisko pamatojumu iesald\u0113to Krievijas akt\u012bvu izmanto\u0161anai, lai finans\u0113tu 165 miljardu eiro <a href=\"https:\/\/nra.lv\/pasaule\/508414-mediji-eiropai-ir-jabeidz-vilcinaties-un-jamaksa-lai-glabtu-ukrainu.htm\" data-item-link=\"true\" data-item-id=\"508414\" rel=\"nofollow noopener\" target=\"_blank\">aizdevumu<\/a> Kijivai. Par to zi\u0146o \u201cPolitico\u201d, atsaucoties uz diviem diplom\u0101tiem, kuri 5. decembr\u012b piedal\u012bj\u0101s ES v\u0113stnieku san\u0101ksm\u0113 Brisel\u0113. Tre\u0161dien Eiropas Komisija ierosin\u0101ja divas Ukrainas finans\u0113\u0161anas iesp\u0113jas 2026. &#8211; 2027. gadam: ES aiz\u0146\u0113mumu 90 miljardu eiro apm\u0113r\u0101 un \u201crepar\u0101ciju aizdevumu\u201d. Budape\u0161ta noraid\u012bja ideju par kop\u012bgu oblig\u0101ciju emisiju, ko nodro\u0161ina septi\u0146u gadu ES bud\u017eets, tikai da\u017eas stundas pirms V\u0101cijas kanclera Fr\u012bdriha Merca un Be\u013c\u0123ijas premjerministra Barta de V\u0113vera tik\u0161an\u0101s Brisel\u0113, kur\u0101 tika apspriesti aizdevuma nosac\u012bjumi.<\/p>\n<p>Eiropas Komisija rezerves pl\u0101nu ierosin\u0101ja 3. decembr\u012b, aicinot emit\u0113t eirooblig\u0101cijas k\u0101 alternat\u012bvu galvenajam finans\u0113\u0161anas meh\u0101nismam. Pamata pl\u0101ns paredz nodro\u0161in\u0101t Ukrainai &#8220;repar\u0101ciju aizdevumu&#8221; 165 miljardu eiro apm\u0113r\u0101 no Krievijas Centr\u0101l\u0101s bankas iesald\u0113tajiem akt\u012bviem 210 miljardu eiro apm\u0113r\u0101, kas tiek glab\u0101ti Be\u013c\u0123ijas finan\u0161u depozit\u0101rij\u0101 \u201cEuroclear\u201d, ta\u010du Be\u013c\u0123ija pret Briseles pl\u0101nu <a href=\"https:\/\/nra.lv\/pasaule\/508298-es-iesaldetie-krievijas-aktivi-belgijas-nostaja-un-bazas.htm\" data-item-link=\"true\" data-item-id=\"508298\" rel=\"nofollow noopener\" target=\"_blank\">iebilst<\/a>. Vald\u012bba baid\u0101s no juridisk\u0101m probl\u0113m\u0101m un pieprasa pla\u0161\u0101kas garantijas no ES. V\u0101cija ierosin\u0101ja garant\u0113t 25% no l\u012bdzek\u013ciem, ta\u010du \u0161o priek\u0161likumu neatbalst\u012bja citas ES dal\u012bbvalstis.<\/p>\n<p>Be\u013c\u0123ijas parlaments 5. decembr\u012b l\u0113ma neatdot Krievijas akt\u012bvus Ukrainai bez juridisk\u0101m garantij\u0101m. Premjerministrs Barts De V\u0113vers pazi\u0146oja, ka vi\u0146a valsts joproj\u0101m ir uztic\u012bga Eiropas v\u0113rt\u012bb\u0101m un atbalsta ukrai\u0146us k\u0101 Krievijas agresijas upurus.Tom\u0113r Be\u013c\u0123ija nekonfisc\u0113s iesald\u0113tos Krievijas akt\u012bvus, kam\u0113r ar\u012b citas ES valstis neiz\u0146emsies riskus. Be\u013c\u0123i baid\u0101s, ka Krievijas akt\u012bvi tiks nodoti Ukrainai k\u0101 \u201crepar\u0101ciju aizdevums\u201d, un p\u0113c tam tiks atceltas sankcijas pret Krieviju.Tad Be\u013c\u0123ija b\u016btu spiesta atmaks\u0101t summu, kas p\u0101rsniedz t\u0101s gada bud\u017eetu. Turkl\u0101t konfisk\u0101cija mazin\u0101tu pasaules valstu uztic\u012bbu Be\u013c\u0123ijas depozit\u0101rijam, k\u0101 ar\u012b Eiropas finan\u0161u sist\u0113mai kopum\u0101. Dienu iepriek\u0161 par Krievijas akt\u012bvu atsavin\u0101\u0161anu Be\u013c\u0123ijas varas iest\u0101des m\u0113\u0123in\u0101ja p\u0101rliecin\u0101t Fr\u012bdrihs Mercs, bet ASV uzreiz piepras\u012bja, lai Eiropas ier\u0113d\u0146i pl\u0101nu blo\u0137\u0113tu, zi\u0146oja \u201cBloomberg\u201d.<\/p>\n<p>Krievijas \u0100rlietu ministrijas p\u0101rst\u0101ve Marija Zaharova n\u0101ca klaj\u0101 ar pazi\u0146ojumu, ka Maskava gatavo atbildes pas\u0101kumus gad\u012bjum\u0101, ja ES Krievijas akt\u012bvus konfisc\u0113s, Briseles ideju izmantot l\u012bdzek\u013cus \u201crepar\u0101ciju aizdevumam\u201d Kijivai nosaucot par neadekv\u0101tu, jo tas kait\u0113s pa\u0161ai savien\u012bbai.<\/p>\n<p>Tikm\u0113r laikraksts \u201cFinancial Times\u201d, atsaucoties uz finan\u0161u tirgus dal\u012bbniekiem un avotiem ES instit\u016bcij\u0101s, rakst\u012bja, ka iesp\u0113jam\u0101 iesald\u0113to Krievijas akt\u012bvu konfisk\u0101cija var\u0113tu v\u0101jin\u0101t uztic\u012bbu eiro un apdraud\u0113t bloka glob\u0101l\u0101s rezerves val\u016btas poz\u012bcijas. Invest\u012bciju komp\u0101nijas \u201cUnion Investment\u201d p\u0101rst\u0101vis Kristians Kopfs konfisk\u0101ciju nosauca par \u201c\u0101rk\u0101rt\u012bgi j\u016bt\u012bgu jaut\u0101jumu\u201d, uzsverot: ja ES v\u0113las saglab\u0101t \u201cmiera ostas\u201d reput\u0101ciju, l\u012bdz\u012bgi k\u0101 \u0160veice, un saglab\u0101t konkur\u0113tsp\u0113ju starptautisko invest\u012bciju piesaist\u0113, tai stingri j\u0101iev\u0113ro \u012bpa\u0161umties\u012bbas.<\/p>\n<p>\t\t\t\t\t\tinfo<\/p>\n<p>Uzzini pirmais<br \/>kas interesants noticis Latvij\u0101 un pasaul\u0113,<br \/>pievienojoties mums <a href=\"https:\/\/t.me\/neatkariga\" rel=\"nofollow\">Telegram<\/a> vai <a href=\"https:\/\/whatsapp.com\/channel\/0029VaMLFUH5K3zLU5s4wm3y\" rel=\"nofollow noopener\" target=\"_blank\">Whatsapp<\/a> kan\u0101l\u0101<\/p>\n","protected":false},"excerpt":{"rendered":"\u201cPolitico\u201d: Ung\u0101rija izmanto veto ties\u012bbas un blo\u0137\u0113 iesp\u0113ju emit\u0113t eirooblig\u0101cijas Ukrainas finans\u0113\u0161anai Ung\u0101rija blo\u0137\u0113jusi 90 miljardu eiro eirooblig\u0101ciju&hellip;\n","protected":false},"author":2,"featured_media":68895,"comment_status":"","ping_status":"","sticky":false,"template":"","format":"standard","meta":{"footnotes":""},"categories":[14],"tags":[23,57,28,29,32,33,22,30,31,35,39,38,36,37,34,40,20,26,27,24,25,54,55,56,21,58],"class_list":{"0":"post-68894","1":"post","2":"type-post","3":"status-publish","4":"format-standard","5":"has-post-thumbnail","7":"category-zinas-no-arvalstim","8":"tag-aktualitates","9":"tag-arvalstim","10":"tag-breaking-news","11":"tag-breakingnews","12":"tag-featured-news","13":"tag-featurednews","14":"tag-headlines","15":"tag-latest-news","16":"tag-latestnews","17":"tag-latvia","18":"tag-latvian","19":"tag-latviesu","20":"tag-latviesu-valoda","21":"tag-latviesuvaloda","22":"tag-latvija","23":"tag-lv","24":"tag-news","25":"tag-popularakas-zinas","26":"tag-popularakaszinas","27":"tag-top-stories","28":"tag-topstories","29":"tag-world","30":"tag-world-news","31":"tag-worldnews","32":"tag-zinas","33":"tag-zinas-no-arvalstim"},"share_on_mastodon":{"url":"https:\/\/pubeurope.com\/@lv\/115683801484206532","error":""},"_links":{"self":[{"href":"https:\/\/www.europesays.com\/lv\/wp-json\/wp\/v2\/posts\/68894","targetHints":{"allow":["GET"]}}],"collection":[{"href":"https:\/\/www.europesays.com\/lv\/wp-json\/wp\/v2\/posts"}],"about":[{"href":"https:\/\/www.europesays.com\/lv\/wp-json\/wp\/v2\/types\/post"}],"author":[{"embeddable":true,"href":"https:\/\/www.europesays.com\/lv\/wp-json\/wp\/v2\/users\/2"}],"replies":[{"embeddable":true,"href":"https:\/\/www.europesays.com\/lv\/wp-json\/wp\/v2\/comments?post=68894"}],"version-history":[{"count":0,"href":"https:\/\/www.europesays.com\/lv\/wp-json\/wp\/v2\/posts\/68894\/revisions"}],"wp:featuredmedia":[{"embeddable":true,"href":"https:\/\/www.europesays.com\/lv\/wp-json\/wp\/v2\/media\/68895"}],"wp:attachment":[{"href":"https:\/\/www.europesays.com\/lv\/wp-json\/wp\/v2\/media?parent=68894"}],"wp:term":[{"taxonomy":"category","embeddable":true,"href":"https:\/\/www.europesays.com\/lv\/wp-json\/wp\/v2\/categories?post=68894"},{"taxonomy":"post_tag","embeddable":true,"href":"https:\/\/www.europesays.com\/lv\/wp-json\/wp\/v2\/tags?post=68894"}],"curies":[{"name":"wp","href":"https:\/\/api.w.org\/{rel}","templated":true}]}}