{"id":68904,"date":"2025-12-08T11:58:09","date_gmt":"2025-12-08T11:58:09","guid":{"rendered":"https:\/\/www.europesays.com\/lv\/68904\/"},"modified":"2025-12-08T11:58:09","modified_gmt":"2025-12-08T11:58:09","slug":"policija-aicina-atsaukties-aculieciniekus-avarijai-uz-autocela-liepaja-rucava-diena","status":"publish","type":"post","link":"https:\/\/www.europesays.com\/lv\/68904\/","title":{"rendered":"Policija aicina atsaukties aculieciniekus av\u0101rijai uz autoce\u013ca Liep\u0101ja-Rucava \/ Diena"},"content":{"rendered":"<p>Negad\u012bjuma aculieciniekus, kuri var sniegt jebk\u0101du izmekl\u0113\u0161anai noder\u012bgu inform\u0101ciju vai videoierakstu no transportl\u012bdzek\u013ca videore\u0123istratora, Valsts policija l\u016bdz zvan\u012bt pa telefona numuru 2807 0038 vai 112.<\/p>\n<p>&#13;<br \/>\n&#13;<\/p>\n<blockquote><p>&#13;<\/p>\n<p>K\u0101 zi\u0146ots, 5. decembr\u012b uz autoce\u013ca Liep\u0101ja-Rucava Dienvidkurzemes novada Rucavas pagast\u0101 sad\u016br\u0101s traktors un automa\u0161\u012bna.<\/p>\n<p>&#13;\n<\/p><\/blockquote>\n<p>&#13;<br \/>\n&#13;<\/p>\n<p>Negad\u012bjum\u0101 g\u0101ja boj\u0101 viegl\u0101 transportl\u012bdzek\u013ca vad\u012bt\u0101js, bet traktora vad\u012bt\u0101js ar traum\u0101m nog\u0101d\u0101ts medic\u012bnas iest\u0101d\u0113.<\/p>\n<p>&#13;<\/p>\n","protected":false},"excerpt":{"rendered":"Negad\u012bjuma aculieciniekus, kuri var sniegt jebk\u0101du izmekl\u0113\u0161anai noder\u012bgu inform\u0101ciju vai videoierakstu no transportl\u012bdzek\u013ca videore\u0123istratora, Valsts policija l\u016bdz zvan\u012bt&hellip;\n","protected":false},"author":2,"featured_media":68905,"comment_status":"","ping_status":"","sticky":false,"template":"","format":"standard","meta":{"footnotes":""},"categories":[5],"tags":[23,28,29,32,33,22,30,31,35,39,38,36,37,34,40,20,26,27,24,25,21],"class_list":{"0":"post-68904","1":"post","2":"type-post","3":"status-publish","4":"format-standard","5":"has-post-thumbnail","7":"category-aktualitates","8":"tag-aktualitates","9":"tag-breaking-news","10":"tag-breakingnews","11":"tag-featured-news","12":"tag-featurednews","13":"tag-headlines","14":"tag-latest-news","15":"tag-latestnews","16":"tag-latvia","17":"tag-latvian","18":"tag-latviesu","19":"tag-latviesu-valoda","20":"tag-latviesuvaloda","21":"tag-latvija","22":"tag-lv","23":"tag-news","24":"tag-popularakas-zinas","25":"tag-popularakaszinas","26":"tag-top-stories","27":"tag-topstories","28":"tag-zinas"},"share_on_mastodon":{"url":"https:\/\/pubeurope.com\/@lv\/115683832842299192","error":""},"_links":{"self":[{"href":"https:\/\/www.europesays.com\/lv\/wp-json\/wp\/v2\/posts\/68904","targetHints":{"allow":["GET"]}}],"collection":[{"href":"https:\/\/www.europesays.com\/lv\/wp-json\/wp\/v2\/posts"}],"about":[{"href":"https:\/\/www.europesays.com\/lv\/wp-json\/wp\/v2\/types\/post"}],"author":[{"embeddable":true,"href":"https:\/\/www.europesays.com\/lv\/wp-json\/wp\/v2\/users\/2"}],"replies":[{"embeddable":true,"href":"https:\/\/www.europesays.com\/lv\/wp-json\/wp\/v2\/comments?post=68904"}],"version-history":[{"count":0,"href":"https:\/\/www.europesays.com\/lv\/wp-json\/wp\/v2\/posts\/68904\/revisions"}],"wp:featuredmedia":[{"embeddable":true,"href":"https:\/\/www.europesays.com\/lv\/wp-json\/wp\/v2\/media\/68905"}],"wp:attachment":[{"href":"https:\/\/www.europesays.com\/lv\/wp-json\/wp\/v2\/media?parent=68904"}],"wp:term":[{"taxonomy":"category","embeddable":true,"href":"https:\/\/www.europesays.com\/lv\/wp-json\/wp\/v2\/categories?post=68904"},{"taxonomy":"post_tag","embeddable":true,"href":"https:\/\/www.europesays.com\/lv\/wp-json\/wp\/v2\/tags?post=68904"}],"curies":[{"name":"wp","href":"https:\/\/api.w.org\/{rel}","templated":true}]}}