{"id":68908,"date":"2025-12-08T12:03:07","date_gmt":"2025-12-08T12:03:07","guid":{"rendered":"https:\/\/www.europesays.com\/lv\/68908\/"},"modified":"2025-12-08T12:03:07","modified_gmt":"2025-12-08T12:03:07","slug":"par-nelikumiga-tabakas-izstradajumu-biznesa-piesegsanu-rosina-apsudzet-policistu-raksts","status":"publish","type":"post","link":"https:\/\/www.europesays.com\/lv\/68908\/","title":{"rendered":"Par nelikum\u012bga tabakas izstr\u0101d\u0101jumu biznesa pieseg\u0161anu rosina aps\u016bdz\u0113t policistu \/ Raksts"},"content":{"rendered":"<p>Iek\u0161\u0113j\u0101s dro\u0161\u012bbas birojs (IDB) rosina aps\u016bdz\u0113t\u00a0Valsts policijas R\u012bgas re\u0123iona p\u0101rvaldes amatpersonu par kuku\u013c\u0146em\u0161anu un neizpau\u017eamu zi\u0146u izpau\u0161anu, k\u0101 ar\u012b priv\u0101tpersonu par kuku\u013cdo\u0161anu un tabakas izstr\u0101d\u0101jumu nelikum\u012bgu glab\u0101\u0161anu.\u00a0Izmekl\u0113\u0161an\u0101 noskaidrots, ka policists piesedzis priv\u0101tpersonas prettiesisk\u0101s darb\u012bbas tabakas izstr\u0101d\u0101jumu nelikum\u012bgas aprites jom\u0101.<\/p>\n<p>Pirmstiesas izmekl\u0113\u0161an\u0101 pier\u0101d\u012bts, ka Valsts policijas amatpersona ilgsto\u0161\u0101 laika period\u0101 priv\u0101tpersonai izpauda inform\u0101ciju par pl\u0101notaj\u0101m procesu\u0101laj\u0101m darb\u012bb\u0101m, k\u0101 ar\u012b nodro\u0161in\u0101ja to, ka netiek fiks\u0113tas priv\u0101tpersonas prettiesisk\u0101s darb\u012bbas tabakas izstr\u0101d\u0101jumu nelikum\u012bgas aprites jom\u0101, par to sa\u0146emot materi\u0101lu labumu.\u00a0<\/p>\n<p>Priv\u0101tpersonas dz\u012bvesviet\u0101 atrastas un iz\u0146emtas\u00a0cigaretes bez Latvijas Republikas akc\u012bzes nodok\u013ca mark\u0101m.<\/p>\n<p>Pret Valsts policijas amatpersonu rosin\u0101ts s\u0101kt krimin\u0101lvaj\u0101\u0161anu par kuku\u013c\u0146em\u0161anu, k\u0101 ar\u012b par\u00a0neizpau\u017eamu zi\u0146u izpau\u0161anu.<\/p>\n<p>Savuk\u0101rt pret priv\u0101tspersonu rosina\u00a0s\u0101kt krimin\u0101lvaj\u0101\u0161anu par kuku\u013cdo\u0161anu un\u00a0tabakas izstr\u0101d\u0101jumu nelikum\u012bgu glab\u0101\u0161anu.<\/p>\n<p>Valsts policijas amatpersonai ir piem\u0113roti ar br\u012bv\u012bbas at\u0146em\u0161anu nesaist\u012bti dro\u0161\u012bbas l\u012bdzek\u013ci, tai skait\u0101 aizliegums ie\u0146emt noteiktu amatu.<\/p>\n<p>                    Valodas k\u013c\u016bda rakst\u0101?<\/p>\n<p class=\"d-none d-md-block\">Iez\u012bm\u0113jiet tekstu un spiediet Ctrl+Enter, lai nos\u016bt\u012btu labojamo teksta fragmentu redaktoram! Par faktu k\u013c\u016bd\u0101m l\u016bdzam zi\u0146ot e-past\u0101 <a href=\"https:\/\/www.lsm.lv\/cdn-cgi\/l\/email-protection\" class=\"__cf_email__\" data-cfemail=\"deacbbbabfb5bdb7b4bf9eb2adb3f0b2a8\" rel=\"nofollow noopener\" target=\"_blank\">[email\u00a0protected]<\/a>.<\/p>\n<p class=\"d-md-none\">Iez\u012bm\u0113jiet tekstu un spiediet uz Zi\u0146ot par k\u013c\u016bdu pogas, lai nos\u016bt\u012btu labojamo teksta fragmentu redaktoram!<\/p>\n<p>\n                    Zi\u0146ot par k\u013c\u016bdu\n                <\/p>\n","protected":false},"excerpt":{"rendered":"Iek\u0161\u0113j\u0101s dro\u0161\u012bbas birojs (IDB) rosina aps\u016bdz\u0113t\u00a0Valsts policijas R\u012bgas re\u0123iona p\u0101rvaldes amatpersonu par kuku\u013c\u0146em\u0161anu un neizpau\u017eamu zi\u0146u izpau\u0161anu, k\u0101&hellip;\n","protected":false},"author":2,"featured_media":68909,"comment_status":"","ping_status":"","sticky":false,"template":"","format":"standard","meta":{"footnotes":""},"categories":[12],"tags":[23,28,29,32,33,22,30,31,35,39,38,36,37,34,40,20,26,27,24,25,21],"class_list":{"0":"post-68908","1":"post","2":"type-post","3":"status-publish","4":"format-standard","5":"has-post-thumbnail","7":"category-latvija","8":"tag-aktualitates","9":"tag-breaking-news","10":"tag-breakingnews","11":"tag-featured-news","12":"tag-featurednews","13":"tag-headlines","14":"tag-latest-news","15":"tag-latestnews","16":"tag-latvia","17":"tag-latvian","18":"tag-latviesu","19":"tag-latviesu-valoda","20":"tag-latviesuvaloda","21":"tag-latvija","22":"tag-lv","23":"tag-news","24":"tag-popularakas-zinas","25":"tag-popularakaszinas","26":"tag-top-stories","27":"tag-topstories","28":"tag-zinas"},"share_on_mastodon":{"url":"https:\/\/pubeurope.com\/@lv\/115683852514684691","error":""},"_links":{"self":[{"href":"https:\/\/www.europesays.com\/lv\/wp-json\/wp\/v2\/posts\/68908","targetHints":{"allow":["GET"]}}],"collection":[{"href":"https:\/\/www.europesays.com\/lv\/wp-json\/wp\/v2\/posts"}],"about":[{"href":"https:\/\/www.europesays.com\/lv\/wp-json\/wp\/v2\/types\/post"}],"author":[{"embeddable":true,"href":"https:\/\/www.europesays.com\/lv\/wp-json\/wp\/v2\/users\/2"}],"replies":[{"embeddable":true,"href":"https:\/\/www.europesays.com\/lv\/wp-json\/wp\/v2\/comments?post=68908"}],"version-history":[{"count":0,"href":"https:\/\/www.europesays.com\/lv\/wp-json\/wp\/v2\/posts\/68908\/revisions"}],"wp:featuredmedia":[{"embeddable":true,"href":"https:\/\/www.europesays.com\/lv\/wp-json\/wp\/v2\/media\/68909"}],"wp:attachment":[{"href":"https:\/\/www.europesays.com\/lv\/wp-json\/wp\/v2\/media?parent=68908"}],"wp:term":[{"taxonomy":"category","embeddable":true,"href":"https:\/\/www.europesays.com\/lv\/wp-json\/wp\/v2\/categories?post=68908"},{"taxonomy":"post_tag","embeddable":true,"href":"https:\/\/www.europesays.com\/lv\/wp-json\/wp\/v2\/tags?post=68908"}],"curies":[{"name":"wp","href":"https:\/\/api.w.org\/{rel}","templated":true}]}}