{"id":68910,"date":"2025-12-08T12:04:10","date_gmt":"2025-12-08T12:04:10","guid":{"rendered":"https:\/\/www.europesays.com\/lv\/68910\/"},"modified":"2025-12-08T12:04:10","modified_gmt":"2025-12-08T12:04:10","slug":"cilveks-vajais-posms-vai-drosibas-stiprinatajs-lente-lv","status":"publish","type":"post","link":"https:\/\/www.europesays.com\/lv\/68910\/","title":{"rendered":"Cilv\u0113ks \u2013 v\u0101jais posms vai dro\u0161\u012bbas stiprin\u0101t\u0101js?\u00a0\u2014\u00a0Lente.lv"},"content":{"rendered":"<p>Kiberdro\u0161\u012bbas izaicin\u0101jumi m\u0101ksl\u012bg\u0101 intelekta laikmet\u0101: cilv\u0113ks \u2013 v\u0101jais posms?<\/p>\n<p>M\u016bsdienu strauji digitaliz\u0113taj\u0101 pasaul\u0113, kur\u0101 m\u0101ksl\u012bgais intelekts (MI) arvien dzi\u013c\u0101k iesak\u0146ojas m\u016bsu ikdien\u0101, dro\u0161\u012bbas riski k\u013c\u016bst par neat\u0146emamu realit\u0101ti. Latvijas Universit\u0101tes (LU) diskusiju cikls \u201cLatvijas formula\u201d sav\u0101 tre\u0161aj\u0101 raid\u012bjum\u0101, piev\u0113r\u0161oties valsts tehnolo\u0123iskajai un digit\u0101lajai att\u012bst\u012bbai, uzsv\u0113ra, ka, neraugoties uz tehnolo\u0123iju progresu, galvenais dro\u0161\u012bbas \u0137\u0113des posms un reiz\u0113 ar\u012b potenci\u0101li v\u0101j\u0101kais elements ir cilv\u0113ks. Eksperti kop\u0101 ar LU profesoru M\u0101rci Auzi\u0146u analiz\u0113ja \u0161o fundament\u0101lo jaut\u0101jumu, nor\u0101dot uz individu\u0101l\u0101s atbild\u012bbas noz\u012bmi.<\/p>\n<p>Cilv\u0113ciskais faktors \u2013 galvenais dro\u0161\u012bbas elements<\/p>\n<p>Lai gan Latvija nav piedz\u012bvojusi pla\u0161us un ska\u013cus kiberdro\u0161\u012bbas incidentus, kas liecin\u0101tu par nepietiekamu aizsardz\u012bbu, tas nenoz\u012bm\u0113, ka uzbrukumu nav. Dr\u012bz\u0101k tas ir apliecin\u0101jums \u201ckibersargu\u201d profesion\u0101lajam darbam, kas sp\u0113j nov\u0113rst draudus pirms tie sasniedz sabiedr\u012bbu. Tom\u0113r, k\u0101 uzsv\u0113ra diskusijas dal\u012bbnieki, modr\u012bbu zaud\u0113t nedr\u012bkst. \u201cDro\u0161\u012bba nav bezmaksas,\u201d strikti secin\u0101ja eksperti, piebilstot, ka visd\u0101rg\u0101k var izmaks\u0101t tie\u0161i zaud\u0113ta modr\u012bba.<\/p>\n<p>M\u0101ksl\u012bg\u0101 intelekta centra padomes priek\u0161s\u0113d\u0113t\u0101ja un LU profesore Signe B\u0101li\u0146a uzsv\u0113ra: \u201cGalu gal\u0101 visu nosaka cilv\u0113ks. Cilv\u0113ka sp\u0113ja, zin\u0101\u0161anas un kritisk\u0101 izv\u0113rt\u0113\u0161ana \u2013 vai es pa\u013caujos k\u0101dai kr\u0101pnieciskai lietai vai ne.\u201d \u0160\u012b sp\u0113ja kritiski dom\u0101t un izv\u0113rt\u0113t inform\u0101ciju ir k\u013cuvusi par vienu no svar\u012bg\u0101kaj\u0101m prasm\u0113m digit\u0101laj\u0101 laikmet\u0101. Nep\u0101rtraukta izgl\u012bto\u0161an\u0101s par kiberdro\u0161\u012bbu un MI riskiem ir b\u016btiska ne tikai IT nozares speci\u0101listiem, bet ikvienam Latvijas iedz\u012bvot\u0101jam. Strauji main\u012bg\u0101s tehnolo\u0123ijas prasa past\u0101v\u012bgi atjaunin\u0101t savas zin\u0101\u0161anas, lai sp\u0113tu dro\u0161i un efekt\u012bvi izmantot MI risin\u0101jumus un pasarg\u0101t savus personas datus.<\/p>\n<p>LU profesors M\u0101rcis Auzi\u0146\u0161 papildin\u0101ja, ka instit\u016bcijas, bizness un valsts cen\u0161as r\u016bp\u0113ties par m\u016bsu datu dro\u0161\u012bbu, ta\u010du \u201cgalvenais aizsardz\u012bbas bastions esam m\u0113s pa\u0161i. Tikai gudri un kritiski r\u012bkojoties ar saviem datiem, tie b\u016bs dro\u0161\u012bb\u0101.\u201d Tas noz\u012bm\u0113, ka ir svar\u012bgi ne tikai tehniski nodro\u0161in\u0101t aizsardz\u012bbu, bet ar\u012b audzin\u0101t atbild\u012bgu attieksmi pret inform\u0101cijas dro\u0161\u012bbu.<\/p>\n<p>MI sniegt\u0101s iesp\u0113jas un to \u0113nas puse<\/p>\n<p>\u0160obr\u012bd kiberdro\u0161\u012bbas ainava ir gatava b\u016btisk\u0101m p\u0101rmai\u0146\u0101m, ko veicina MI att\u012bst\u012bba. Kibernoziedznieki arvien vair\u0101k izmanto MI, lai uzlabotu savu uzbrukumu izsmalcin\u0101t\u012bbu un m\u0113rogu. MI vad\u012bta \u013caunprogrammat\u016bra var piel\u0101goties re\u0101llaik\u0101, izvairoties no tradicion\u0101laj\u0101m noteik\u0161anas metod\u0113m, savuk\u0101rt MI rad\u012btas pik\u0161\u0137er\u0113\u0161anas kampa\u0146as veido \u013coti personaliz\u0113tus un p\u0101rliecino\u0161us zi\u0146ojumus, palielinot veiksm\u012bgu p\u0101rk\u0101pumu iesp\u0113jam\u012bbu. Tas ir satrauco\u0161i, jo, lai gan MI pied\u0101v\u0101 jaud\u012bgus aizsardz\u012bbas risin\u0101jumus, tas vienlaikus dod jaud\u012bgus r\u012bkus ar\u012b uzbruc\u0113jiem. K\u0101 viens no spilgt\u0101kajiem piem\u0113riem par sl\u0113ptajiem draudiem tiek min\u0113ta lielo MI mode\u013cu apm\u0101c\u012bba, kur\u0101 publiski pieejamie datu mas\u012bvi bie\u017ei ir \u201cinfic\u0113ti\u201d ar neprec\u012bz\u0101m vai kait\u012bg\u0101m zi\u0146\u0101m, kas var t\u0101l\u0101k ietekm\u0113t MI darb\u012bbu un rad\u012bt riskus.<\/p>\n<p>T\u0101pat k\u0101 digit\u0101l\u0101 transform\u0101cija kopum\u0101, ar\u012b MI ien\u0101k\u0161ana m\u016bsu ikdien\u0101 nes sev l\u012bdzi ne tikai \u0113rt\u012bbas un efektivit\u0101ti, bet ar\u012b jaunus dro\u0161\u012bbas izaicin\u0101jumus. Speci\u0101listi nor\u0101da, ka 2025. gad\u0101 kiberapdraud\u0113jumu intensit\u0101te un sare\u017e\u0123\u012bt\u012bba Latvijas kibertelp\u0101 turpina pieaugt. CERT.LV dati liecina par b\u016btisku kiberincidentu skaita pieaugumu, kur liela da\u013ca ir saist\u012bta tie\u0161i ar cilv\u0113kfaktoru, pieaugo\u0161o digit\u0101lo atkar\u012bbu un ier\u012b\u010du ievainojam\u012bbu, k\u0101 ar\u012b ar MI mode\u013cu \u013caunpr\u0101t\u012bgu izmanto\u0161anu.<\/p>\n<p>Atbild\u012bba un izgl\u012bto\u0161an\u0101s \u2013 dro\u0161\u012bbas pamats<\/p>\n<p>Lai gan tehnolo\u0123iju uz\u0146\u0113mumi un telekomunik\u0101ciju operatori str\u0101d\u0101 pie uzbrukumu identific\u0113\u0161anas un nov\u0113r\u0161anas t\u012bkla l\u012bmen\u012b, galven\u0101 atbild\u012bba joproj\u0101m gulstas uz katru individu\u0101li. Uz\u0146\u0113m\u0113ji ir atbild\u012bgi par saviem darbiniekiem, m\u0101c\u012bbu iest\u0101des par studentiem, un ikviens Latvijas iedz\u012bvot\u0101js par savu digit\u0101lo dro\u0161\u012bbu. Nav lab\u0101ka risin\u0101juma k\u0101 nep\u0101rtraukta m\u0101c\u012b\u0161an\u0101s un paaugstin\u0101ta uzman\u012bba.<\/p>\n<p>Eiropas pieeja datu dro\u0161\u012bbai un priv\u0101tumam, ko iemieso Visp\u0101r\u012bg\u0101 datu aizsardz\u012bbas regula (GDPR), ir rad\u012bjusi b\u016btisku dro\u0161\u012bbas sl\u0101ni, lai gan s\u0101kotn\u0113ji t\u0101 izrais\u012bja ba\u017eas uz\u0146\u0113m\u0113ju vid\u016b. Tom\u0113r tiesiskais regul\u0113jums pats par sevi nav pietiekams. Ir nepiecie\u0161ama akt\u012bva sabiedr\u012bbas izgl\u012bto\u0161ana un kiberhigi\u0113nas pilnveido\u0161ana.<\/p>\n<p>K\u0101 nor\u0101da eksperti, \u201cv\u0101j\u0101kais posms vis\u0101 \u0161aj\u0101 proces\u0101 ir pats cilv\u0113ks\u201d. T\u0101p\u0113c gan uz\u0146\u0113mumu vad\u012bbai, gan pa\u0161iem indiv\u012bdiem ir j\u0101iegulda laiks un resursi kiberdro\u0161\u012bbas zin\u0101\u0161anu un prasmju pilnveid\u0113. Tas ietver regul\u0101ras apm\u0101c\u012bbas, inform\u0113t\u012bbu par jaun\u0101kajiem draudiem un tendenc\u0113m, k\u0101 ar\u012b kritisku izv\u0113rt\u0113jumu pirms jebk\u0101das darb\u012bbas veik\u0161anas tie\u0161saist\u0113. Bez \u0161\u012bs apzi\u0146as un akt\u012bvas r\u012bc\u012bbas pat vismodern\u0101k\u0101s tehnolo\u0123ijas nesp\u0113s nodro\u0161in\u0101t piln\u012bgu dro\u0161\u012bbu.<\/p>\n<p>Secin\u0101jums: M\u0101ksl\u012bg\u0101 intelekta laikmet\u0101 kiberdro\u0161\u012bba vairs nav tikai tehnisks jaut\u0101jums, bet ar\u012b dzi\u013c\u0161 cilv\u0113cisk\u0101s atbild\u012bbas un izgl\u012btot\u012bbas jaut\u0101jums. Lai Latvija sp\u0113tu dro\u0161i virz\u012bties uz priek\u0161u digit\u0101laj\u0101 att\u012bst\u012bb\u0101, ir nepiecie\u0161ama gan valsts, gan uz\u0146\u0113mumu, gan ikviena indiv\u012bda apzin\u0101ta un akt\u012bva l\u012bdzdal\u012bba dro\u0161\u012bbas stiprin\u0101\u0161an\u0101.<\/p>\n","protected":false},"excerpt":{"rendered":"Kiberdro\u0161\u012bbas izaicin\u0101jumi m\u0101ksl\u012bg\u0101 intelekta laikmet\u0101: cilv\u0113ks \u2013 v\u0101jais posms? M\u016bsdienu strauji digitaliz\u0113taj\u0101 pasaul\u0113, kur\u0101 m\u0101ksl\u012bgais intelekts (MI) arvien&hellip;\n","protected":false},"author":2,"featured_media":68911,"comment_status":"","ping_status":"","sticky":false,"template":"","format":"standard","meta":{"footnotes":""},"categories":[5],"tags":[23,28,29,17659,9597,32,33,22,1064,30,31,35,39,38,36,37,34,17660,40,87,20,26,27,24,25,21],"class_list":{"0":"post-68910","1":"post","2":"type-post","3":"status-publish","4":"format-standard","5":"has-post-thumbnail","7":"category-aktualitates","8":"tag-aktualitates","9":"tag-breaking-news","10":"tag-breakingnews","11":"tag-cilveciskais-faktors","12":"tag-digitala-transformacija","13":"tag-featured-news","14":"tag-featurednews","15":"tag-headlines","16":"tag-kiberdrosiba","17":"tag-latest-news","18":"tag-latestnews","19":"tag-latvia","20":"tag-latvian","21":"tag-latviesu","22":"tag-latviesu-valoda","23":"tag-latviesuvaloda","24":"tag-latvija","25":"tag-latvijas-formula","26":"tag-lv","27":"tag-maksligais-intelekts","28":"tag-news","29":"tag-popularakas-zinas","30":"tag-popularakaszinas","31":"tag-top-stories","32":"tag-topstories","33":"tag-zinas"},"share_on_mastodon":{"url":"https:\/\/pubeurope.com\/@lv\/115683856448523974","error":""},"_links":{"self":[{"href":"https:\/\/www.europesays.com\/lv\/wp-json\/wp\/v2\/posts\/68910","targetHints":{"allow":["GET"]}}],"collection":[{"href":"https:\/\/www.europesays.com\/lv\/wp-json\/wp\/v2\/posts"}],"about":[{"href":"https:\/\/www.europesays.com\/lv\/wp-json\/wp\/v2\/types\/post"}],"author":[{"embeddable":true,"href":"https:\/\/www.europesays.com\/lv\/wp-json\/wp\/v2\/users\/2"}],"replies":[{"embeddable":true,"href":"https:\/\/www.europesays.com\/lv\/wp-json\/wp\/v2\/comments?post=68910"}],"version-history":[{"count":0,"href":"https:\/\/www.europesays.com\/lv\/wp-json\/wp\/v2\/posts\/68910\/revisions"}],"wp:featuredmedia":[{"embeddable":true,"href":"https:\/\/www.europesays.com\/lv\/wp-json\/wp\/v2\/media\/68911"}],"wp:attachment":[{"href":"https:\/\/www.europesays.com\/lv\/wp-json\/wp\/v2\/media?parent=68910"}],"wp:term":[{"taxonomy":"category","embeddable":true,"href":"https:\/\/www.europesays.com\/lv\/wp-json\/wp\/v2\/categories?post=68910"},{"taxonomy":"post_tag","embeddable":true,"href":"https:\/\/www.europesays.com\/lv\/wp-json\/wp\/v2\/tags?post=68910"}],"curies":[{"name":"wp","href":"https:\/\/api.w.org\/{rel}","templated":true}]}}