{"id":68914,"date":"2025-12-08T12:09:07","date_gmt":"2025-12-08T12:09:07","guid":{"rendered":"https:\/\/www.europesays.com\/lv\/68914\/"},"modified":"2025-12-08T12:09:07","modified_gmt":"2025-12-08T12:09:07","slug":"latviesu-ukrainu-koris-tavi-draugi-aicina-uz-sirsnigu-labdaribas-koncertu-ukrainas-bernu-atbalstam-lente-lv","status":"publish","type":"post","link":"https:\/\/www.europesays.com\/lv\/68914\/","title":{"rendered":"Latvie\u0161u-ukrai\u0146u koris \u00abTavi draugi\u00bb aicina uz sirsn\u012bgu labdar\u012bbas koncertu Ukrainas b\u0113rnu atbalstam\u00a0\u2014\u00a0Lente.lv"},"content":{"rendered":"<p>Par vienojo\u0161o dziesmas sp\u0113ku un labdar\u012bbu<\/p>\n<p>Dziesma sp\u0113j apvienot, dziedin\u0101t, mierin\u0101t un iepriecin\u0101t \u2013 tie\u0161i \u0161ie v\u0101rdi vislab\u0101k raksturo ukrai\u0146u motiv\u0101ciju dzied\u0101t latvie\u0161u-ukrai\u0146u kor\u012b \u00abTavi draugi\u00bb. Kar\u0161 dzimten\u0113 ir atvedis ukrai\u0146us uz Latviju, bet \u0161eit, kop\u012bg\u0101 dziesm\u0101, vi\u0146i atrod mierin\u0101jumu un cer\u012bbu. \u0160is unik\u0101lais koris, ko pirms pusotra gada izveidojusi un vada diri\u0123ente Em\u012blija Marta Paidere, ir k\u013cuvis par tilts starp kult\u016br\u0101m un sird\u012bm.<\/p>\n<p>\u00abZiemassv\u0113tku ekspresis\u00bb uz Ukrainu<\/p>\n<p>9. decembr\u012b plkst. 19:00 R\u012bgas Doma bazn\u012bc\u0101 notiks \u012bpa\u0161s labdar\u012bbas koncerts, kur\u0101 latvie\u0161u-ukrai\u0146u koris \u00abTavi draugi\u00bb uzst\u0101sies kop\u0101 ar Latvij\u0101 paz\u012bstamiem m\u016bzi\u0137iem, tostarp pianistu Andreju Osokinu un \u0113r\u0123elnieku Aigaru Reini. Koncerta m\u0113r\u0137is ir sav\u0101kt ziedojumus, kas tiks novirz\u012bti Ziemassv\u0113tku d\u0101vanu sag\u0101d\u0101\u0161anai vismaz 300 b\u0113rniem Ukrain\u0101. \u0160\u012b iniciat\u012bva ir da\u013ca no biedr\u012bbas \u00abTavi draugi\u00bb ikgad\u0113j\u0101 labdar\u012bbas projekta \u00abZiemassv\u0113tku ekspresis Latvija \u2013 Ukraina\u00bb, kura ietvaros aicina ikvienu k\u013c\u016bt par Ziemassv\u0113tku r\u016b\u0137i un pal\u012bdz\u0113t b\u0113rniem, kuri kara d\u0113\u013c cietu\u0161i visvair\u0101k. Viens no koncert\u0101 iek\u013cautajiem ska\u0146darbiem ir ukrai\u0146u dziesma, ko koris r\u016bp\u012bgi izkopj, tiecoties p\u0113c nevainojamas skan\u0113juma un dzi\u013cuma katr\u0101 not\u012b.<\/p>\n<p>M\u016bzikas sp\u0113ks un kop\u012bbas saj\u016bta<\/p>\n<p>Em\u012blija Marta Paidere, kora diri\u0123ente un m\u0101ksliniecisk\u0101 vad\u012bt\u0101ja, ir ne tikai talant\u012bga m\u016bzi\u0137e, bet ar\u012b akt\u012bva biedr\u012bbas \u00abTavi draugi\u00bb darbiniece. Vi\u0146a uzsver, ka dziesma ir k\u0101 terapija, kas pal\u012bdz izteikt emocijas, rast prieku un izs\u0101pot s\u0101pes. Kora darb\u012bba ir apliecin\u0101jums tam, ka m\u016bzika sp\u0113j sniegt cer\u012bbu un mierin\u0101jumu pat vissare\u017eiklaikos. Kora m\u0113\u0123in\u0101jumi notiek biedr\u012bbas \u00abTavi draugi\u00bb m\u0101jviet\u0101 Skanst\u0113, kas ir k\u013cuvusi par noz\u012bm\u012bgu centru da\u017e\u0101diem labdar\u012bbas pas\u0101kumiem un pal\u012bdz\u012bbas snieg\u0161anai Ukrainai. Pirms pusotra gada dibin\u0101tais koris apvieno latvie\u0161us un ukrai\u0146us, \u013caujot iepaz\u012bt vienai otras kult\u016bru un sajust sp\u0113ku, kas rodas kop\u012bg\u0101 dziesm\u0101. \u0160is projekts ir ne tikai par m\u016bziku, bet ar\u012b par draudz\u012bbu, sapratni un kop\u012bgu v\u0113lmi pal\u012bdz\u0113t, apliecinot, ka kop\u0101 var paveikt vair\u0101k.<\/p>\n<p>Koncerta programma un dal\u012bbnieki<\/p>\n<p>Koncert\u0101 skan\u0113s gan latvie\u0161u, gan ukrai\u0146u, gan citu pasaules komponistu ska\u0146darbi, radot patiesi emocion\u0101lu un vienojo\u0161u atmosf\u0113ru. Uz skatuves kop\u0101 ar kori \u00abTavi draugi\u00bb k\u0101ps ar\u012b izcili m\u016bzi\u0137i un kolekt\u012bvi, tostarp pianists Andrejs Osokins, \u0113r\u0123elnieks Aigars Reinis, vok\u0101lais ansamblis \u00abMezzo\u00bb, trio \u00abSubito\u00bb, trio \u00abTresensus\u00bb un citi. Biedr\u012bbas \u00abTavi draugi\u00bb koris ir dibin\u0101ts 2024. gad\u0101 un pulc\u0113 jau teju 20 dal\u012bbniekus, gan biedr\u012bbas darbiniekus, gan br\u012bvpr\u0101t\u012bgos. Kora m\u0113\u0123in\u0101jumi notiek katru otrdienu un piektdienu no plkst. 18:00 l\u012bdz 20:00, atv\u0113rti ikvienam, kas v\u0113las pievienoties un dal\u012bties dziesm\u0101.<\/p>\n","protected":false},"excerpt":{"rendered":"Par vienojo\u0161o dziesmas sp\u0113ku un labdar\u012bbu Dziesma sp\u0113j apvienot, dziedin\u0101t, mierin\u0101t un iepriecin\u0101t \u2013 tie\u0161i \u0161ie v\u0101rdi vislab\u0101k&hellip;\n","protected":false},"author":2,"featured_media":68915,"comment_status":"","ping_status":"","sticky":false,"template":"","format":"standard","meta":{"footnotes":""},"categories":[12],"tags":[23,28,29,17668,32,33,22,17665,17666,30,31,35,39,38,36,37,34,40,20,26,27,24,25,17667,17669,21],"class_list":{"0":"post-68914","1":"post","2":"type-post","3":"status-publish","4":"format-standard","5":"has-post-thumbnail","7":"category-latvija","8":"tag-aktualitates","9":"tag-breaking-news","10":"tag-breakingnews","11":"tag-emilija-marta-paidere","12":"tag-featured-news","13":"tag-featurednews","14":"tag-headlines","15":"tag-koris-tavi-draugi","16":"tag-labdaribas-koncerts","17":"tag-latest-news","18":"tag-latestnews","19":"tag-latvia","20":"tag-latvian","21":"tag-latviesu","22":"tag-latviesu-valoda","23":"tag-latviesuvaloda","24":"tag-latvija","25":"tag-lv","26":"tag-news","27":"tag-popularakas-zinas","28":"tag-popularakaszinas","29":"tag-top-stories","30":"tag-topstories","31":"tag-ukrainas-berni","32":"tag-ziemassvetku-ekspresis","33":"tag-zinas"},"share_on_mastodon":{"url":"https:\/\/pubeurope.com\/@lv\/115683876179002911","error":""},"_links":{"self":[{"href":"https:\/\/www.europesays.com\/lv\/wp-json\/wp\/v2\/posts\/68914","targetHints":{"allow":["GET"]}}],"collection":[{"href":"https:\/\/www.europesays.com\/lv\/wp-json\/wp\/v2\/posts"}],"about":[{"href":"https:\/\/www.europesays.com\/lv\/wp-json\/wp\/v2\/types\/post"}],"author":[{"embeddable":true,"href":"https:\/\/www.europesays.com\/lv\/wp-json\/wp\/v2\/users\/2"}],"replies":[{"embeddable":true,"href":"https:\/\/www.europesays.com\/lv\/wp-json\/wp\/v2\/comments?post=68914"}],"version-history":[{"count":0,"href":"https:\/\/www.europesays.com\/lv\/wp-json\/wp\/v2\/posts\/68914\/revisions"}],"wp:featuredmedia":[{"embeddable":true,"href":"https:\/\/www.europesays.com\/lv\/wp-json\/wp\/v2\/media\/68915"}],"wp:attachment":[{"href":"https:\/\/www.europesays.com\/lv\/wp-json\/wp\/v2\/media?parent=68914"}],"wp:term":[{"taxonomy":"category","embeddable":true,"href":"https:\/\/www.europesays.com\/lv\/wp-json\/wp\/v2\/categories?post=68914"},{"taxonomy":"post_tag","embeddable":true,"href":"https:\/\/www.europesays.com\/lv\/wp-json\/wp\/v2\/tags?post=68914"}],"curies":[{"name":"wp","href":"https:\/\/api.w.org\/{rel}","templated":true}]}}