{"id":68916,"date":"2025-12-08T12:10:08","date_gmt":"2025-12-08T12:10:08","guid":{"rendered":"https:\/\/www.europesays.com\/lv\/68916\/"},"modified":"2025-12-08T12:10:08","modified_gmt":"2025-12-08T12:10:08","slug":"letaka-kafija-dargaki-darzeni-jaunakie-dati-atklaj-ka-mainijusas-cenas","status":"publish","type":"post","link":"https:\/\/www.europesays.com\/lv\/68916\/","title":{"rendered":"L\u0113t\u0101ka kafija, d\u0101rg\u0101ki d\u0101rze\u0146i. Jaun\u0101kie dati atkl\u0101j, k\u0101 main\u012bju\u0161\u0101s cenas"},"content":{"rendered":"<p>Kopum\u0101 12 m\u0113ne\u0161u vid\u0113jais cenu l\u012bmenis Latvij\u0101 pieaudzis par 3,7%.<\/p>\n<p>Kas k\u013cuvis l\u0113t\u0101ks, un kas d\u0101rg\u0101ks?<\/p>\n<p>Liel\u0101kais cenu kritums ir kafijai, svaigiem aug\u013ciem un atsevi\u0161\u0137iem piena produktiem \u2013 galvenok\u0101rt, akciju ietekm\u0113:<\/p>\n<ul>\n<li>Kafija -2,3%;<\/li>\n<li>Svaigi aug\u013ci -3%;<\/li>\n<li>Siers un biezpiens -2,5%;<\/li>\n<li>Piens -2,8%;<\/li>\n<li>M\u0101jputnu ga\u013ca -1,6%;<\/li>\n<li>Kartupe\u013ci -5,6%;<\/li>\n<li>Brokastu p\u0101rslas -6%, sulas -6,8%, sald\u0113jums -4%.<\/li>\n<\/ul>\n<p>Kur cenas pieauga?<\/p>\n<p>D\u0101rg\u0101ki k\u013cuvu\u0161i svaigi d\u0101rze\u0146i, k\u0101 ar\u012b \u017e\u0101v\u0113tas, k\u016bpin\u0101tas vai s\u0101l\u012btas zivis. Akciju nosl\u0113gumu ietekm\u0113 d\u0101rg\u0101ki k\u013cuva makaronu izstr\u0101d\u0101jumi un maize:<\/p>\n<ul>\n<li>Svaigi d\u0101rze\u0146i +9,4%;<\/li>\n<li>\u017d\u0101v\u0113tas\/s\u0101l\u012btas zivis +6,3%;<\/li>\n<li>Makaronu izstr\u0101d\u0101jumi +2,9%, maize +0,4%<\/li>\n<\/ul>\n<p>Alkoholisko dz\u0113rienu un tabakas izstr\u0101d\u0101jumu vid\u0113jais cenu l\u012bmenis m\u0113ne\u0161a laik\u0101 samazin\u0101j\u0101s par 0,5%. Alkoholisko dz\u0113rienu cenas samazin\u0101j\u0101s par 0,8%, ko ietekm\u0113ja cenu kritums alum un stiprajiem alkoholiskajiem dz\u0113rieniem, savuk\u0101rt d\u0101rg\u0101ks bija v\u012bns. Tabakas izstr\u0101d\u0101jumu cenas m\u0113ne\u0161a laik\u0101 palielin\u0101j\u0101s vid\u0113ji par 0,1%.<\/p>\n<p>Vesel\u012bbas apr\u016bpes grup\u0101 m\u0113ne\u0161a laik\u0101 vid\u0113jais cenu l\u012bmenis palielin\u0101j\u0101s par 0,5%. B\u016btisk\u0101k\u0101 ietekme uz cenu k\u0101pumu grup\u0101 akciju nosl\u0113g\u0161an\u0101s rezult\u0101t\u0101 bija farmaceitiskajiem produktiem (+0,8%).<\/p>\n<p>Ar transportu saist\u012bt\u0101s preces un pakalpojumi m\u0113ne\u0161a laik\u0101 k\u013cuva l\u0113t\u0101ki par 1,2%, ko galvenok\u0101rt ietekm\u0113ja cenu samazin\u0101jums pasa\u017eieru aviop\u0101rvad\u0101jumiem. Degviela sad\u0101rdzin\u0101j\u0101s par 0,6%, tostarp d\u012bze\u013cdegvielas cena pieauga par 0,9%, benz\u012bna \u2013 par 0,7%, savuk\u0101rt autog\u0101zes cena saruka par 1,4%.<\/p>\n<p>Ar atp\u016btu un kult\u016bru saist\u012bt\u0101m prec\u0113m un pakalpojumiem cenas m\u0113ne\u0161a laik\u0101 samazin\u0101j\u0101s par 0,6%. B\u016btisk\u0101k\u0101 ietekme uz samazin\u0101jumu bija kompleksajiem atp\u016btas pakalpojumiem, dai\u013cliterat\u016bras gr\u0101mat\u0101m un ziediem.<\/p>\n<p class=\"ad-desc ad-desc-main\">Saturs turpin\u0101s p\u0113c rekl\u0101mas<\/p>\n<p class=\"ad-desc ad-desc-sec\">Rekl\u0101ma<\/p>\n<p>Da\u017e\u0101du pre\u010du un pakalpojumu grup\u0101 cenas m\u0113ne\u0161a laik\u0101 palielin\u0101j\u0101s par 2%. D\u0101rg\u0101kas k\u013cuva person\u012bg\u0101s higi\u0113nas preces un skaistumkop\u0161anas l\u012bdzek\u013ci un uztur\u0113\u0161an\u0101s maksa veco \u013cau\u017eu pansion\u0101tos.<\/p>\n<p>P\u0101r\u0113j\u0101s pat\u0113ri\u0146a grup\u0101s noz\u012bm\u012bg\u0101kais cenu kritums m\u0113ne\u0161a laik\u0101 bija viesn\u012bcu pakalpojumiem, dabasg\u0101zei, siltumener\u0123ijai, apaviem. Savuk\u0101rt sad\u0101rdzin\u0101j\u0101s elektroener\u0123ija, ap\u0123\u0113rbi, k\u0101 ar\u012b m\u0101jok\u013ca t\u012br\u012b\u0161anas un kop\u0161anas l\u012bdzek\u013ci.<\/p>\n<p class=\"tv3-fw-500\">Zi\u0146o par k\u013c\u016bdu rakst\u0101<\/p>\n<p class=\"d-md-block d-none\">Iez\u012bm\u0113 k\u013c\u016bdaino tekstu un spied Ctrl+Enter.<\/p>\n<p class=\"d-md-none d-block\">Iez\u012bm\u0113 k\u013c\u016bdaino tekstu un zi\u0146o par to!<\/p>\n","protected":false},"excerpt":{"rendered":"Kopum\u0101 12 m\u0113ne\u0161u vid\u0113jais cenu l\u012bmenis Latvij\u0101 pieaudzis par 3,7%. Kas k\u013cuvis l\u0113t\u0101ks, un kas d\u0101rg\u0101ks? Liel\u0101kais cenu&hellip;\n","protected":false},"author":2,"featured_media":68917,"comment_status":"","ping_status":"","sticky":false,"template":"","format":"standard","meta":{"footnotes":""},"categories":[5],"tags":[23,28,29,17670,32,33,22,30,31,35,39,38,36,37,34,40,20,26,27,24,25,21],"class_list":{"0":"post-68916","1":"post","2":"type-post","3":"status-publish","4":"format-standard","5":"has-post-thumbnail","7":"category-aktualitates","8":"tag-aktualitates","9":"tag-breaking-news","10":"tag-breakingnews","11":"tag-cspgada-inflacija","12":"tag-featured-news","13":"tag-featurednews","14":"tag-headlines","15":"tag-latest-news","16":"tag-latestnews","17":"tag-latvia","18":"tag-latvian","19":"tag-latviesu","20":"tag-latviesu-valoda","21":"tag-latviesuvaloda","22":"tag-latvija","23":"tag-lv","24":"tag-news","25":"tag-popularakas-zinas","26":"tag-popularakaszinas","27":"tag-top-stories","28":"tag-topstories","29":"tag-zinas"},"share_on_mastodon":{"url":"https:\/\/pubeurope.com\/@lv\/115683880158949204","error":""},"_links":{"self":[{"href":"https:\/\/www.europesays.com\/lv\/wp-json\/wp\/v2\/posts\/68916","targetHints":{"allow":["GET"]}}],"collection":[{"href":"https:\/\/www.europesays.com\/lv\/wp-json\/wp\/v2\/posts"}],"about":[{"href":"https:\/\/www.europesays.com\/lv\/wp-json\/wp\/v2\/types\/post"}],"author":[{"embeddable":true,"href":"https:\/\/www.europesays.com\/lv\/wp-json\/wp\/v2\/users\/2"}],"replies":[{"embeddable":true,"href":"https:\/\/www.europesays.com\/lv\/wp-json\/wp\/v2\/comments?post=68916"}],"version-history":[{"count":0,"href":"https:\/\/www.europesays.com\/lv\/wp-json\/wp\/v2\/posts\/68916\/revisions"}],"wp:featuredmedia":[{"embeddable":true,"href":"https:\/\/www.europesays.com\/lv\/wp-json\/wp\/v2\/media\/68917"}],"wp:attachment":[{"href":"https:\/\/www.europesays.com\/lv\/wp-json\/wp\/v2\/media?parent=68916"}],"wp:term":[{"taxonomy":"category","embeddable":true,"href":"https:\/\/www.europesays.com\/lv\/wp-json\/wp\/v2\/categories?post=68916"},{"taxonomy":"post_tag","embeddable":true,"href":"https:\/\/www.europesays.com\/lv\/wp-json\/wp\/v2\/tags?post=68916"}],"curies":[{"name":"wp","href":"https:\/\/api.w.org\/{rel}","templated":true}]}}