{"id":68920,"date":"2025-12-08T12:12:14","date_gmt":"2025-12-08T12:12:14","guid":{"rendered":"https:\/\/www.europesays.com\/lv\/68920\/"},"modified":"2025-12-08T12:12:14","modified_gmt":"2025-12-08T12:12:14","slug":"satricinajums-futbola-pasaule-salahs-atklati-kritize-liverpool-un-neizsledz-aiziesanu","status":"publish","type":"post","link":"https:\/\/www.europesays.com\/lv\/68920\/","title":{"rendered":"Satricin\u0101jums futbola pasaul\u0113 \u2013 Sal\u0101hs atkl\u0101ti kritiz\u0113 &#8220;Liverpool&#8221; un neizsl\u0113dz aizie\u0161anu"},"content":{"rendered":"<p>Pasaules futbolu aizvad\u012btaj\u0101 ned\u0113\u013cas nogal\u0113 satricin\u0101ja ilggad\u0113j\u0101s &#8220;<a rel=\"noopener nofollow\" target=\"_blank\" href=\"https:\/\/www.delfi.lv\/temas\/35937195\/liverpool\" tag-id=\"35937195\">Liverpool<\/a>&#8221; zvaigznes Mohameda Sal\u0101ha izteikumi, kad vi\u0146\u0161 tre\u0161o sp\u0113li p\u0113c k\u0101rtas nevar\u0113ja doties laukum\u0101 pamatsast\u0101v\u0101. Vi\u0146a izteikumi izgaismoja spriedzi starp kluba le\u0123endu un galveno treneri Arni Slotu, apgalvojot, ka klubs vi\u0146u pametis zem autobusa.<\/p>\n<p>Sal\u0101hs aizvad\u012btajos gados bijis svar\u012bg\u0101kais sp\u0113l\u0113t\u0101js &#8220;Liverpool&#8221; sast\u0101v\u0101. Vi\u0146\u0161 ir tre\u0161ais visu laiku rezultat\u012bv\u0101kais sp\u0113l\u0113t\u0101js kluba v\u0113stur\u0113, bet pag\u0101ju\u0161aj\u0101 sezon\u0101 guva 34 v\u0101rtus izdar\u012bja 23 rezultat\u012bvas piesp\u0113les un sekm\u0113ja komandas premjerl\u012bgas titulu. Apr\u012bl\u012b vi\u0146\u0161 nosl\u0113dza jaunu l\u012bgumu ar klubu, kas paredz 400 t\u016bksto\u0161i m\u0101rci\u0146u lielu algu ned\u0113\u013c\u0101, bet piecus m\u0113ne\u0161us v\u0113l\u0101k vi\u0146\u0161 nesaprot, k\u0101p\u0113c vairs ar vi\u0146u ner\u0113\u0137in\u0101s.<\/p>\n<p>Ned\u0113\u013cas nogal\u0113 &#8220;Liverpool&#8221; piedz\u012bvoja k\u0101rt\u0113jo vil\u0161anos, nosp\u0113l\u0113jot neiz\u0161\u0137irti 3:3 ar &#8220;Leeds United&#8221;. Sal\u0101hs \u0161aj\u0101 ma\u010d\u0101 laukum\u0101 nedev\u0101s, un t\u0101 bija otr\u0101 reize tr\u012bs ma\u010du laik\u0101, kad vi\u0146\u0161 netika pie iesp\u0113jas sp\u0113l\u0113t. P\u0101ris dienas iepriek\u0161 vi\u0146\u0161 nosp\u0113l\u0113ja 45 min\u016btes pret &#8220;Sunderland&#8221;<\/p>\n<p>P\u0113c ma\u010da pret &#8220;Leeds United&#8221; vi\u0146\u0161 savos izteikumos nesl\u0113pa aizvainojumu, neizpratni, vil\u0161anos un r\u016bgtumu. Vi\u0146\u0161 skaidri pauda, ka attiec\u012bbas ar Slotu ir sagrautas un vasar\u0101 vi\u0146am sol\u012bts kaut kas pavisam cits.<\/p>\n<p>&#8220;K\u0101ds nev\u0113las mani \u0161aj\u0101 klub\u0101,&#8221; sac\u012bja rezultat\u012bvais uzbruc\u0113js. &#8220;Citur sp\u0113l\u0113t\u0101ju aizsarg\u0101tu, bet \u0161eit esmu probl\u0113ma.&#8221;<\/p>\n<p>&#8220;Es parakst\u012bju l\u012bgumu, jo dom\u0101ju, ka \u0161eit beig\u0161u karjeru,&#8221; vi\u0146\u0161 teica, kad \u017eurn\u0101listi piesk\u0101r\u0101s jaut\u0101jumam, vai vi\u0146\u0161 no\u017e\u0113lo jauno l\u012bgumu. &#8220;Bet tagad es nezinu, kas notiks. Negribu, lai tas beidzas \u0161\u0101di.&#8221;<\/p>\n<p>Ar\u012b attiec\u012bbas ar &#8220;Liverpool&#8221; galveno treneri Slotu s\u0101kotn\u0113ji biju\u0161as labas, bet tagad t\u0101s esot piln\u012bb\u0101 izzudu\u0161as. Piektdien treni\u0146b\u0101z\u0113 treneris vi\u0146u inform\u0113ja, ka tre\u0161\u0101 sp\u0113le p\u0113c k\u0101rtas b\u016bs j\u0101s\u0101k uz rezervistu soli\u0146a. &#8220;Nek\u0101du diskusiju, nek\u0101du sarunu, &#8221; vi\u0146\u0161 teica.<\/p>\n<p>&#8220;Es vienm\u0113r atbalst\u012b\u0161u \u0161o klubu. Mani b\u0113rni to vienm\u0113r atbalst\u012bs. Es tik \u013coti m\u012blu \u0161o klubu, es to vienm\u0113r atbalst\u012b\u0161u,&#8221; vi\u0146\u0161 turpin\u0101ja, pie\u013caujot, ka n\u0101kam\u0101 sp\u0113l\u0113 pret &#8220;Brighton&#8221; var\u0113tu b\u016bt vi\u0146am p\u0113d\u0113j\u0101 &#8220;Liverpool&#8221; sast\u0101v\u0101. Vi\u0146\u0161 uzaicin\u0101jis savus vec\u0101kus uz \u0161o ma\u010du, nemaz nezinot, vai dosies laukum\u0101. &#8220;Es nezinu, vai sp\u0113l\u0113\u0161u vai ne, bet es to izbaud\u012b\u0161u,&#8221; sac\u012bja \u0113\u0123iptietis.<\/p>\n<p>Sal\u0101hs, kur\u0161 gadiem bijis neat\u0146emama \u0161\u012bs komandas sast\u0101vda\u013ca, pirmo reizi publiski pie\u013c\u0101va iesp\u0113ju aiziet no &#8220;Liverpool&#8221; jau janv\u0101r\u012b. Sa\u016bda Ar\u0101bijas klubu interesi vi\u0146\u0161 neapstiprin\u0101ja, ta\u010du ar\u012b nenoliedza.<\/p>\n<p>&#8220;Man tas nav pie\u0146emami,&#8221; piebilda Sal\u0101hs. &#8220;Es nezinu, k\u0101p\u0113c tas notiek ar mani. Es to nesaprotu. Tagad es uzskatu, ka tieku mests zem autobusa, jo mani uzskata par probl\u0113mu.&#8221;<\/p>\n<p>&#8220;Liverpool&#8221; vado\u0161aj\u0101m amatperson\u0101m nebija piln\u012bgs p\u0101rsteigums, ka Salahs izteic\u0101s, ta\u010du vi\u0146a uzbrukums klubam un Slotam sniedz\u0101s t\u0101l\u0101k nek\u0101 tika gaid\u012bts.<\/p>\n<p>Vair\u0101ki &#8220;Liverpool&#8221; p\u0101rst\u0101vji bija gatavi tam, ka Sal\u0101hs p\u0113c \u0161\u012b ma\u010da n\u0101ks klaj\u0101 ar pazi\u0146ojumu, tom\u0113r negaid\u012bja, ka tie b\u016bs tik uzbr\u016bko\u0161i Slotam un klubam, raksta medijs &#8220;The Athletic&#8221;. &#8220;Liverpool&#8221; \u012bpa\u0161nieks &#8220;Fenway Sports Group&#8221; saglab\u0101 piln\u012bgu uztic\u012bbu Slotam, neskatoties uz \u0161\u012bm jaun\u0101kaj\u0101m pretrun\u0101m un sliktajiem rezult\u0101tiem.Tiek zi\u0146ots, ka Sa\u016bda Ar\u0101bijas Pro l\u012bgas un citi vado\u0161ie Eiropas klubi izr\u0101da lielu interesi par Sal\u0101hu.<\/p>\n<p><a rel=\"noopener nofollow\" target=\"_blank\" href=\"https:\/\/www.delfi.lv\/temas\/34705885\/anglijas-premjerliga\" tag-id=\"34705885\">Anglijas premjerl\u012bgas<\/a> kopv\u0113rt\u0113jum\u0101 &#8220;Liverpool&#8221; ar 23 punktiem 15 sp\u0113l\u0113s ierindojas dev\u012btaj\u0101 viet\u0101. Savuk\u0101rt Sal\u0101hs 13 sp\u0113l\u0113s guvis \u010detrus v\u0101rtus un izdar\u012bjis divas piesp\u0113les.<\/p>\n<p class=\"m-0\">Seko &#8220;Delfi&#8221; ar\u012b  <a target=\"_blank\" href=\"https:\/\/www.instagram.com\/delfi.lv\/\" rel=\"nofollow noopener\">Instagram<\/a>  un <a target=\"_blank\" href=\"https:\/\/www.youtube.com\/channel\/UCw5foWtcJvAbUm64rv7jwUQ\" rel=\"nofollow noopener\">YouTube<\/a>  profil\u0101 \u2013 pievienojies, lai uzzin\u0101tu svar\u012bg\u0101ko un interesant\u0101ko pirmais!<\/p>\n<p>Publik\u0101cijas saturs vai t\u0101s jebk\u0101da apjoma da\u013ca ir aizsarg\u0101ts autorties\u012bbu objekts Autorties\u012bbu likuma izpratn\u0113, un t\u0101 izmanto\u0161ana bez izdev\u0113ja at\u013caujas ir aizliegta. Vair\u0101k lasi  <a target=\"_blank\" href=\"https:\/\/www.delfi.lv\/noteikumi#autortiesibas\" rel=\"nofollow noopener\">\u0161eit<\/a><script async src=\"\/\/www.instagram.com\/embed.js\"><\/script><\/p>\n","protected":false},"excerpt":{"rendered":"Pasaules futbolu aizvad\u012btaj\u0101 ned\u0113\u013cas nogal\u0113 satricin\u0101ja ilggad\u0113j\u0101s &#8220;Liverpool&#8221; zvaigznes Mohameda Sal\u0101ha izteikumi, kad vi\u0146\u0161 tre\u0161o sp\u0113li p\u0113c k\u0101rtas&hellip;\n","protected":false},"author":2,"featured_media":68921,"comment_status":"","ping_status":"","sticky":false,"template":"","format":"standard","meta":{"footnotes":""},"categories":[17],"tags":[13099,35,39,38,36,37,34,2482,40,67],"class_list":{"0":"post-68920","1":"post","2":"type-post","3":"status-publish","4":"format-standard","5":"has-post-thumbnail","7":"category-sports","8":"tag-anglijas-premjerliga","9":"tag-latvia","10":"tag-latvian","11":"tag-latviesu","12":"tag-latviesu-valoda","13":"tag-latviesuvaloda","14":"tag-latvija","15":"tag-liverpool","16":"tag-lv","17":"tag-sports"},"share_on_mastodon":{"url":"https:\/\/pubeurope.com\/@lv\/115683888297995248","error":""},"_links":{"self":[{"href":"https:\/\/www.europesays.com\/lv\/wp-json\/wp\/v2\/posts\/68920","targetHints":{"allow":["GET"]}}],"collection":[{"href":"https:\/\/www.europesays.com\/lv\/wp-json\/wp\/v2\/posts"}],"about":[{"href":"https:\/\/www.europesays.com\/lv\/wp-json\/wp\/v2\/types\/post"}],"author":[{"embeddable":true,"href":"https:\/\/www.europesays.com\/lv\/wp-json\/wp\/v2\/users\/2"}],"replies":[{"embeddable":true,"href":"https:\/\/www.europesays.com\/lv\/wp-json\/wp\/v2\/comments?post=68920"}],"version-history":[{"count":0,"href":"https:\/\/www.europesays.com\/lv\/wp-json\/wp\/v2\/posts\/68920\/revisions"}],"wp:featuredmedia":[{"embeddable":true,"href":"https:\/\/www.europesays.com\/lv\/wp-json\/wp\/v2\/media\/68921"}],"wp:attachment":[{"href":"https:\/\/www.europesays.com\/lv\/wp-json\/wp\/v2\/media?parent=68920"}],"wp:term":[{"taxonomy":"category","embeddable":true,"href":"https:\/\/www.europesays.com\/lv\/wp-json\/wp\/v2\/categories?post=68920"},{"taxonomy":"post_tag","embeddable":true,"href":"https:\/\/www.europesays.com\/lv\/wp-json\/wp\/v2\/tags?post=68920"}],"curies":[{"name":"wp","href":"https:\/\/api.w.org\/{rel}","templated":true}]}}