{"id":68924,"date":"2025-12-08T12:15:23","date_gmt":"2025-12-08T12:15:23","guid":{"rendered":"https:\/\/www.europesays.com\/lv\/68924\/"},"modified":"2025-12-08T12:15:23","modified_gmt":"2025-12-08T12:15:23","slug":"saimnieko-ar-verienu-cep-maizi-audze-aitas-vada-bekereju-un-uznem-turistus-ciemos-pie-purvinsku-gimenes-raksts","status":"publish","type":"post","link":"https:\/\/www.europesays.com\/lv\/68924\/","title":{"rendered":"Saimnieko ar v\u0113rienu \u2013 cep maizi, audz\u0113 aitas, vada be\u0137ereju un uz\u0146em t\u016bristus. Ciemos pie Purvinsku \u0123imenes \/ Raksts"},"content":{"rendered":"<p>No m\u0101jra\u017eo\u0161anas sav\u0101 virtuv\u0113 l\u012bdz Bric\u0113nu ceptuvei L\u0113dmanes pagast\u0101 un be\u0137erejai Lielv\u0101rd\u0113 \u2013 t\u0101ds bijis Purvinsku \u0123imenes ce\u013c\u0161. T\u0113tis Valdis cep rupjmaizi, konditorejas ceh\u0101 top da\u017e\u0101di saldumi, bet meita Liene kop\u0101 ar v\u012bru vada be\u0137ereju. Mamma \u0100rija savuk\u0101rt piepild\u012bjusi sapni par aitu gan\u0101mpulku, saimniec\u012bb\u0101 uz\u0146em t\u016bristus, v\u0113st\u012bja Latvijas Radio raid\u012bjums &#8220;Stiprie st\u0101sti&#8221;.<\/p>\n<p>                Lai p\u0101rtiktu, vajag v\u0113rienu<\/p>\n<p>Purvinsku \u0123imenes saimniec\u012bb\u0101, net\u0101lu no ceptuves, kur top gan rupjmaize, gan da\u017e\u0101das smalkmaiz\u012btes, pl\u012bvo Latvijas karogs.\u00a0<\/p>\n<blockquote>\n<p>&#8220;Tas mums ir tie\u0161\u0101m sv\u0113ts. M\u0113s m\u012blam savu zemi, m\u0101c\u0101m to b\u0113rniem un mazb\u0113rniem. Karogs ir goda viet\u0101,&#8221; pauda \u0100rija.<\/p>\n<\/blockquote>\n<p>\u0122imenes uz\u0146\u0113mum\u0101 str\u0101d\u0101 gan \u0100rija un Valdis, gan vi\u0146u meita Liene ar v\u012bru Arni. Saimniec\u012bb\u0101 audz\u0113 graudus, iev\u0101c sienu un tur aitas, k\u0101 ar\u012b kopj \u0101be\u013cd\u0101rzus un ogu kr\u016bmus, kuru ra\u017ea p\u0113c tam tiek izmantota konditorej\u0101.<\/p>\n<p>Valdis tur ar\u012b bites, no kur\u0101m iev\u0101c medu. Vi\u0146\u0161 priec\u0101j\u0101s, ka \u0161ovasar pie \u0161\u012bs nodarbes pirmo gadu g\u0101ju\u0161i l\u012bdzi ar\u012b mazb\u0113rni.\u00a0<\/p>\n<p><img decoding=\"async\" src=\"https:\/\/www.europesays.com\/lv\/wp-content\/uploads\/2025\/12\/s6x0.jpg\" alt=\"Ciemos Purvinsku \u0123imenes saimniec\u012bb\u0101.\"\/>Ciemos Purvinsku \u0123imenes saimniec\u012bb\u0101.<\/p>\n<p>Foto: Daina Zalamane\/ Latvijas Radio<\/p>\n<\/p>\n<p>Pla\u0161o saimniec\u012bbu \u0123imene att\u012bsta gadiem ilgi. Pirms vi\u0146iem L\u0113dmanes pagasta Bric\u0113nos dz\u012bvoja \u0100rijas vec\u0101ki.\u00a0&#8220;Tas bija 1974. gads \u2013 no S\u0113lijas uz \u0161ejieni uz dz\u012bvi p\u0101rc\u0113l\u0101s mana mamma un mans t\u0113tis kop\u0101 ar mani, br\u0101li un m\u0101su. Vi\u0146iem iedeva \u0161o m\u0101ju, un vi\u0146i s\u0101ka str\u0101d\u0101t \u2013 mamma lopkop\u012bb\u0101, t\u0113tis bija mehanizators. Pa\u0161i te k\u016bti\u0146u uzb\u016bv\u0113ja, te bija ferma, piena teli\u0146us tur\u0113ja, un te mamma str\u0101d\u0101ja,&#8221; st\u0101st\u012bja \u0100rija.<\/p>\n<p>V\u0113l\u0101k vi\u0146as vec\u0101ki, kad par\u0101d\u012bj\u0101s t\u0101da iesp\u0113ja, m\u0101ju no kolhoza atpirka un s\u0101ka saimniekot pa\u0161i.\u00a0<\/p>\n<p><img decoding=\"async\" src=\"https:\/\/www.europesays.com\/lv\/wp-content\/uploads\/2025\/12\/s6x1.jpg\" alt=\"Ciemos Purvinsku \u0123imenes saimniec\u012bb\u0101.\"\/>Ciemos Purvinsku \u0123imenes saimniec\u012bb\u0101.<\/p>\n<p>Foto: Daina Zalamane\/ Latvijas Radio<\/p>\n<p><img decoding=\"async\" src=\"https:\/\/www.europesays.com\/lv\/wp-content\/uploads\/2025\/12\/s6x2.jpg\" alt=\"Ciemos Purvinsku \u0123imenes saimniec\u012bb\u0101.\"\/>Ciemos Purvinsku \u0123imenes saimniec\u012bb\u0101.<\/p>\n<p>Foto: Daina Zalamane\/ Latvijas Radio<\/p>\n<\/p>\n<p>Savuk\u0101rt ar Valdi, kur\u0161 uzaudzis C\u0113su pus\u0113, \u0100rija iepazin\u0101s, m\u0101coties pav\u0101ru skol\u0101 Valmier\u0101. P\u0113c skolas \u0100rijai bija darbs Lielv\u0101rdes \u0113dn\u012bc\u0101, un vi\u0146ai l\u012bdzi uz Lielv\u0101rdi atn\u0101ca ar\u012b Valdis, kur\u0161 s\u0101kotn\u0113ji str\u0101d\u0101ja melior\u0101cijas nozar\u0113, jo p\u0113c izgl\u012bt\u012bbas ir meliorators.<\/p>\n<p>Valdis nor\u0101d\u012bja: &#8220;No 1989. gada es esmu Bre\u0161a zemnieks [pirmie individu\u0101lie zemnieki padomju okup\u0101cijas beigu posm\u0101 \u2013 red.] \u2013 viens no pirmajiem kolhoz\u0101. S\u0101kum\u0101 te mums nemaz nek\u0101das zemes nebija, ilgi bija j\u0101c\u012bn\u0101s, bet dab\u016bju, un tad s\u0101k\u0101m. Pirku tehniku, att\u012bst\u012bj\u0101m lauksaimniec\u012bbu, audz\u0113j\u0101m piena govis, c\u016bkas, siv\u0113nm\u0101tes. Viss bija, visu izprov\u0113j\u0101m,&#8221; st\u0101st\u012bja Valdis.<\/p>\n<p>Ta\u010du ar laiku k\u013cuvis skaidrs \u2013 lai nodarbotos un peln\u012btu tikai ar lauksaimniec\u012bbu, vajag vair\u0101k zemes. Valdim pa\u0161am bija 62 hekt\u0101ri, bet \u0100rijas vec\u0101kiem \u2013 50.<\/p>\n<p>&#8220;Tas ir par maz. Vajag vismaz 300. Jo ar \u0161ito mazumi\u0146u \u2013 ko ieliki, to izc\u0113li, tad san\u0101k t\u0101 \u2013 no rokas mut\u0113,&#8221; atzina Valdis.<\/p>\n<p><img decoding=\"async\" src=\"https:\/\/www.europesays.com\/lv\/wp-content\/uploads\/2025\/12\/s6x3.jpg\" alt=\"Ciemos Purvinsku \u0123imenes saimniec\u012bb\u0101.\"\/>Ciemos Purvinsku \u0123imenes saimniec\u012bb\u0101.<\/p>\n<p>Foto: Daina Zalamane\/ Latvijas Radio<\/p>\n<\/p>\n<p>Lauku saimniec\u012bb\u0101 uzaugu\u0161as abu meitas \u2013 Liene un L\u012bga. Liene atzina, ka no b\u0113rn\u012bbas \u013coti labi atceras smago darbu un gar\u0101s bie\u0161u vagas. Ar\u012b v\u0113l\u0101k vienm\u0113r bijis j\u0101pal\u012bdz ne tikai ar rav\u0113\u0161anu, bet ar\u012b daudziem citiem lauku darbiem. Br\u012bv\u0101 laika meit\u0101m bija maz.<\/p>\n<blockquote>\n<p>&#8220;Bet tas ir iedevis t\u0101du krampi meiten\u0113m \u2013 t\u0101 lauku dz\u012bve, un t\u0101p\u0113c stipra ir Liene, stipra ir L\u012bga\u2026 Vi\u0146as var visu,&#8221; pauda \u0100rija.<\/p>\n<\/blockquote>\n<p><img decoding=\"async\" src=\"https:\/\/www.europesays.com\/lv\/wp-content\/uploads\/2025\/12\/s6x5.jpg\" alt=\"Ciemos Purvinsku \u0123imenes saimniec\u012bb\u0101.\"\/>Ciemos Purvinsku \u0123imenes saimniec\u012bb\u0101.<\/p>\n<p>Foto: Daina Zalamane\/ Latvijas Radio<\/p>\n<p><img decoding=\"async\" src=\"https:\/\/www.europesays.com\/lv\/wp-content\/uploads\/2025\/12\/s6x4.jpg\" alt=\"Ciemos Purvinsku \u0123imenes saimniec\u012bb\u0101.\"\/>Ciemos Purvinsku \u0123imenes saimniec\u012bb\u0101.<\/p>\n<p>Foto: Daina Zalamane\/ Latvijas Radio<\/p>\n<\/p>\n<p>Tagad saimniec\u012bba galvenok\u0101rt v\u0113rsta uz aitkop\u012bbu, jo \u0100rijai izdevies piepild\u012bt sapni par savu aitu gan\u0101mpulku. \u0100ra aplok\u0101 ar\u012b ziemas laik\u0101 dz\u012bvo vesel\u012bgas, apa\u013cas Latvijas tum\u0161galves un Tekselas \u0161\u0137irnes aitas, no kur\u0101m saimnieki ieg\u016bst gan ga\u013cu, gan vilnu.<\/p>\n<p>&#8220;Kad cirp\u0113ji atbrauc pavasar\u012b, vienm\u0113r saka \u2013 kur tev tik lielas aitas\u2026 Ir ar&#8221; lielas, t\u0101d\u0113\u013c, ka \u0113d sienu, cik lien, un vasar\u0101 z\u0101li \u0113d, iet gan\u012bb\u0101s, kur uz padsmit hekt\u0101riem aploki ir satais\u012bti,&#8221; st\u0101st\u012bja Valdis.<\/p>\n<p><img decoding=\"async\" src=\"https:\/\/www.europesays.com\/lv\/wp-content\/uploads\/2025\/12\/s6x6.jpg\" alt=\"Ciemos Purvinsku \u0123imenes saimniec\u012bb\u0101.\"\/>Ciemos Purvinsku \u0123imenes saimniec\u012bb\u0101.<\/p>\n<p>Foto: Daina Zalamane\/ Latvijas Radio<\/p>\n<\/p>\n<p>S\u0101ka pietic\u012bgi, bet nu darbojas ar v\u0113rienu<\/p>\n<p>Ta\u010du \u0161obr\u012bd, iesp\u0113jams, galven\u0101 \u0123imenes nodarbe ir maizes un konditorejas izstr\u0101d\u0101jumu cep\u0161ana un tirgo\u0161ana.\u00a0<\/p>\n<blockquote>\n<p>&#8220;S\u0101k\u0101m maiz\u012bti\u00a0cept v\u0113l dz\u012bvokl\u012b, Lielv\u0101rd\u0113 uz maza galdi\u0146a pie &#8220;Maximas&#8221; tirgot. V\u012brs s\u0101ka cept maizi, es p\u012br\u0101dzi\u0146us cepu, meita cepa medus k\u016bku. T\u0101 m\u0113s s\u0101k\u0101m,&#8221; atkl\u0101ja \u0100rija.\u00a0<\/p>\n<\/blockquote>\n<p>Guvu\u0161i lielu atsauc\u012bbu, v\u0113l\u0101k vi\u0146i nol\u0113ma \u0113ku, kur k\u0101dreiz atrad\u0101s k\u016bts un siena \u0161\u0137\u016bnis, pa\u0161u sp\u0113kiem p\u0101rb\u016bv\u0113t par ceptuvi, kur\u0101 Valdis joproj\u0101m cep lielus, tr\u012bs kilogramus smagus rupjmaizes kuku\u013cus.<\/p>\n<p><img decoding=\"async\" src=\"https:\/\/www.europesays.com\/lv\/wp-content\/uploads\/2025\/12\/s6x7.jpg\" alt=\"Ciemos Purvinsku \u0123imenes saimniec\u012bb\u0101.\"\/>Ciemos Purvinsku \u0123imenes saimniec\u012bb\u0101.<\/p>\n<p>Foto: Daina Zalamane\/ Latvijas Radio<\/p>\n<\/p>\n<p>\u0160obr\u012bd saimnieki ceptuv\u0113 ar\u012b uz\u0146em viesus. B\u0113rniem, kas brauc ekskursij\u0101s uz ceptuvi, vi\u0146i demonstr\u0113, k\u0101ds ir maizes ce\u013c\u0161 no grauda l\u012bdz maizei.\u00a0<\/p>\n<p>Pirms pieciem gadiem \u0123imenes uz\u0146\u0113mum\u0101 v\u0113l akt\u012bv\u0101k un pamat\u012bg\u0101k nek\u0101 iepriek\u0161 iesaist\u012bj\u0101s ar\u012b meita Liene ar v\u012bru Arni. Abi izveidoja be\u0137ereju Lielv\u0101rd\u0113.\u00a0<\/p>\n<p>&#8220;Tas bija kovida projekts. Man bija viens dekr\u0113ts, tad otrs, un darb\u0101 es \u012bsti vairs negrib\u0113ju atgriezties. Bija divi mazi b\u0113rni, un \u0161\u0137ita, ka vajag kaut ko savu, jo es paral\u0113li tik un t\u0101 cepu k\u016bkas. Teik\u0161u, ka aizg\u0101ja. Lik\u0101s, ka ir ta\u010du kovids, visi t\u0101di sabiju\u0161ies, k\u0101 nu b\u016bs, bet aizg\u0101ja,&#8221; st\u0101st\u012bja Liene.<\/p>\n<p><img decoding=\"async\" src=\"https:\/\/www.europesays.com\/lv\/wp-content\/uploads\/2025\/12\/s6xa.jpg\" alt=\"Ciemos Purvinsku \u0123imenes saimniec\u012bb\u0101.\"\/>Ciemos Purvinsku \u0123imenes saimniec\u012bb\u0101.<\/p>\n<p>Foto: Daina Zalamane\/ Latvijas Radio<\/p>\n<p><img decoding=\"async\" src=\"https:\/\/www.europesays.com\/lv\/wp-content\/uploads\/2025\/12\/s6x8.jpg\" alt=\"Ciemos Purvinsku \u0123imenes saimniec\u012bb\u0101.\"\/>Ciemos Purvinsku \u0123imenes saimniec\u012bb\u0101.<\/p>\n<p>Foto: Daina Zalamane\/ Latvijas Radio<\/p>\n<p><img decoding=\"async\" src=\"https:\/\/www.europesays.com\/lv\/wp-content\/uploads\/2025\/12\/s6x9.jpg\" alt=\"Ciemos Purvinsku \u0123imenes saimniec\u012bb\u0101.\"\/>Ciemos Purvinsku \u0123imenes saimniec\u012bb\u0101.<\/p>\n<p>Foto: Daina Zalamane\/ Latvijas Radio<\/p>\n<\/p>\n<p>Lielv\u0101rdi vi\u0146i izv\u0113l\u0113j\u0101s, jo tas ir tuvu m\u0101j\u0101m. Be\u0137erej\u0101 vi\u0146i tirgo visu pla\u0161o kl\u0101stu, ko cep pa\u0161i un vec\u0101ki, un papildus tam pied\u0101v\u0101 ar\u012b pa\u0161u cept\u0101s m\u0101jas picas.<\/p>\n<p>&#8220;Tas bija t\u0101ds n\u0101ko\u0161ais solis mums, kad m\u0113s saprat\u0101m, ka vajag nevis tikai pa tirgiem braukt, bet t\u0101du\u00a0stabilu standarta vieti\u0146u, jo cilv\u0113ki visu laiku prasa, kur j\u016bs v\u0113l var atrast. Tad m\u0113s sp\u0113r\u0101m to soli, izveidojot savu be\u0137ereju \u2013 m\u0113s pal\u012bdz\u0113j\u0101m s\u0101kotn\u0113ji jaunie\u0161iem to be\u0137ereju att\u012bst\u012bt,&#8221; st\u0101st\u012bja \u0100rija.<\/p>\n<p><img decoding=\"async\" src=\"https:\/\/www.europesays.com\/lv\/wp-content\/uploads\/2025\/12\/s6xb.jpg\" alt=\"Ciemos Purvinsku \u0123imenes saimniec\u012bb\u0101.\"\/>Ciemos Purvinsku \u0123imenes saimniec\u012bb\u0101.<\/p>\n<p>Foto: Daina Zalamane\/ Latvijas Radio<\/p>\n<p><img decoding=\"async\" src=\"https:\/\/www.europesays.com\/lv\/wp-content\/uploads\/2025\/12\/s6xc.jpg\" alt=\"Ciemos Purvinsku \u0123imenes saimniec\u012bb\u0101.\"\/>Ciemos Purvinsku \u0123imenes saimniec\u012bb\u0101.<\/p>\n<p>Foto: Daina Zalamane\/ Latvijas Radio<\/p>\n<\/p>\n<p>Papildus visam iepriek\u0161min\u0113tajam, Liene ar v\u012bru ieg\u0101d\u0101j\u0101s ar\u012b nelielu busi\u0146u, ar kuru vasar\u0101s dodas izbraukumu tirdzniec\u012bb\u0101. Ta\u010du visus l\u0113mumus vi\u0146i \u0123imen\u0113 pie\u0146em apdom\u012bgi \u2013 kop\u0101 izv\u0113rt\u0113jot, vai risks atmaks\u0101sies.\u00a0<\/p>\n<blockquote>\n<p>&#8220;Ja vien\u0101 reiz\u0113 neiet tas, tad iet kaut kas cits, t\u0101p\u0113c ple\u0161amies uz vis\u0101m pus\u0113m tik daudz. T\u0101 ir, nevar tikai uz vienas nodarbes palikt \u2013 tikai cept maiz\u012bti, j\u0101b\u016bt kaut kam blakus,&#8221; pauda \u0100rija.<\/p>\n<\/blockquote>\n<p>Lienei ir divas augst\u0101k\u0101s izgl\u012bt\u012bbas \u2013 kult\u016bras mened\u017ement\u0101 un biznesa vad\u012bb\u0101, ta\u010du \u0161obr\u012bd vi\u0146a pl\u0101no apg\u016bt nepiecie\u0161am\u0101s zin\u0101\u0161anas ar\u012b lauksaimniec\u012bb\u0101, lai pieteiktos jauno lauksaimnieku atbalstam, rakst\u012btu projektus un turpin\u0101tu att\u012bst\u012bt vec\u0101ku saimniec\u012bbu.\u00a0<\/p>\n","protected":false},"excerpt":{"rendered":"No m\u0101jra\u017eo\u0161anas sav\u0101 virtuv\u0113 l\u012bdz Bric\u0113nu ceptuvei L\u0113dmanes pagast\u0101 un be\u0137erejai Lielv\u0101rd\u0113 \u2013 t\u0101ds bijis Purvinsku \u0123imenes ce\u013c\u0161.&hellip;\n","protected":false},"author":2,"featured_media":68925,"comment_status":"","ping_status":"","sticky":false,"template":"","format":"standard","meta":{"footnotes":""},"categories":[12],"tags":[23,28,29,32,33,22,30,31,35,39,38,36,37,34,40,20,26,27,24,25,21],"class_list":{"0":"post-68924","1":"post","2":"type-post","3":"status-publish","4":"format-standard","5":"has-post-thumbnail","7":"category-latvija","8":"tag-aktualitates","9":"tag-breaking-news","10":"tag-breakingnews","11":"tag-featured-news","12":"tag-featurednews","13":"tag-headlines","14":"tag-latest-news","15":"tag-latestnews","16":"tag-latvia","17":"tag-latvian","18":"tag-latviesu","19":"tag-latviesu-valoda","20":"tag-latviesuvaloda","21":"tag-latvija","22":"tag-lv","23":"tag-news","24":"tag-popularakas-zinas","25":"tag-popularakaszinas","26":"tag-top-stories","27":"tag-topstories","28":"tag-zinas"},"share_on_mastodon":{"url":"https:\/\/pubeurope.com\/@lv\/115683900319931892","error":""},"_links":{"self":[{"href":"https:\/\/www.europesays.com\/lv\/wp-json\/wp\/v2\/posts\/68924","targetHints":{"allow":["GET"]}}],"collection":[{"href":"https:\/\/www.europesays.com\/lv\/wp-json\/wp\/v2\/posts"}],"about":[{"href":"https:\/\/www.europesays.com\/lv\/wp-json\/wp\/v2\/types\/post"}],"author":[{"embeddable":true,"href":"https:\/\/www.europesays.com\/lv\/wp-json\/wp\/v2\/users\/2"}],"replies":[{"embeddable":true,"href":"https:\/\/www.europesays.com\/lv\/wp-json\/wp\/v2\/comments?post=68924"}],"version-history":[{"count":0,"href":"https:\/\/www.europesays.com\/lv\/wp-json\/wp\/v2\/posts\/68924\/revisions"}],"wp:featuredmedia":[{"embeddable":true,"href":"https:\/\/www.europesays.com\/lv\/wp-json\/wp\/v2\/media\/68925"}],"wp:attachment":[{"href":"https:\/\/www.europesays.com\/lv\/wp-json\/wp\/v2\/media?parent=68924"}],"wp:term":[{"taxonomy":"category","embeddable":true,"href":"https:\/\/www.europesays.com\/lv\/wp-json\/wp\/v2\/categories?post=68924"},{"taxonomy":"post_tag","embeddable":true,"href":"https:\/\/www.europesays.com\/lv\/wp-json\/wp\/v2\/tags?post=68924"}],"curies":[{"name":"wp","href":"https:\/\/api.w.org\/{rel}","templated":true}]}}