{"id":68926,"date":"2025-12-08T12:16:13","date_gmt":"2025-12-08T12:16:13","guid":{"rendered":"https:\/\/www.europesays.com\/lv\/68926\/"},"modified":"2025-12-08T12:16:13","modified_gmt":"2025-12-08T12:16:13","slug":"proteste-pret-autocelu-lietosanas-nodevu-komercauto-lidz-35-tonnam","status":"publish","type":"post","link":"https:\/\/www.europesays.com\/lv\/68926\/","title":{"rendered":"Protest\u0113 pret autoce\u013cu lieto\u0161anas nodevu komercauto l\u012bdz 3,5 tonn\u0101m"},"content":{"rendered":"<p class=\"lead\">\n                                Pie Ministru kabineta (MK) sv\u0113tdien notika protests pret autoce\u013cu lieto\u0161anas nodevu komercauto l\u012bdz 3,5 tonn\u0101m. Dal\u012bbnieki pauda neapmierin\u0101t\u012bbu, izmantojot auto ska\u0146as sign\u0101lus. Policija ierobe\u017eoja kust\u012bbu gar vald\u012bbas \u0113ku. Piketa laik\u0101 netika fiks\u0113ti b\u016btiski starpgad\u012bjumi, ta\u010du s\u0101kti divi administrat\u012bvo p\u0101rk\u0101pumu procesi.\n                            <\/p>\n<p>Protest\u0101 piedal\u012bj\u0101s ar\u012b vair\u0101ki opoz\u012bcijas politi\u0137i \u2014 Saeimas deput\u0101ti Edgars Tavars un Lauris Lizbovskis (AS), Ramona Petravi\u010da (LPV), k\u0101 ar\u012b R\u012bgas domnieks R\u016bdolfs Br\u0113manis (SV\/AJ). Pie MK ierad\u0101s ar\u012b biolo\u0123iskais zemnieks un Latvijas Za\u013c\u0101s partijas valdes loceklis P\u0113teris Dimants, kur\u0161 akcijas nosl\u0113gum\u0101 br\u012bdin\u0101ja janv\u0101r\u012b atgriezties &#8220;ar dak\u0161\u0101m&#8221;.\u00a0<\/p>\n<p><img decoding=\"async\" class=\"img-fluid mb-3\" loading=\"lazy\" src=\"https:\/\/www.europesays.com\/lv\/wp-content\/uploads\/2025\/12\/2025120811330769369b538c7d3.jpg\" alt=\"Protests pret autoce\u013cu lieto\u0161anas nodevu komercauto l\u012bdz 3,5.\"\/><\/p>\n<p> Protests pie Ministru kabineta <\/p>\n<p> Protests pret autoce\u013cu lieto\u0161anas nodevu komercauto l\u012bdz 3,5 tonn\u0101m pie Ministru kabineta. <\/p>\n<p> Protests pret autoce\u013cu lieto\u0161anas nodevu komercauto l\u012bdz 3,5. <\/p>\n<p> Protests pret autoce\u013cu lieto\u0161anas nodevu komercauto l\u012bdz 3,5 tonn\u0101m pie Ministru kabineta. <\/p>\n<p>Protesta dal\u012bbnieki uzsv\u0113ra, ka<\/p>\n<blockquote>\n<p>b\u016btiski pieaugu\u0161\u0101s vinje\u0161u maksas un papla\u0161in\u0101tais maks\u0101t\u0101ju loks negat\u012bvi ietekm\u0113s uz\u0146\u0113m\u0113jdarb\u012bbu un iedz\u012bvot\u0101jus.<\/p>\n<\/blockquote>\n<p>Saeim\u0101 decembr\u012b pie\u0146emtie groz\u012bjumi Autoce\u013cu lieto\u0161anas nodevas likum\u0101 paredz l\u012bdz pat 38% maksas pieaugumu komercauto l\u012bdz 3,5 tonn\u0101m, bet atsevi\u0161\u0137\u0101m kategorij\u0101m \u2014 pat par 67%. Nodeva turpm\u0101k attieksies ar\u012b uz da\u013cu re\u0123ion\u0101lo ce\u013cu. Kriti\u0137i nor\u0101da, ka \u0161\u0101das izmai\u0146as palielin\u0101s izmaksas vismaz 27 000 transportl\u012bdzek\u013cu \u012bpa\u0161niekiem un veicin\u0101s infl\u0101ciju, vienlaikus liedzot bezmaksas alternat\u012bvus mar\u0161rutus. Vald\u012bba skaidro, ka m\u0113r\u0137is ir segt infrastrukt\u016bras uztur\u0113\u0161anas izmaksas un stimul\u0113t videi draudz\u012bgus transportl\u012bdzek\u013cus.<\/p>\n<p> Aptauja <\/p>\n<p> Par kuru t\u0113mu LASI.LV v\u0113l\u0113tos uzzin\u0101t un las\u012bt v\u0113l vair\u0101k? <\/p>\n<p class=\"paragraph-muted\">Izv\u0113lies savu soct\u012bklu platformu, lai sekotu LASI.LV: <a href=\"https:\/\/www.facebook.com\/portals.lasi.lv\" target=\"_blank\" rel=\"noopener noreferrer nofollow\">Facebook<\/a>, <a href=\"https:\/\/twitter.com\/lasilvportals\" target=\"_blank\" rel=\"noopener noreferrer nofollow\">X<\/a>, <a href=\"https:\/\/bsky.app\/profile\/lasilv.bsky.social\" target=\"_blank\" rel=\"noopener noreferrer nofollow\">Bluesky<\/a>, <a href=\"https:\/\/www.draugiem.lv\/lasilv\/?pg=4\" target=\"_blank\" rel=\"noopener noreferrer nofollow\">Draugiem<\/a> vai ar\u012b <a href=\"https:\/\/www.instagram.com\/lasilv_zinas\/\" target=\"_blank\" rel=\"noopener noreferrer nofollow\">Instagram<\/a>. Pievienojies m\u016bsu las\u012bt\u0101ju pulkam, lai sa\u0146emtu \u012bpa\u0161i tev atlas\u012btu noder\u012bgu, praktisku un aktu\u0101lu saturu.\u00a0<\/p>\n<p><a href=\"https:\/\/lasi.lv\/abonesana\" rel=\"nofollow noopener\" target=\"_blank\">Abon\u0113<\/a>\u00a0LASI.LV gadam\u00a0vai k\u0101du no\u00a0&#8220;Latvijas Mediju&#8221; periodiskajiem izdevumiem 2026. gadam, un laim\u0113 1500 eiro vai Philips kafijas autom\u0101tu. Loterijas at\u013caujas nr. 8744.<\/p>\n<p><img decoding=\"async\" src=\"https:\/\/www.europesays.com\/lv\/wp-content\/uploads\/2025\/12\/1764637092_906_2025100311425268df8c8c1572e.jpg\" alt=\"\" loading=\"lazy\"\/><\/p>\n<p style=\"margin-left:auto;\">Pieraksties LASI.LV redaktora v\u0113stkopai <a href=\"https:\/\/lasi.lv\/vestkopa\/lasi-lv-galvena-redaktora-vestkopa\" rel=\"nofollow noopener\" target=\"_blank\">\u0161eit<\/a>.<\/p>\n<p>Pieraksties v\u0113stkopai un divas reizes ned\u0113\u013c\u0101 sa\u0146em padzi\u013cin\u0101tu LASI.LV galven\u0101 redaktora aktu\u0101lo zi\u0146u, kompetentu viedok\u013cu un interesant\u0101ko interviju apkopojumu.<\/p>\n<p>Ko tu sa\u0146emsi:<\/p>\n<ul>\n<li>Daudzveid\u012bgus koment\u0101rus un kompetentus Latvijas Mediju \u017eurn\u0101listu un autoru viedok\u013cus par aktu\u0101lo<\/li>\n<li>Ekspertu koment\u0101rus par da\u017e\u0101diem praktiskiem, noder\u012bgiem tematiem<\/li>\n<li>Aizraujo\u0161us materi\u0101lus par v\u0113sturi, psiholo\u0123iju, kult\u016bru<\/li>\n<li>Gata \u0160\u013c\u016bkas karikat\u016bru<\/li>\n<li>Tav\u0101 e-pasta kast\u012bt\u0113 katru ceturtdienu<\/li>\n<\/ul>\n<p style=\"margin-left:auto;\">\u00a0<\/p>\n<p><script async src=\"https:\/\/platform.twitter.com\/widgets.js\" charset=\"utf-8\"><\/script><script async src=\"\/\/www.instagram.com\/embed.js\"><\/script><\/p>\n","protected":false},"excerpt":{"rendered":"Pie Ministru kabineta (MK) sv\u0113tdien notika protests pret autoce\u013cu lieto\u0161anas nodevu komercauto l\u012bdz 3,5 tonn\u0101m. Dal\u012bbnieki pauda neapmierin\u0101t\u012bbu,&hellip;\n","protected":false},"author":2,"featured_media":68927,"comment_status":"","ping_status":"","sticky":false,"template":"","format":"standard","meta":{"footnotes":""},"categories":[5],"tags":[23,28,29,32,33,22,30,31,35,39,38,36,37,34,40,20,26,27,24,25,21],"class_list":{"0":"post-68926","1":"post","2":"type-post","3":"status-publish","4":"format-standard","5":"has-post-thumbnail","7":"category-aktualitates","8":"tag-aktualitates","9":"tag-breaking-news","10":"tag-breakingnews","11":"tag-featured-news","12":"tag-featurednews","13":"tag-headlines","14":"tag-latest-news","15":"tag-latestnews","16":"tag-latvia","17":"tag-latvian","18":"tag-latviesu","19":"tag-latviesu-valoda","20":"tag-latviesuvaloda","21":"tag-latvija","22":"tag-lv","23":"tag-news","24":"tag-popularakas-zinas","25":"tag-popularakaszinas","26":"tag-top-stories","27":"tag-topstories","28":"tag-zinas"},"share_on_mastodon":{"url":"https:\/\/pubeurope.com\/@lv\/115683903581129998","error":""},"_links":{"self":[{"href":"https:\/\/www.europesays.com\/lv\/wp-json\/wp\/v2\/posts\/68926","targetHints":{"allow":["GET"]}}],"collection":[{"href":"https:\/\/www.europesays.com\/lv\/wp-json\/wp\/v2\/posts"}],"about":[{"href":"https:\/\/www.europesays.com\/lv\/wp-json\/wp\/v2\/types\/post"}],"author":[{"embeddable":true,"href":"https:\/\/www.europesays.com\/lv\/wp-json\/wp\/v2\/users\/2"}],"replies":[{"embeddable":true,"href":"https:\/\/www.europesays.com\/lv\/wp-json\/wp\/v2\/comments?post=68926"}],"version-history":[{"count":0,"href":"https:\/\/www.europesays.com\/lv\/wp-json\/wp\/v2\/posts\/68926\/revisions"}],"wp:featuredmedia":[{"embeddable":true,"href":"https:\/\/www.europesays.com\/lv\/wp-json\/wp\/v2\/media\/68927"}],"wp:attachment":[{"href":"https:\/\/www.europesays.com\/lv\/wp-json\/wp\/v2\/media?parent=68926"}],"wp:term":[{"taxonomy":"category","embeddable":true,"href":"https:\/\/www.europesays.com\/lv\/wp-json\/wp\/v2\/categories?post=68926"},{"taxonomy":"post_tag","embeddable":true,"href":"https:\/\/www.europesays.com\/lv\/wp-json\/wp\/v2\/tags?post=68926"}],"curies":[{"name":"wp","href":"https:\/\/api.w.org\/{rel}","templated":true}]}}