{"id":68938,"date":"2025-12-08T12:28:09","date_gmt":"2025-12-08T12:28:09","guid":{"rendered":"https:\/\/www.europesays.com\/lv\/68938\/"},"modified":"2025-12-08T12:28:09","modified_gmt":"2025-12-08T12:28:09","slug":"rosina-apsudzet-valsts-policijas-amatpersonu","status":"publish","type":"post","link":"https:\/\/www.europesays.com\/lv\/68938\/","title":{"rendered":"Rosina aps\u016bdz\u0113t Valsts policijas amatpersonu"},"content":{"rendered":"<p>IDB Noziedz\u012bgu nodar\u012bjumu valsts instit\u016bciju dienest\u0101 izmekl\u0113\u0161anas prokurat\u016brai nos\u016bt\u012bjis krimin\u0101lprocesu krimin\u0101lvaj\u0101\u0161anas s\u0101k\u0161anai pret Valsts policijas R\u012bgas re\u0123iona p\u0101rvaldes amatpersonu par kuku\u013c\u0146em\u0161anu un neizpau\u017eamu zi\u0146u izpau\u0161anu, k\u0101 ar\u012b pret priv\u0101tpersonu &#8211; par kuku\u013cdo\u0161anu un tabakas izstr\u0101d\u0101jumu nelikum\u012bgu glab\u0101\u0161anu.<\/p>\n<p>Pirmstiesas izmekl\u0113\u0161anas gait\u0101 tika g\u016bti pier\u0101d\u012bjumi tam, ka Valsts policijas amatpersona ilgsto\u0161\u0101 laika period\u0101 priv\u0101tpersonai izpauda inform\u0101ciju par Valsts policijas pl\u0101notaj\u0101m procesu\u0101laj\u0101m darb\u012bb\u0101m, k\u0101 ar\u012b nodro\u0161in\u0101ja to, ka netiek konstat\u0113tas priv\u0101tpersonas prettiesisk\u0101s darb\u012bbas tabakas izstr\u0101d\u0101jumu nelikum\u012bgas aprites jom\u0101, par to sa\u0146emot materi\u0101lu labumu.<\/p>\n<p>IDB, veicot izmekl\u0113\u0161anas darb\u012bbas, priv\u0101tpersonas dz\u012bvesviet\u0101 atrada un iz\u0146\u0113ma cigaretes bez Latvijas akc\u012bzes nodok\u013ca mark\u0101m.<\/p>\n<p>Valsts policijas amatpersonai ir piem\u0113roti ar br\u012bv\u012bbas at\u0146em\u0161anu nesaist\u012bti dro\u0161\u012bbas l\u012bdzek\u013ci, tai skait\u0101 aizliegums ie\u0146emt noteiktu amatu.<\/p>\n","protected":false},"excerpt":{"rendered":"IDB Noziedz\u012bgu nodar\u012bjumu valsts instit\u016bciju dienest\u0101 izmekl\u0113\u0161anas prokurat\u016brai nos\u016bt\u012bjis krimin\u0101lprocesu krimin\u0101lvaj\u0101\u0161anas s\u0101k\u0161anai pret Valsts policijas R\u012bgas re\u0123iona p\u0101rvaldes&hellip;\n","protected":false},"author":2,"featured_media":68939,"comment_status":"","ping_status":"","sticky":false,"template":"","format":"standard","meta":{"footnotes":""},"categories":[5],"tags":[23,28,29,32,33,22,9169,30,31,35,39,38,36,37,34,40,20,26,27,24,25,21],"class_list":{"0":"post-68938","1":"post","2":"type-post","3":"status-publish","4":"format-standard","5":"has-post-thumbnail","7":"category-aktualitates","8":"tag-aktualitates","9":"tag-breaking-news","10":"tag-breakingnews","11":"tag-featured-news","12":"tag-featurednews","13":"tag-headlines","14":"tag-ieksejas-drosibas-birojs","15":"tag-latest-news","16":"tag-latestnews","17":"tag-latvia","18":"tag-latvian","19":"tag-latviesu","20":"tag-latviesu-valoda","21":"tag-latviesuvaloda","22":"tag-latvija","23":"tag-lv","24":"tag-news","25":"tag-popularakas-zinas","26":"tag-popularakaszinas","27":"tag-top-stories","28":"tag-topstories","29":"tag-zinas"},"share_on_mastodon":{"url":"https:\/\/pubeurope.com\/@lv\/115683950870815577","error":""},"_links":{"self":[{"href":"https:\/\/www.europesays.com\/lv\/wp-json\/wp\/v2\/posts\/68938","targetHints":{"allow":["GET"]}}],"collection":[{"href":"https:\/\/www.europesays.com\/lv\/wp-json\/wp\/v2\/posts"}],"about":[{"href":"https:\/\/www.europesays.com\/lv\/wp-json\/wp\/v2\/types\/post"}],"author":[{"embeddable":true,"href":"https:\/\/www.europesays.com\/lv\/wp-json\/wp\/v2\/users\/2"}],"replies":[{"embeddable":true,"href":"https:\/\/www.europesays.com\/lv\/wp-json\/wp\/v2\/comments?post=68938"}],"version-history":[{"count":0,"href":"https:\/\/www.europesays.com\/lv\/wp-json\/wp\/v2\/posts\/68938\/revisions"}],"wp:featuredmedia":[{"embeddable":true,"href":"https:\/\/www.europesays.com\/lv\/wp-json\/wp\/v2\/media\/68939"}],"wp:attachment":[{"href":"https:\/\/www.europesays.com\/lv\/wp-json\/wp\/v2\/media?parent=68938"}],"wp:term":[{"taxonomy":"category","embeddable":true,"href":"https:\/\/www.europesays.com\/lv\/wp-json\/wp\/v2\/categories?post=68938"},{"taxonomy":"post_tag","embeddable":true,"href":"https:\/\/www.europesays.com\/lv\/wp-json\/wp\/v2\/tags?post=68938"}],"curies":[{"name":"wp","href":"https:\/\/api.w.org\/{rel}","templated":true}]}}