{"id":68944,"date":"2025-12-08T12:34:13","date_gmt":"2025-12-08T12:34:13","guid":{"rendered":"https:\/\/www.europesays.com\/lv\/68944\/"},"modified":"2025-12-08T12:34:13","modified_gmt":"2025-12-08T12:34:13","slug":"taizeme-veic-gaisa-uzlidojumus-kambodzai-raksts","status":"publish","type":"post","link":"https:\/\/www.europesays.com\/lv\/68944\/","title":{"rendered":"Taizeme veic gaisa uzlidojumus Kambod\u017eai \/ Raksts"},"content":{"rendered":"<p>Taizeme pirmdien s\u0101ka gaisa uzlidojumus Kambod\u017e\u0101, ab\u0101m pus\u0113m aps\u016bdzot pret\u0113jo par uzbrukumiem.\u00a0<\/p>\n<p>Taizemes armija pirmdien pazi\u0146oja, ka jaun\u0101s robe\u017esadursm\u0113s ar Kambod\u017eu nogalin\u0101ts viens Taizemes karav\u012brs un vair\u0101ki citi ievainoti. Savuk\u0101rt Kambod\u017eas Aizsardz\u012bbas ministrija pazi\u0146ojusi, ka uzbrukumu pirmdien div\u0101s pierobe\u017eas provinc\u0113s s\u0101ku\u0161i Taizemes sp\u0113ki un Kambod\u017ea neesot atbild\u0113jusi.<\/p>\n<p>Oktobr\u012b abas puses ar ASV prezidenta Donalda Trampa starpniec\u012bbu pan\u0101ca miera l\u012bgumu, no kura gan novembra pirmaj\u0101 pus\u0113 Taizeme izst\u0101j\u0101s, k\u0101 iemeslu cit\u0113jot incidentu uz robe\u017eas.<\/p>\n<p>Laik\u0101 no j\u016blija l\u012bdz oktobrim sadursm\u0113s uz robe\u017eas nogalin\u0101ti vismaz 43 cilv\u0113ki. Bet vair\u0101k nek\u0101 300 000 civiliedz\u012bvot\u0101ju ab\u0101s robe\u017eas pus\u0113s bija spiesti pamest savas m\u0101jas.<\/p>\n<p>Abu valstu starp\u0101 jau gadu desmitiem past\u0101v domstarp\u012bbas par pierobe\u017eas apgabaliem, bet sadursmes j\u016blij\u0101 izrais\u012bja Taizemes apgalvojumi, ka Kambod\u017ea izvietojusi gar robe\u017eu m\u012bnas, kas ievainoju\u0161as Taizemes karav\u012brus.<\/p>\n<p>                    Valodas k\u013c\u016bda rakst\u0101?<\/p>\n<p class=\"d-none d-md-block\">Iez\u012bm\u0113jiet tekstu un spiediet Ctrl+Enter, lai nos\u016bt\u012btu labojamo teksta fragmentu redaktoram! Par faktu k\u013c\u016bd\u0101m l\u016bdzam zi\u0146ot e-past\u0101 <a href=\"https:\/\/www.lsm.lv\/cdn-cgi\/l\/email-protection\" class=\"__cf_email__\" data-cfemail=\"34465150555f575d5e55745847591a5842\" rel=\"nofollow noopener\" target=\"_blank\">[email\u00a0protected]<\/a>.<\/p>\n<p class=\"d-md-none\">Iez\u012bm\u0113jiet tekstu un spiediet uz Zi\u0146ot par k\u013c\u016bdu pogas, lai nos\u016bt\u012btu labojamo teksta fragmentu redaktoram!<\/p>\n<p>\n                    Zi\u0146ot par k\u013c\u016bdu\n                <\/p>\n","protected":false},"excerpt":{"rendered":"Taizeme pirmdien s\u0101ka gaisa uzlidojumus Kambod\u017e\u0101, ab\u0101m pus\u0113m aps\u016bdzot pret\u0113jo par uzbrukumiem.\u00a0 Taizemes armija pirmdien pazi\u0146oja, ka jaun\u0101s&hellip;\n","protected":false},"author":2,"featured_media":68945,"comment_status":"","ping_status":"","sticky":false,"template":"","format":"standard","meta":{"footnotes":""},"categories":[5],"tags":[23,28,29,32,33,22,30,31,35,39,38,36,37,34,40,20,26,27,24,25,21],"class_list":{"0":"post-68944","1":"post","2":"type-post","3":"status-publish","4":"format-standard","5":"has-post-thumbnail","7":"category-aktualitates","8":"tag-aktualitates","9":"tag-breaking-news","10":"tag-breakingnews","11":"tag-featured-news","12":"tag-featurednews","13":"tag-headlines","14":"tag-latest-news","15":"tag-latestnews","16":"tag-latvia","17":"tag-latvian","18":"tag-latviesu","19":"tag-latviesu-valoda","20":"tag-latviesuvaloda","21":"tag-latvija","22":"tag-lv","23":"tag-news","24":"tag-popularakas-zinas","25":"tag-popularakaszinas","26":"tag-top-stories","27":"tag-topstories","28":"tag-zinas"},"share_on_mastodon":{"url":"https:\/\/pubeurope.com\/@lv\/115683974423444434","error":""},"_links":{"self":[{"href":"https:\/\/www.europesays.com\/lv\/wp-json\/wp\/v2\/posts\/68944","targetHints":{"allow":["GET"]}}],"collection":[{"href":"https:\/\/www.europesays.com\/lv\/wp-json\/wp\/v2\/posts"}],"about":[{"href":"https:\/\/www.europesays.com\/lv\/wp-json\/wp\/v2\/types\/post"}],"author":[{"embeddable":true,"href":"https:\/\/www.europesays.com\/lv\/wp-json\/wp\/v2\/users\/2"}],"replies":[{"embeddable":true,"href":"https:\/\/www.europesays.com\/lv\/wp-json\/wp\/v2\/comments?post=68944"}],"version-history":[{"count":0,"href":"https:\/\/www.europesays.com\/lv\/wp-json\/wp\/v2\/posts\/68944\/revisions"}],"wp:featuredmedia":[{"embeddable":true,"href":"https:\/\/www.europesays.com\/lv\/wp-json\/wp\/v2\/media\/68945"}],"wp:attachment":[{"href":"https:\/\/www.europesays.com\/lv\/wp-json\/wp\/v2\/media?parent=68944"}],"wp:term":[{"taxonomy":"category","embeddable":true,"href":"https:\/\/www.europesays.com\/lv\/wp-json\/wp\/v2\/categories?post=68944"},{"taxonomy":"post_tag","embeddable":true,"href":"https:\/\/www.europesays.com\/lv\/wp-json\/wp\/v2\/tags?post=68944"}],"curies":[{"name":"wp","href":"https:\/\/api.w.org\/{rel}","templated":true}]}}