{"id":68959,"date":"2025-12-08T13:02:14","date_gmt":"2025-12-08T13:02:14","guid":{"rendered":"https:\/\/www.europesays.com\/lv\/68959\/"},"modified":"2025-12-08T13:02:14","modified_gmt":"2025-12-08T13:02:14","slug":"divu-cilveku-nave-ludzas-novada-ezera-avarejusi-laiva-veda-austrumu-robezas-buvniekus","status":"publish","type":"post","link":"https:\/\/www.europesays.com\/lv\/68959\/","title":{"rendered":"Divu cilv\u0113ku n\u0101ve Ludzas novada ezer\u0101 \u2013 avar\u0113jus\u012b laiva veda austrumu robe\u017eas b\u016bvniekus"},"content":{"rendered":"<p>P\u0113c LTV r\u012bc\u012bb\u0101 eso\u0161\u0101s inform\u0101cijas tra\u0123iskais negad\u012bjums noticis Peite\u013ca ezer\u0101 uz pa\u0161as Latvijas \u2013 Krievijas robe\u017eas.<\/p>\n<p>VN\u012a valdes priek\u0161s\u0113d\u0113t\u0101js Ren\u0101rs Gri\u0161kevi\u010ds apstiprin\u0101ja, ka piektdien sa\u0146emta inform\u0101ciju no darbu veic\u0113ja VAS \u201cLatvijas autoce\u013cu uztur\u0113t\u0101js\u201d par nelaimes gad\u012bjumu, kas noticis Krievijas robe\u017eas projekta teritorij\u0101. \u201cPa\u0161laik m\u016bsu r\u012bc\u012bb\u0101 ir tikai s\u0101kotn\u0113j\u0101 inform\u0101cija, un detaliz\u0113tus koment\u0101rus par notiku\u0161\u0101 apst\u0101k\u013ciem var sniegt dienesti, kas veic izmekl\u0113\u0161anu. Izsak\u0101m visdzi\u013c\u0101ko l\u012bdzj\u016bt\u012bbu boj\u0101g\u0101ju\u0161o tuviniekiem,\u201d pauda Gri\u0161kevi\u010ds.<\/p>\n<p>Pla\u0161\u0101kus koment\u0101rus VN\u012a sola sniegt, kad inform\u0101cija b\u016bs ofici\u0101li preciz\u0113ta. Valsts policija par notiku\u0161o s\u0101kusi krimin\u0101lprocesu.<\/p>\n<p>VAS \u201cLatvijas autoce\u013cu uztur\u0113t\u0101js\u201d (LAU) komunik\u0101cijas vad\u012bt\u0101ja Sanita Baginska apstiprin\u0101ja, ka \u201cnegad\u012bjum\u0101 cietu\u0161\u0101s personas ir VAS \u201cLatvijas autoce\u013cu uztur\u0113t\u0101js\u201d apak\u0161uz\u0146\u0113m\u0113ja darbinieki. Vi\u0146u r\u012bc\u012bb\u0101 eso\u0161\u0101 inform\u0101cija liecina, ka negad\u012bjuma br\u012bd\u012b personas atrad\u0101s laiv\u0101, dodoties no darba objekta atpaka\u013c uz krastu. Darbi uz ezera netika veikti.<\/p>\n<p>\u201cPa\u0161laik norit izmekl\u0113\u0161ana. To, vai notiku\u0161ais ir saist\u012bts ar darba dro\u0161\u012bbas pras\u012bbu iev\u0113ro\u0161anu, noskaidros Valsts policija. Vienlaikus esam s\u0101ku\u0161i iek\u0161\u0113jo izmekl\u0113\u0161anu un sniegsim visu nepiecie\u0161amo inform\u0101ciju atbild\u012bgaj\u0101m iest\u0101d\u0113m,\u201d piebilda Baginska.<\/p>\n<p class=\"ad-desc ad-desc-main\">Saturs turpin\u0101s p\u0113c rekl\u0101mas<\/p>\n<p class=\"ad-desc ad-desc-sec\">Rekl\u0101ma<\/p>\n<p>Gan VN\u012a, gan LAU nor\u0101d\u012bja, ka nelaimes gad\u012bjums nerad\u012bs kav\u0113jumus projekta izpild\u0113 un robe\u017eas izb\u016bves darbi turpin\u0101sies p\u0113c pl\u0101na. \u017doga izb\u016bvi uz Latvijas \u2013 Krievijas robe\u017eas pl\u0101nots piln\u012bb\u0101 pabeigt l\u012bdz \u0161\u012b gada beig\u0101m.<\/p>\n<p>K\u0101 zi\u0146ots, piektdien plkst. 16.16 tika sa\u0146emts izsaukums Ludzas novad\u0101, kur, k\u0101 liecin\u0101ja sa\u0146emt\u0101 inform\u0101cija, ezer\u0101 apg\u0101zusies laiva ar pieciem cilv\u0113kiem. Pirms gl\u0101b\u0113ju iera\u0161an\u0101s cilv\u0113kus s\u0101ka gl\u0101bt aculiecinieks.<\/p>\n<p>Gl\u0101b\u0113ji notikuma viet\u0101, izmantojot laivu, kopum\u0101 krast\u0101 nog\u0101d\u0101ja piecus cilv\u0113kus, no kuriem vienam Neatliekam\u0101s medic\u012bnisk\u0101s pal\u012bdz\u012bbas dienesta medi\u0137i konstat\u0113ja n\u0101vi.<\/p>\n<p>V\u0113l vienu cilv\u0113ku izdev\u0101s atrast sestdien. Persona g\u0101jusi boj\u0101.<\/p>\n<p class=\"tv3-fw-500\">Zi\u0146o par k\u013c\u016bdu rakst\u0101<\/p>\n<p class=\"d-md-block d-none\">Iez\u012bm\u0113 k\u013c\u016bdaino tekstu un spied Ctrl+Enter.<\/p>\n<p class=\"d-md-none d-block\">Iez\u012bm\u0113 k\u013c\u016bdaino tekstu un zi\u0146o par to!<\/p>\n","protected":false},"excerpt":{"rendered":"P\u0113c LTV r\u012bc\u012bb\u0101 eso\u0161\u0101s inform\u0101cijas tra\u0123iskais negad\u012bjums noticis Peite\u013ca ezer\u0101 uz pa\u0161as Latvijas \u2013 Krievijas robe\u017eas. VN\u012a valdes&hellip;\n","protected":false},"author":2,"featured_media":68960,"comment_status":"","ping_status":"","sticky":false,"template":"","format":"standard","meta":{"footnotes":""},"categories":[14],"tags":[23,57,17675,28,29,32,33,22,30,31,35,39,38,36,37,34,40,20,26,27,24,25,54,55,56,21,58],"class_list":{"0":"post-68959","1":"post","2":"type-post","3":"status-publish","4":"format-standard","5":"has-post-thumbnail","7":"category-zinas-no-arvalstim","8":"tag-aktualitates","9":"tag-arvalstim","10":"tag-austrumu-robezaizsaukumi-vugdludzas-novadsdazadi","11":"tag-breaking-news","12":"tag-breakingnews","13":"tag-featured-news","14":"tag-featurednews","15":"tag-headlines","16":"tag-latest-news","17":"tag-latestnews","18":"tag-latvia","19":"tag-latvian","20":"tag-latviesu","21":"tag-latviesu-valoda","22":"tag-latviesuvaloda","23":"tag-latvija","24":"tag-lv","25":"tag-news","26":"tag-popularakas-zinas","27":"tag-popularakaszinas","28":"tag-top-stories","29":"tag-topstories","30":"tag-world","31":"tag-world-news","32":"tag-worldnews","33":"tag-zinas","34":"tag-zinas-no-arvalstim"},"share_on_mastodon":{"url":"https:\/\/pubeurope.com\/@lv\/115684084487378170","error":""},"_links":{"self":[{"href":"https:\/\/www.europesays.com\/lv\/wp-json\/wp\/v2\/posts\/68959","targetHints":{"allow":["GET"]}}],"collection":[{"href":"https:\/\/www.europesays.com\/lv\/wp-json\/wp\/v2\/posts"}],"about":[{"href":"https:\/\/www.europesays.com\/lv\/wp-json\/wp\/v2\/types\/post"}],"author":[{"embeddable":true,"href":"https:\/\/www.europesays.com\/lv\/wp-json\/wp\/v2\/users\/2"}],"replies":[{"embeddable":true,"href":"https:\/\/www.europesays.com\/lv\/wp-json\/wp\/v2\/comments?post=68959"}],"version-history":[{"count":0,"href":"https:\/\/www.europesays.com\/lv\/wp-json\/wp\/v2\/posts\/68959\/revisions"}],"wp:featuredmedia":[{"embeddable":true,"href":"https:\/\/www.europesays.com\/lv\/wp-json\/wp\/v2\/media\/68960"}],"wp:attachment":[{"href":"https:\/\/www.europesays.com\/lv\/wp-json\/wp\/v2\/media?parent=68959"}],"wp:term":[{"taxonomy":"category","embeddable":true,"href":"https:\/\/www.europesays.com\/lv\/wp-json\/wp\/v2\/categories?post=68959"},{"taxonomy":"post_tag","embeddable":true,"href":"https:\/\/www.europesays.com\/lv\/wp-json\/wp\/v2\/tags?post=68959"}],"curies":[{"name":"wp","href":"https:\/\/api.w.org\/{rel}","templated":true}]}}