{"id":68963,"date":"2025-12-08T13:08:07","date_gmt":"2025-12-08T13:08:07","guid":{"rendered":"https:\/\/www.europesays.com\/lv\/68963\/"},"modified":"2025-12-08T13:08:07","modified_gmt":"2025-12-08T13:08:07","slug":"vacija-sogad-gaidams-11-gados-lielakais-uznemumu-bankrota-gadijumu-skaits-diena","status":"publish","type":"post","link":"https:\/\/www.europesays.com\/lv\/68963\/","title":{"rendered":"V\u0101cij\u0101 \u0161ogad gaid\u0101ms 11 gados liel\u0101kais uz\u0146\u0113mumu bankrota gad\u012bjumu skaits \/ Diena"},"content":{"rendered":"<p>P\u0113rn V\u0101cijas ties\u0101s tika re\u0123istr\u0113ti gandr\u012bz 24 100 uz\u0146\u0113mumu bankrota gad\u012bjumi.<\/p>\n<p>&#13;<br \/>\n&#13;<\/p>\n<p>&#8220;Lielai da\u013cai uz\u0146\u0113mumu ir lielas par\u0101dsaist\u012bbas, tiem ir gr\u016bti ieg\u016bt jaunus aizdevumus un tie saskaras ar t\u0101diem izaicin\u0101jumiem k\u0101 augstas ener\u0123ijas cenas vai birokr\u0101tija,&#8221; nor\u0101da &#8220;Creditreform&#8221;.<\/p>\n<p>&#13;<br \/>\n&#13;<\/p>\n<p>Jo sevi\u0161\u0137i lielas gr\u016bt\u012bbas izj\u016bt vid\u0113ja izm\u0113ra \u0123imenes uz\u0146\u0113mumi, kuri tradicion\u0101li tiek uzskat\u012bti par galveno labkl\u0101j\u012bbas pamatu, skaidro &#8220;Creditreform&#8221;.<\/p>\n<p>&#13;<br \/>\n&#13;<\/p>\n<p>Vienlaikus gan pal\u0113nin\u0101s uz\u0146\u0113mumu bankrota gad\u012bjumu skaita pieauguma temps.. Gan p\u0113rn, gan 2024. gad\u0101 tas palielin\u0101j\u0101s par gandr\u012bz 25%, jo tika p\u0101rtrauktas valsts subs\u012bdijas, kuras uz\u0146\u0113mumi sa\u0146\u0113ma koronav\u012brusa pand\u0113mijas laik\u0101.<\/p>\n<p>&#13;<br \/>\n&#13;<\/p>\n<p>Liela da\u013ca ekonomistu uzskata, ka V\u0101cijas vald\u012bbas iecer\u0113t\u0101s invest\u012bcijas infrastrukt\u016brai un aizsardz\u012bbai vair\u0101ku miljardu eiro apm\u0113r\u0101 atjaunos valsts ekonomikas izaugsmi 2026. gad\u0101, ta\u010du &#8220;Creditreform&#8221; aicina \u012bstenot papildu pas\u0101kumus, lai ietvertu ar\u012b ener\u0123ijas cenu samazin\u0101\u0161anu.<\/p>\n<p>&#13;<\/p>\n","protected":false},"excerpt":{"rendered":"P\u0113rn V\u0101cijas ties\u0101s tika re\u0123istr\u0113ti gandr\u012bz 24 100 uz\u0146\u0113mumu bankrota gad\u012bjumi. &#13; &#13; &#8220;Lielai da\u013cai uz\u0146\u0113mumu ir lielas&hellip;\n","protected":false},"author":2,"featured_media":68964,"comment_status":"","ping_status":"","sticky":false,"template":"","format":"standard","meta":{"footnotes":""},"categories":[14],"tags":[23,57,28,29,32,33,22,30,31,35,39,38,36,37,34,40,20,26,27,24,25,54,55,56,21,58],"class_list":{"0":"post-68963","1":"post","2":"type-post","3":"status-publish","4":"format-standard","5":"has-post-thumbnail","7":"category-zinas-no-arvalstim","8":"tag-aktualitates","9":"tag-arvalstim","10":"tag-breaking-news","11":"tag-breakingnews","12":"tag-featured-news","13":"tag-featurednews","14":"tag-headlines","15":"tag-latest-news","16":"tag-latestnews","17":"tag-latvia","18":"tag-latvian","19":"tag-latviesu","20":"tag-latviesu-valoda","21":"tag-latviesuvaloda","22":"tag-latvija","23":"tag-lv","24":"tag-news","25":"tag-popularakas-zinas","26":"tag-popularakaszinas","27":"tag-top-stories","28":"tag-topstories","29":"tag-world","30":"tag-world-news","31":"tag-worldnews","32":"tag-zinas","33":"tag-zinas-no-arvalstim"},"share_on_mastodon":{"url":"https:\/\/pubeurope.com\/@lv\/115684108197401138","error":""},"_links":{"self":[{"href":"https:\/\/www.europesays.com\/lv\/wp-json\/wp\/v2\/posts\/68963","targetHints":{"allow":["GET"]}}],"collection":[{"href":"https:\/\/www.europesays.com\/lv\/wp-json\/wp\/v2\/posts"}],"about":[{"href":"https:\/\/www.europesays.com\/lv\/wp-json\/wp\/v2\/types\/post"}],"author":[{"embeddable":true,"href":"https:\/\/www.europesays.com\/lv\/wp-json\/wp\/v2\/users\/2"}],"replies":[{"embeddable":true,"href":"https:\/\/www.europesays.com\/lv\/wp-json\/wp\/v2\/comments?post=68963"}],"version-history":[{"count":0,"href":"https:\/\/www.europesays.com\/lv\/wp-json\/wp\/v2\/posts\/68963\/revisions"}],"wp:featuredmedia":[{"embeddable":true,"href":"https:\/\/www.europesays.com\/lv\/wp-json\/wp\/v2\/media\/68964"}],"wp:attachment":[{"href":"https:\/\/www.europesays.com\/lv\/wp-json\/wp\/v2\/media?parent=68963"}],"wp:term":[{"taxonomy":"category","embeddable":true,"href":"https:\/\/www.europesays.com\/lv\/wp-json\/wp\/v2\/categories?post=68963"},{"taxonomy":"post_tag","embeddable":true,"href":"https:\/\/www.europesays.com\/lv\/wp-json\/wp\/v2\/tags?post=68963"}],"curies":[{"name":"wp","href":"https:\/\/api.w.org\/{rel}","templated":true}]}}