{"id":68965,"date":"2025-12-08T13:09:08","date_gmt":"2025-12-08T13:09:08","guid":{"rendered":"https:\/\/www.europesays.com\/lv\/68965\/"},"modified":"2025-12-08T13:09:08","modified_gmt":"2025-12-08T13:09:08","slug":"viesu-maja-laimnieki-izdemoleta-nra-lv","status":"publish","type":"post","link":"https:\/\/www.europesays.com\/lv\/68965\/","title":{"rendered":"Viesu m\u0101ja &#8216;Laimnieki&#8217; izdemol\u0113ta &#8211; nra.lv"},"content":{"rendered":"<p class=\"descr\">Ne visi pret cita mantu izturas ar piet\u0101ti. Pavisam nel\u0101gu situ\u0101ciju piedz\u012bvojusi k\u0101da viesu nama saimniece Ropa\u017eu novad\u0101 &#8211; viesi aiz sevis atst\u0101ju\u0161i katastrofu, turkl\u0101t v\u0113l aizb\u0113gu\u0161i, apsk\u0101d\u0113jot saimnieku auto. Odzi\u0146u uz tortes v\u0113l pasp\u0113j uzlikt policija, pav\u0113stot \u0161\u012b posta\u017ea vien civilstr\u012bds esot.<\/p>\n<p>Par viesu \u0101l\u0113\u0161an\u0101s vietu k\u013cuva viesu m\u0101j\u0101 \u201cLaimnieki\u201d. <\/p>\n<p>  &#8220;Airbnb rezerv\u0101cija uz vienu nakti izv\u0113rt\u0101s par murgainu <a href=\"https:\/\/nra.lv\/birka\/vandalisms\/\" target=\"_blank\" rel=\"noopener nofollow\">vandalisma<\/a> aktu, kas rad\u012bja t\u016bksto\u0161iem eiro zaud\u0113jumus un apdraud\u0113ja ar\u012b manu vec\u0101ku dro\u0161\u012bbu.    <\/p>\n<p>Kad viesi 7. decembra r\u012bt\u0101 aizb\u0113ga, m\u0113s atrad\u0101m \u0161ausmino\u0161u skatu:<\/p>\n<p>Izlauztas un salauztas durvis<\/p>\n<p>Sapl\u0113stas izlietnes, saboj\u0101ts d\u017eakuzi<\/p>\n<p>Sapl\u0113sti trauki un izdemol\u0113ts invent\u0101rs<\/p>\n<p>Gr\u012bdas appl\u016bdu\u0161as un pies\u0101r\u0146otas ar vem\u0161anu<\/p>\n<p>Visp\u0101r\u0113js, m\u0113r\u0137tiec\u012bgs, brut\u0101ls vandalisms<\/p>\n<p>Un pats briesm\u012bg\u0101kais &#8211; mans t\u0113vs, m\u0113\u0123inot aptur\u0113t vain\u012bgos l\u012bdz policijas iera\u0161an\u0101s br\u012bdim, tika pak\u013cauts nopietnam apdraud\u0113jumam.<\/p>\n<p>B\u0113got, \u0161ie cilv\u0113ki ar Tesla auto t\u012b\u0161i uzbrauca vi\u0146a ma\u0161\u012bnai, radot iev\u0113rojamus boj\u0101jumus. T\u0101 vairs nav \u201cnek\u0101rt\u012bba\u201d, tas ir krimin\u0101lnoziegums,&#8221; raksta Krist\u012bne. <\/p>\n<p>Sieviete st\u0101sta, ka Valsts policija atteic\u0101s notiku\u0161o fiks\u0113t k\u0101 noziegumu, pazi\u0146ojot, ka tas esot \u201cciviltiesisks str\u012bds\u201d.<\/p>\n<p>&#8220;Jaut\u0101jums \u2014 kop\u0161 kura laika vand\u0101lisms, izn\u012bcin\u0101ta manta un transportl\u012bdzek\u013ca boj\u0101\u0161ana ir civillieta? Kur paliek cilv\u0113ku dro\u0161\u012bba? Kur paliek tiesiskums?&#8221; tauj\u0101 Krist\u012bne. <\/p>\n<p>Caur Airdnb ir noskaidrota neadekv\u0101t\u0101s personas v\u0101rds un uzv\u0101rds. Iesniegums ir iesniegts gan Airdnb, gan Valsts policij\u0101.<\/p>\n","protected":false},"excerpt":{"rendered":"Ne visi pret cita mantu izturas ar piet\u0101ti. Pavisam nel\u0101gu situ\u0101ciju piedz\u012bvojusi k\u0101da viesu nama saimniece Ropa\u017eu novad\u0101&hellip;\n","protected":false},"author":2,"featured_media":68966,"comment_status":"","ping_status":"","sticky":false,"template":"","format":"standard","meta":{"footnotes":""},"categories":[12],"tags":[23,28,29,32,33,22,30,31,35,39,38,36,37,34,40,20,26,27,24,25,21],"class_list":{"0":"post-68965","1":"post","2":"type-post","3":"status-publish","4":"format-standard","5":"has-post-thumbnail","7":"category-latvija","8":"tag-aktualitates","9":"tag-breaking-news","10":"tag-breakingnews","11":"tag-featured-news","12":"tag-featurednews","13":"tag-headlines","14":"tag-latest-news","15":"tag-latestnews","16":"tag-latvia","17":"tag-latvian","18":"tag-latviesu","19":"tag-latviesu-valoda","20":"tag-latviesuvaloda","21":"tag-latvija","22":"tag-lv","23":"tag-news","24":"tag-popularakas-zinas","25":"tag-popularakaszinas","26":"tag-top-stories","27":"tag-topstories","28":"tag-zinas"},"share_on_mastodon":{"url":"https:\/\/pubeurope.com\/@lv\/115684112163775061","error":""},"_links":{"self":[{"href":"https:\/\/www.europesays.com\/lv\/wp-json\/wp\/v2\/posts\/68965","targetHints":{"allow":["GET"]}}],"collection":[{"href":"https:\/\/www.europesays.com\/lv\/wp-json\/wp\/v2\/posts"}],"about":[{"href":"https:\/\/www.europesays.com\/lv\/wp-json\/wp\/v2\/types\/post"}],"author":[{"embeddable":true,"href":"https:\/\/www.europesays.com\/lv\/wp-json\/wp\/v2\/users\/2"}],"replies":[{"embeddable":true,"href":"https:\/\/www.europesays.com\/lv\/wp-json\/wp\/v2\/comments?post=68965"}],"version-history":[{"count":0,"href":"https:\/\/www.europesays.com\/lv\/wp-json\/wp\/v2\/posts\/68965\/revisions"}],"wp:featuredmedia":[{"embeddable":true,"href":"https:\/\/www.europesays.com\/lv\/wp-json\/wp\/v2\/media\/68966"}],"wp:attachment":[{"href":"https:\/\/www.europesays.com\/lv\/wp-json\/wp\/v2\/media?parent=68965"}],"wp:term":[{"taxonomy":"category","embeddable":true,"href":"https:\/\/www.europesays.com\/lv\/wp-json\/wp\/v2\/categories?post=68965"},{"taxonomy":"post_tag","embeddable":true,"href":"https:\/\/www.europesays.com\/lv\/wp-json\/wp\/v2\/tags?post=68965"}],"curies":[{"name":"wp","href":"https:\/\/api.w.org\/{rel}","templated":true}]}}