{"id":68990,"date":"2025-12-08T13:40:17","date_gmt":"2025-12-08T13:40:17","guid":{"rendered":"https:\/\/www.europesays.com\/lv\/68990\/"},"modified":"2025-12-08T13:40:17","modified_gmt":"2025-12-08T13:40:17","slug":"vdd-prasa-apsudzet-latvijas-pilsoni-par-darbu-vairaku-krievijas-uznemumu-laba","status":"publish","type":"post","link":"https:\/\/www.europesays.com\/lv\/68990\/","title":{"rendered":"VDD prasa aps\u016bdz\u0113t Latvijas pilsoni par darbu vair\u0101ku Krievijas uz\u0146\u0113mumu lab\u0101"},"content":{"rendered":"<p><a rel=\"noopener nofollow\" target=\"_blank\" href=\"https:\/\/www.delfi.lv\/temas\/42163330\/valsts-drosibas-dienests\" tag-id=\"42163330\">Valsts dro\u0161\u012bbas dienests<\/a> (VDD) \u0161\u0101 gada 24. novembr\u012b rosin\u0101jis prokurat\u016bru s\u0101kt krimin\u0101lvaj\u0101\u0161anu pret Latvijas valstspieder\u012bgo par aizliegtu darbu agresorvalsts Krievijas uz\u0146\u0113mumu lab\u0101, p\u0101rk\u0101pjot Eiropas Savien\u012bbas (ES) noteikt\u0101s sankcijas, port\u0101ls &#8220;Delfi&#8221; uzzin\u0101ja VDD. <\/p>\n<p class=\"x_MsoNormal\">Krimin\u0101lprocesu pret personu VDD uzs\u0101ka \u0161\u0101 gada 8. august\u0101 aizdom\u0101s par Krimin\u0101llikuma 84. panta pirmaj\u0101 da\u013c\u0101 min\u0113to noziedz\u012bgo nodar\u012bjumu, t.i., ES noteikto sankciju p\u0101rk\u0101p\u0161anu. Likums par to vain\u012bgajai personai k\u0101 sodu paredz piem\u0113rot br\u012bv\u012bbas at\u0146em\u0161anu uz laiku l\u012bdz pieciem gadiem vai \u012bslaic\u012bgu br\u012bv\u012bbas at\u0146em\u0161anu, vai prob\u0101cijas uzraudz\u012bbu, vai sabiedrisko darbu, vai ar\u012b ar naudas sodu.<\/p>\n<p class=\"m-0\">Seko &#8220;Delfi&#8221; ar\u012b  <a target=\"_blank\" href=\"https:\/\/www.instagram.com\/delfi.lv\/\" rel=\"nofollow noopener\">Instagram<\/a>  un <a target=\"_blank\" href=\"https:\/\/www.youtube.com\/channel\/UCw5foWtcJvAbUm64rv7jwUQ\" rel=\"nofollow noopener\">YouTube<\/a>  profil\u0101 \u2013 pievienojies, lai uzzin\u0101tu svar\u012bg\u0101ko un interesant\u0101ko pirmais!<\/p>\n<p>Publik\u0101cijas saturs vai t\u0101s jebk\u0101da apjoma da\u013ca ir aizsarg\u0101ts autorties\u012bbu objekts Autorties\u012bbu likuma izpratn\u0113, un t\u0101 izmanto\u0161ana bez izdev\u0113ja at\u013caujas ir aizliegta. Vair\u0101k lasi  <a target=\"_blank\" href=\"https:\/\/www.delfi.lv\/noteikumi#autortiesibas\" rel=\"nofollow noopener\">\u0161eit<\/a><script async src=\"\/\/www.instagram.com\/embed.js\"><\/script><\/p>\n","protected":false},"excerpt":{"rendered":"Valsts dro\u0161\u012bbas dienests (VDD) \u0161\u0101 gada 24. novembr\u012b rosin\u0101jis prokurat\u016bru s\u0101kt krimin\u0101lvaj\u0101\u0161anu pret Latvijas valstspieder\u012bgo par aizliegtu darbu&hellip;\n","protected":false},"author":2,"featured_media":68991,"comment_status":"","ping_status":"","sticky":false,"template":"","format":"standard","meta":{"footnotes":""},"categories":[5],"tags":[23,28,29,32,33,22,30,31,35,39,38,36,37,34,40,20,26,27,24,25,1579,21],"class_list":{"0":"post-68990","1":"post","2":"type-post","3":"status-publish","4":"format-standard","5":"has-post-thumbnail","7":"category-aktualitates","8":"tag-aktualitates","9":"tag-breaking-news","10":"tag-breakingnews","11":"tag-featured-news","12":"tag-featurednews","13":"tag-headlines","14":"tag-latest-news","15":"tag-latestnews","16":"tag-latvia","17":"tag-latvian","18":"tag-latviesu","19":"tag-latviesu-valoda","20":"tag-latviesuvaloda","21":"tag-latvija","22":"tag-lv","23":"tag-news","24":"tag-popularakas-zinas","25":"tag-popularakaszinas","26":"tag-top-stories","27":"tag-topstories","28":"tag-valsts-drosibas-dienests","29":"tag-zinas"},"share_on_mastodon":{"url":"https:\/\/pubeurope.com\/@lv\/115684233998174245","error":""},"_links":{"self":[{"href":"https:\/\/www.europesays.com\/lv\/wp-json\/wp\/v2\/posts\/68990","targetHints":{"allow":["GET"]}}],"collection":[{"href":"https:\/\/www.europesays.com\/lv\/wp-json\/wp\/v2\/posts"}],"about":[{"href":"https:\/\/www.europesays.com\/lv\/wp-json\/wp\/v2\/types\/post"}],"author":[{"embeddable":true,"href":"https:\/\/www.europesays.com\/lv\/wp-json\/wp\/v2\/users\/2"}],"replies":[{"embeddable":true,"href":"https:\/\/www.europesays.com\/lv\/wp-json\/wp\/v2\/comments?post=68990"}],"version-history":[{"count":0,"href":"https:\/\/www.europesays.com\/lv\/wp-json\/wp\/v2\/posts\/68990\/revisions"}],"wp:featuredmedia":[{"embeddable":true,"href":"https:\/\/www.europesays.com\/lv\/wp-json\/wp\/v2\/media\/68991"}],"wp:attachment":[{"href":"https:\/\/www.europesays.com\/lv\/wp-json\/wp\/v2\/media?parent=68990"}],"wp:term":[{"taxonomy":"category","embeddable":true,"href":"https:\/\/www.europesays.com\/lv\/wp-json\/wp\/v2\/categories?post=68990"},{"taxonomy":"post_tag","embeddable":true,"href":"https:\/\/www.europesays.com\/lv\/wp-json\/wp\/v2\/tags?post=68990"}],"curies":[{"name":"wp","href":"https:\/\/api.w.org\/{rel}","templated":true}]}}