{"id":69000,"date":"2025-12-08T13:56:09","date_gmt":"2025-12-08T13:56:09","guid":{"rendered":"https:\/\/www.europesays.com\/lv\/69000\/"},"modified":"2025-12-08T13:56:09","modified_gmt":"2025-12-08T13:56:09","slug":"tieslietu-ministre-brisele-un-strasbura-piedalisies-es-un-eiropas-padomes-sarunas-par-aktualajiem-drosibas-un-tieslietu-politikas-jautajumiem","status":"publish","type":"post","link":"https:\/\/www.europesays.com\/lv\/69000\/","title":{"rendered":"Tieslietu ministre Brisel\u0113 un Strasb\u016br\u0101 piedal\u012bsies ES un Eiropas Padomes sarun\u0101s par aktu\u0101lajiem dro\u0161\u012bbas un tieslietu politikas jaut\u0101jumiem"},"content":{"rendered":"<p>Tieslietu ministre Inese L\u012bbi\u0146a-Egnere \u0161oned\u0113\u013c dodas starptautisk\u0101s darba viz\u012bt\u0113s \u2013 9. decembr\u012b Eiropas Savien\u012bbas (ES) tieslietu un iek\u0161lietu ministru padomes san\u0101ksm\u0113, Brisel\u0113, un 10. decembr\u012b Eiropas Padomes (EP) r\u012bkotaj\u0101 neform\u0101laj\u0101 tieslietu ministru san\u0101ksm\u0113, Strasb\u016br\u0101, lai p\u0101rst\u0101v\u0113tu Latvijas nost\u0101ju aktu\u0101lajos Eiropas tieslietu un dro\u0161\u012bbas politikas jaut\u0101jumos. Viz\u012btes fokus\u0113tas uz praktisku atbalstu Ukrainai un starptautisk\u0101s just\u012bcijas meh\u0101nismiem, kop\u012bgu Eiropas r\u012bc\u012bbu neleg\u0101l\u0101s migr\u0101cijas rad\u012bto dro\u0161\u012bbas risku mazin\u0101\u0161an\u0101, k\u0101 ar\u012b tiesiskuma stiprin\u0101\u0161anu.<\/p>\n<p>        9. decembr\u012b \u2013 ES tieslietu ministru padomes san\u0101ksme <\/p>\n<p>Brisel\u0113 tieslietu ministre piedal\u012bsies ES tieslietu un iek\u0161lietu ministru padomes san\u0101ksm\u0113, kur \u012bpa\u0161a uzman\u012bba tiks piev\u0113rsta kop\u012bgai Eiropas reakcijai uz Krievijas agresijas karu Ukrain\u0101 un atbalstam starptautisk\u0101s just\u012bcijas meh\u0101nismiem. Darba k\u0101rt\u012bb\u0101 paredz\u0113ta diskusija par sadarb\u012bbu ar topo\u0161o \u012apa\u0161o tribun\u0101lu agresijas noziegumam pret Ukrainu, par kuru Eiropas Padome un Ukraina jau parakst\u012bju\u0161as divpus\u0113ju vieno\u0161anos. T\u0101 k\u0101 tribun\u0101la darb\u012bbas uzs\u0101k\u0161anai nepiecie\u0161ams pietiekams skaits divpus\u0113jo nol\u012bgumu, san\u0101ksm\u0113 tiks v\u0113rt\u0113ta ar\u012b valstu gatav\u012bba tos nosl\u0113gt. Latvija \u0161aj\u0101 proces\u0101 ir akt\u012bvi iesaist\u012bjusies, tostarp sniedzot finansi\u0101lu un ekspertu atbalstu Starptautiskajai Krimin\u0101ltiesai.<\/p>\n<p>San\u0101ksmes ietvaros ministri apspried\u012bs ar\u012b datu aizsardz\u012bbas regul\u0113juma vienk\u0101r\u0161o\u0161anas virz\u012bbu un ES narkotiku apkaro\u0161anas kop\u0113j\u0101s politikas stiprin\u0101\u0161anu, tostarp reakciju uz strauji pieaugo\u0161o sint\u0113tisko vielu izplat\u012bbu Eirop\u0101.<\/p>\n<p>10. decembr\u012b \u2013 EP neform\u0101l\u0101 tieslietu ministru san\u0101ksme Strasb\u016br\u0101 <\/p>\n<p>10. decembr\u012b tieslietu ministre piedal\u012bsies EP r\u012bkotaj\u0101 neform\u0101laj\u0101 tieslietu ministru san\u0101ksm\u0113, kuras m\u0113r\u0137is ir identific\u0113t vienotu pieeju neleg\u0101l\u0101s migr\u0101cijas rad\u012bto dro\u0161\u012bbas risku mazin\u0101\u0161anai un efekt\u012bv\u0101kai r\u012bc\u012bbai gad\u012bjumos, kad \u0101rvalstu pilso\u0146i pastr\u0101d\u0101ju\u0161i smagus noziegumus. San\u0101ksm\u0113 paredz\u0113tas dal\u012bbvalstu uzrunas un diskusijas par nepiecie\u0161amajiem jaunajiem risin\u0101jumiem Eiropas valstu aizsardz\u012bbai un tiesisk\u0101s k\u0101rt\u012bbas stiprin\u0101\u0161anai.<\/p>\n<p>San\u0101ksme tiek organiz\u0113ta, balstoties uz D\u0101nijas, It\u0101lijas, Latvijas, Lietuvas, Igaunijas, Austrijas, Be\u013c\u0123ijas, \u010cehijas un Polijas kop\u012bgu iniciat\u012bvu ar m\u0113r\u0137i rosin\u0101t pla\u0161\u0101ku diskusiju par migr\u0101cijas jomas tiesiskajiem izaicin\u0101jumiem. Iniciat\u012bva balst\u0101s valstu kop\u012bg\u0101 v\u0113stul\u0113, kuru Latvijas v\u0101rd\u0101 parakst\u012bja Ministru prezidente Evika Sili\u0146a un kur\u0101 dal\u012bbvalstis v\u0113r\u0161 uzman\u012bbu uz pieaugo\u0161ajiem tiesiskajiem izaicin\u0101jumiem migr\u0101cijas jom\u0101, tostarp gad\u012bjumiem, kad neleg\u0101las migr\u0101cijas pl\u016bsmas tiek izmantotas k\u0101 hibr\u012bdkara instruments spiediena rad\u012b\u0161anai uz ES \u0101r\u0113j\u0101m robe\u017e\u0101m, tai skait\u0101 ar\u012b uz Latvijas\u2013Baltkrievijas robe\u017eas.<\/p>\n<p>Strasb\u016br\u0101 ministre ar\u012b parakst\u012bs EP Konvenciju par vides aizsardz\u012bbu caur krimin\u0101lties\u012bb\u0101m un tiksies ar Apvienot\u0101s Karalistes Lordu kancleru un tieslietu ministru Deividu Lemiju (David Lammy) divpus\u0113j\u0101s sarun\u0101s par starptautisko krimin\u0101ltiesisko sadarb\u012bbu, Eiropas Cilv\u0113kties\u012bbu tiesas reformu un aktu\u0101lajiem tiesiskuma jaut\u0101jumiem.<\/p>\n<p>          <img decoding=\"async\" src=\"https:\/\/www.europesays.com\/lv\/wp-content\/uploads\/2025\/12\/logo-lv.png\" alt=\"\"\/><\/p>\n<p>                  \u0160\u012b inform\u0101cija ir publisks pazi\u0146ojums un neatspogu\u013co LV port\u0101la viedokli. Par t\u0101s saturu atbild ies\u016bt\u012bt\u0101js. <a data-popup=\"rules\">Public\u0113\u0161anas noteikumi<\/a><\/p>\n","protected":false},"excerpt":{"rendered":"Tieslietu ministre Inese L\u012bbi\u0146a-Egnere \u0161oned\u0113\u013c dodas starptautisk\u0101s darba viz\u012bt\u0113s \u2013 9. decembr\u012b Eiropas Savien\u012bbas (ES) tieslietu un iek\u0161lietu&hellip;\n","protected":false},"author":2,"featured_media":65197,"comment_status":"","ping_status":"","sticky":false,"template":"","format":"standard","meta":{"footnotes":""},"categories":[14],"tags":[23,57,28,29,32,33,22,30,31,35,39,38,36,37,34,40,20,26,27,24,25,54,55,56,21,58],"class_list":{"0":"post-69000","1":"post","2":"type-post","3":"status-publish","4":"format-standard","5":"has-post-thumbnail","7":"category-zinas-no-arvalstim","8":"tag-aktualitates","9":"tag-arvalstim","10":"tag-breaking-news","11":"tag-breakingnews","12":"tag-featured-news","13":"tag-featurednews","14":"tag-headlines","15":"tag-latest-news","16":"tag-latestnews","17":"tag-latvia","18":"tag-latvian","19":"tag-latviesu","20":"tag-latviesu-valoda","21":"tag-latviesuvaloda","22":"tag-latvija","23":"tag-lv","24":"tag-news","25":"tag-popularakas-zinas","26":"tag-popularakaszinas","27":"tag-top-stories","28":"tag-topstories","29":"tag-world","30":"tag-world-news","31":"tag-worldnews","32":"tag-zinas","33":"tag-zinas-no-arvalstim"},"share_on_mastodon":{"url":"https:\/\/pubeurope.com\/@lv\/115684297047803285","error":""},"_links":{"self":[{"href":"https:\/\/www.europesays.com\/lv\/wp-json\/wp\/v2\/posts\/69000","targetHints":{"allow":["GET"]}}],"collection":[{"href":"https:\/\/www.europesays.com\/lv\/wp-json\/wp\/v2\/posts"}],"about":[{"href":"https:\/\/www.europesays.com\/lv\/wp-json\/wp\/v2\/types\/post"}],"author":[{"embeddable":true,"href":"https:\/\/www.europesays.com\/lv\/wp-json\/wp\/v2\/users\/2"}],"replies":[{"embeddable":true,"href":"https:\/\/www.europesays.com\/lv\/wp-json\/wp\/v2\/comments?post=69000"}],"version-history":[{"count":0,"href":"https:\/\/www.europesays.com\/lv\/wp-json\/wp\/v2\/posts\/69000\/revisions"}],"wp:featuredmedia":[{"embeddable":true,"href":"https:\/\/www.europesays.com\/lv\/wp-json\/wp\/v2\/media\/65197"}],"wp:attachment":[{"href":"https:\/\/www.europesays.com\/lv\/wp-json\/wp\/v2\/media?parent=69000"}],"wp:term":[{"taxonomy":"category","embeddable":true,"href":"https:\/\/www.europesays.com\/lv\/wp-json\/wp\/v2\/categories?post=69000"},{"taxonomy":"post_tag","embeddable":true,"href":"https:\/\/www.europesays.com\/lv\/wp-json\/wp\/v2\/tags?post=69000"}],"curies":[{"name":"wp","href":"https:\/\/api.w.org\/{rel}","templated":true}]}}