{"id":69030,"date":"2025-12-08T14:16:07","date_gmt":"2025-12-08T14:16:07","guid":{"rendered":"https:\/\/www.europesays.com\/lv\/69030\/"},"modified":"2025-12-08T14:16:07","modified_gmt":"2025-12-08T14:16:07","slug":"gads-bez-varas-un-ar-stingriem-krievijas-ierobezojumiem-lente-lv","status":"publish","type":"post","link":"https:\/\/www.europesays.com\/lv\/69030\/","title":{"rendered":"gads bez varas un ar stingriem Krievijas ierobe\u017eojumiem\u00a0\u2014\u00a0Lente.lv"},"content":{"rendered":"<p>Al-Assada trimda Maskav\u0101: Gads kop\u0161 S\u012brijas aizie\u0161anas zem Krievijas uzraudz\u012bbas<\/p>\n<p>Pag\u0101jis gandr\u012bz gads kop\u0161 Damaskas ie\u0146em\u0161anas un Bashara al-Assada padz\u012b\u0161anas no S\u012brijas, ta\u010du biju\u0161ais diktators nu dz\u012bvo Maskav\u0101, stingr\u0101 Krievijas uzraudz\u012bb\u0101. Vi\u0146a publisk\u0101 darb\u012bba ir piln\u012bb\u0101 aizliegta, kust\u012bbas ierobe\u017eotas, un jebk\u0101da politiska aktivit\u0101te ir liegta, kop\u0161 vi\u0146\u0161 2024. gada decembr\u012b b\u0113ga no galvaspils\u0113tas.<\/p>\n<p>B\u0113g\u0161ana un p\u0113d\u0113jais publiskais pazi\u0146ojums<\/p>\n<p>Bashars al-Assads pameta S\u012briju 2024. gada 8. decembr\u012b, kad sp\u0113ki, ko vad\u012bja pa\u0161reiz\u0113jais pagaidu prezidents Ahmeds al-\u0160araa, sagr\u0101ba Damasku. Neilgi p\u0113c izce\u013co\u0161anas, 16. decembr\u012b, al-Assads n\u0101ca klaj\u0101 ar vien\u012bgu publisku pazi\u0146ojumu. Taj\u0101 vi\u0146\u0161 apgalvoja, ka vi\u0146a aizie\u0161ana nebijusi *pl\u0101nota*, un vi\u0146\u0161 joproj\u0101m v\u0113l\u0113jies turpin\u0101t c\u012b\u0146u. Tom\u0113r Maskava stingri piepras\u012bja vi\u0146a nekav\u0113jo\u0161u izbrauk\u0161anu.<\/p>\n<p>Krievijas sniegt\u0101 patv\u0113rums un ierobe\u017eojumi<\/p>\n<p>Kop\u0161 t\u0101 laika al-Assads ir gandr\u012bz piln\u012bg\u0101 klus\u0113\u0161an\u0101. Vien\u012bgais cits publisks skat\u012bjums uz vi\u0146a dz\u012bvi bija video, ko febru\u0101ra vid\u016b public\u0113ja vi\u0146a vec\u0101kais d\u0113ls Hafezs. Taj\u0101 vi\u0146\u0161 redzams pie Kremlim, st\u0101stot par \u0123imenes steidz\u012bgo b\u0113g\u0161anu no S\u012brijas. Krievijas \u0101rlietu ministrs Sergejs Lavrovs oktobr\u012b apstiprin\u0101ja, ka al-Assads un vi\u0146a \u0123imene dz\u012bvo Maskav\u0101, pazi\u0146ojot, ka Krievija vi\u0146iem pie\u0161\u0137\u012brusi patv\u0113rumu hum\u0101nu apsv\u0113rumu d\u0113\u013c. Krievijas v\u0113stnieks Ir\u0101k\u0101 Elbruss Kutra\u0161evs preciz\u0113ja, ka Krievija noteikusi stingrus nosac\u012bjumus al-Assada uztur\u0113\u0161an\u0101s laik\u0101 kop\u0161 patv\u0113ruma pie\u0161\u0137ir\u0161anas 2025. gada apr\u012bl\u012b. Nosac\u012bjumi paredz, ka al-Assadam j\u0101atturas no jebk\u0101das publicit\u0101tes un politisk\u0101s darb\u012bbas.<\/p>\n<p>Baumas par saind\u0113\u0161anos un vesel\u012bbas probl\u0113m\u0101m<\/p>\n<p>Sir\u012bnas Cilv\u0113kties\u012bbu observatorija septembr\u012b izplat\u012bja inform\u0101ciju, ka al-Assads slimn\u012bc\u0101 hospitaliz\u0113ts kritisk\u0101 st\u0101vokl\u012b p\u0113c iesp\u0113jamas saind\u0113\u0161an\u0101s. Grupa apgalvoja, ka vi\u0146\u0161 devi\u0146as dienas pavad\u012bjis slimn\u012bc\u0101 Maskavas piev\u0101rt\u0113 pirms izrakst\u012b\u0161anas 29. septembr\u012b. Krievijas \u0100rlietu ministrija gan noliegu\u0161as saind\u0113\u0161an\u0101s baumas, Lavrovam pazi\u0146ojot, ka al-Assadam nav probl\u0113mu ar dz\u012bvi Krievijas galvaspils\u0113t\u0101. Britu laikraksts \u201cThe Telegraph\u201d decembra beig\u0101s zi\u0146oja, ka al-Assada sieva Asma diagnostic\u0113ta ak\u016bta mielo\u012bda leik\u0113mija, bet v\u0101cu ned\u0113\u013craksts \u201cDie Zeit\u201d oktobr\u012b v\u0113st\u012bjis, ka vi\u0146a atrodas Maskavas modern\u0101 finan\u0161u rajon\u0101, lai gan prec\u012bza atra\u0161an\u0101s vieta joproj\u0101m nav zin\u0101ma.<\/p>\n<p>Ierobe\u017eota dz\u012bve un iesp\u0113jam\u0101 finansi\u0101l\u0101 situ\u0101cija<\/p>\n<p>Krievijas slepenie dienesti nodro\u0161ina al-Assadam izcili stingru apsardzi. Vi\u0146a p\u0101rvieto\u0161an\u0101s ir \u013coti ierobe\u017eota, un vi\u0146\u0161 ir p\u0101rtraucis publisk\u0101s uzst\u0101\u0161an\u0101s. K\u0101ds avots, kas tuvs al-Assadu \u0123imenei, apgalvojis, ka biju\u0161ais prezidents liel\u0101ko da\u013cu laika pavada, sp\u0113l\u0113jot tie\u0161saistes videosp\u0113les, un ar vi\u0146a apsardzi nodarbojas priv\u0101ta apsardzes firma, ko apmaks\u0101 Krievijas vald\u012bba. Laika posm\u0101 no 2018. l\u012bdz 2019. gadam al-Assada re\u017e\u012bms uz Maskavu p\u0101rskait\u012bjis aptuveni 250 miljonus ASV dol\u0101ru skaidr\u0101 naud\u0101, par ko klana locek\u013ci ieg\u0101d\u0101ju\u0161ies vismaz 18 luksusa dz\u012bvok\u013cus pils\u0113t\u0101. ASV Valsts departaments 2022. gad\u0101 l\u0113sa al-Assada \u0123imenes bag\u0101t\u012bbu no viena l\u012bdz diviem miljardiem ASV dol\u0101ru, kas, p\u0113c vi\u0146u dom\u0101m, finans\u0113ta no iero\u010du un narkotiku tirdzniec\u012bbas un \u012bres saimniec\u012bbas caur of\u0161oru komp\u0101nij\u0101m.<\/p>\n<p>Ekstradicijas piepras\u012bjums un Krievijas atteikums<\/p>\n<p>S\u012brijas p\u0101rejas vald\u012bba al-\u0160araa vad\u012bb\u0101 ir piepras\u012bjusi al-Assada izdo\u0161anu ties\u0101\u0161anai. Krievija ir atteikusies vi\u0146u nodot, un Krem\u013ca p\u0101rst\u0101vji nor\u0101da, ka prezidents Vladimirs Putins person\u012bgi pie\u0161\u0137\u012bris vi\u0146am patv\u0113rumu, un \u0161is l\u0113mums paliks nemain\u012bgs.<\/p>\n","protected":false},"excerpt":{"rendered":"Al-Assada trimda Maskav\u0101: Gads kop\u0161 S\u012brijas aizie\u0161anas zem Krievijas uzraudz\u012bbas Pag\u0101jis gandr\u012bz gads kop\u0161 Damaskas ie\u0146em\u0161anas un Bashara&hellip;\n","protected":false},"author":2,"featured_media":69031,"comment_status":"","ping_status":"","sticky":false,"template":"","format":"standard","meta":{"footnotes":""},"categories":[5],"tags":[23,17689,28,29,32,33,22,234,30,31,35,39,38,36,37,34,40,6922,20,26,27,6923,24,25,7784,21],"class_list":{"0":"post-69030","1":"post","2":"type-post","3":"status-publish","4":"format-standard","5":"has-post-thumbnail","7":"category-aktualitates","8":"tag-aktualitates","9":"tag-bashars-al-assads","10":"tag-breaking-news","11":"tag-breakingnews","12":"tag-featured-news","13":"tag-featurednews","14":"tag-headlines","15":"tag-krievija","16":"tag-latest-news","17":"tag-latestnews","18":"tag-latvia","19":"tag-latvian","20":"tag-latviesu","21":"tag-latviesu-valoda","22":"tag-latviesuvaloda","23":"tag-latvija","24":"tag-lv","25":"tag-maskava","26":"tag-news","27":"tag-popularakas-zinas","28":"tag-popularakaszinas","29":"tag-sirija","30":"tag-top-stories","31":"tag-topstories","32":"tag-trimda","33":"tag-zinas"},"share_on_mastodon":{"url":"https:\/\/pubeurope.com\/@lv\/115684375482037614","error":""},"_links":{"self":[{"href":"https:\/\/www.europesays.com\/lv\/wp-json\/wp\/v2\/posts\/69030","targetHints":{"allow":["GET"]}}],"collection":[{"href":"https:\/\/www.europesays.com\/lv\/wp-json\/wp\/v2\/posts"}],"about":[{"href":"https:\/\/www.europesays.com\/lv\/wp-json\/wp\/v2\/types\/post"}],"author":[{"embeddable":true,"href":"https:\/\/www.europesays.com\/lv\/wp-json\/wp\/v2\/users\/2"}],"replies":[{"embeddable":true,"href":"https:\/\/www.europesays.com\/lv\/wp-json\/wp\/v2\/comments?post=69030"}],"version-history":[{"count":0,"href":"https:\/\/www.europesays.com\/lv\/wp-json\/wp\/v2\/posts\/69030\/revisions"}],"wp:featuredmedia":[{"embeddable":true,"href":"https:\/\/www.europesays.com\/lv\/wp-json\/wp\/v2\/media\/69031"}],"wp:attachment":[{"href":"https:\/\/www.europesays.com\/lv\/wp-json\/wp\/v2\/media?parent=69030"}],"wp:term":[{"taxonomy":"category","embeddable":true,"href":"https:\/\/www.europesays.com\/lv\/wp-json\/wp\/v2\/categories?post=69030"},{"taxonomy":"post_tag","embeddable":true,"href":"https:\/\/www.europesays.com\/lv\/wp-json\/wp\/v2\/tags?post=69030"}],"curies":[{"name":"wp","href":"https:\/\/api.w.org\/{rel}","templated":true}]}}