{"id":69036,"date":"2025-12-08T14:21:09","date_gmt":"2025-12-08T14:21:09","guid":{"rendered":"https:\/\/www.europesays.com\/lv\/69036\/"},"modified":"2025-12-08T14:21:09","modified_gmt":"2025-12-08T14:21:09","slug":"latvijas-pasts-aicina-iedzivotajus-laicigi-nosutit-sutijumus","status":"publish","type":"post","link":"https:\/\/www.europesays.com\/lv\/69036\/","title":{"rendered":"&#8220;Latvijas pasts&#8221; aicina iedz\u012bvot\u0101jus laic\u012bgi nos\u016bt\u012bt s\u016bt\u012bjumus"},"content":{"rendered":"<p>Past\u0101 inform\u0113, ka \u0161\u0101 gada 19. decembris ir p\u0113d\u0113jais br\u012bdis, kad var nos\u016bt\u012bt s\u016bt\u012bjumus sa\u0146em\u0161anai Latvij\u0101, savuk\u0101rt, ja to galam\u0113r\u0137is ir \u0101rvalstis, tad patlaban ir p\u0113d\u0113jais br\u012bdis to izs\u016bt\u012b\u0161anai.<\/p>\n<p>Lai l\u012bdz Ziemassv\u0113tkiem iek\u0161zemes s\u016bt\u012bjums sasniegtu izv\u0113l\u0113to galam\u0113r\u0137i, s\u016bt\u012bjums &#8220;Latvijas pasta&#8221; pakom\u0101t\u0101, klientu centr\u0101, pasta noda\u013c\u0101 vai kurjeram j\u0101nodod l\u012bdz 19. decembrim.<\/p>\n<p>Savuk\u0101rt \u0101rvalstu s\u016bt\u012bjumiem j\u0101\u0146em v\u0113r\u0101 katras valsts pieg\u0101des termi\u0146i, tostarp univers\u0101l\u0101 pasta pakalpojuma (UPP) s\u016bt\u012bjumiem pieg\u0101des termi\u0146i ir no trim dien\u0101m l\u012bdz 15 dien\u0101m, bet izejo\u0161iem p\u0101rrobe\u017eu s\u016bt\u012bjumiem &#8211; no \u010detr\u0101m l\u012bdz 35 dien\u0101m.<\/p>\n<p>Lai s\u016bt\u012bjums l\u012bdz sv\u0113tkiem nok\u013c\u016btu Eiropas Savien\u012bbas (ES) valst\u012bs, tas ir j\u0101izs\u016bta decembra s\u0101kum\u0101. Tas attiecas ar\u012b uz s\u016bt\u012bjumiem, kas tiek s\u016bt\u012bti uz Latviju no \u0101rvalst\u012bm.<\/p>\n<p>Nosac\u012bjumi attiecas gan uz paku, gan v\u0113stu\u013cu s\u016bt\u012bjumiem.<\/p>\n<p>T\u0101pat &#8220;Latvijas <a href=\"https:\/\/www.tvnet.lv\/term\/573347\/pasts\" class=\"topicLink\" target=\"_blank\" rel=\"nofollow noopener\">pasts<\/a>&#8221; l\u012bdz 19. decembrim aicina nos\u016bt\u012bt v\u0113stuli Ziemassv\u0113tku vec\u012btim Latvij\u0101, kas j\u0101s\u016bta uz Ziemupes pastu R\u016b\u0137up\u0113, V\u0113rgales pagast\u0101, Dienvidkurzemes novad\u0101, Latvij\u0101, LV-3463.<\/p>\n<p>Jau zi\u0146ots, ka &#8220;Latvijas pasta&#8221; apgroz\u012bjums pag\u0101ju\u0161aj\u0101 gad\u0101 bija 93,743 miljoni eiro, kas ir par 13,4% maz\u0101k nek\u0101 2023. gad\u0101, k\u0101 ar\u012b komp\u0101nija cieta zaud\u0113jumus 111 203 eiro apm\u0113r\u0101 pretstat\u0101 pe\u013c\u0146ai gadu iepriek\u0161.<\/p>\n<p>&#8220;Latvijas pasts&#8221; nodro\u0161ina pasta pakalpojumu pieejam\u012bbu vis\u0101 Latvijas teritorij\u0101. Uz\u0146\u0113mums nodro\u0161ina iek\u0161zemes un starptautisk\u0101s pieg\u0101des, s\u0101kot ar e-komercijas un paku s\u016bt\u012bjumiem l\u012bdz presei, v\u0113stu\u013cu korespondencei un personaliz\u0113tiem lo\u0123istikas risin\u0101jumiem. &#8220;Latvijas pasts&#8221; ir valstij piln\u012bb\u0101 piedero\u0161s uz\u0146\u0113mums, kur\u0101 str\u0101d\u0101 apm\u0113ram 1800 darbinieku.<\/p>\n","protected":false},"excerpt":{"rendered":"Past\u0101 inform\u0113, ka \u0161\u0101 gada 19. decembris ir p\u0113d\u0113jais br\u012bdis, kad var nos\u016bt\u012bt s\u016bt\u012bjumus sa\u0146em\u0161anai Latvij\u0101, savuk\u0101rt, ja&hellip;\n","protected":false},"author":2,"featured_media":69037,"comment_status":"","ping_status":"","sticky":false,"template":"","format":"standard","meta":{"footnotes":""},"categories":[12],"tags":[23,28,29,32,33,22,30,31,35,39,38,36,37,34,3973,40,20,5967,26,27,24,25,9687,21],"class_list":{"0":"post-69036","1":"post","2":"type-post","3":"status-publish","4":"format-standard","5":"has-post-thumbnail","7":"category-latvija","8":"tag-aktualitates","9":"tag-breaking-news","10":"tag-breakingnews","11":"tag-featured-news","12":"tag-featurednews","13":"tag-headlines","14":"tag-latest-news","15":"tag-latestnews","16":"tag-latvia","17":"tag-latvian","18":"tag-latviesu","19":"tag-latviesu-valoda","20":"tag-latviesuvaloda","21":"tag-latvija","22":"tag-latvijas-pasts","23":"tag-lv","24":"tag-news","25":"tag-pasts","26":"tag-popularakas-zinas","27":"tag-popularakaszinas","28":"tag-top-stories","29":"tag-topstories","30":"tag-ziemassvetki","31":"tag-zinas"},"share_on_mastodon":{"url":"https:\/\/pubeurope.com\/@lv\/115684395256245745","error":""},"_links":{"self":[{"href":"https:\/\/www.europesays.com\/lv\/wp-json\/wp\/v2\/posts\/69036","targetHints":{"allow":["GET"]}}],"collection":[{"href":"https:\/\/www.europesays.com\/lv\/wp-json\/wp\/v2\/posts"}],"about":[{"href":"https:\/\/www.europesays.com\/lv\/wp-json\/wp\/v2\/types\/post"}],"author":[{"embeddable":true,"href":"https:\/\/www.europesays.com\/lv\/wp-json\/wp\/v2\/users\/2"}],"replies":[{"embeddable":true,"href":"https:\/\/www.europesays.com\/lv\/wp-json\/wp\/v2\/comments?post=69036"}],"version-history":[{"count":0,"href":"https:\/\/www.europesays.com\/lv\/wp-json\/wp\/v2\/posts\/69036\/revisions"}],"wp:featuredmedia":[{"embeddable":true,"href":"https:\/\/www.europesays.com\/lv\/wp-json\/wp\/v2\/media\/69037"}],"wp:attachment":[{"href":"https:\/\/www.europesays.com\/lv\/wp-json\/wp\/v2\/media?parent=69036"}],"wp:term":[{"taxonomy":"category","embeddable":true,"href":"https:\/\/www.europesays.com\/lv\/wp-json\/wp\/v2\/categories?post=69036"},{"taxonomy":"post_tag","embeddable":true,"href":"https:\/\/www.europesays.com\/lv\/wp-json\/wp\/v2\/tags?post=69036"}],"curies":[{"name":"wp","href":"https:\/\/api.w.org\/{rel}","templated":true}]}}