{"id":69046,"date":"2025-12-08T14:35:08","date_gmt":"2025-12-08T14:35:08","guid":{"rendered":"https:\/\/www.europesays.com\/lv\/69046\/"},"modified":"2025-12-08T14:35:08","modified_gmt":"2025-12-08T14:35:08","slug":"princeses-beatrise-un-eizenija-sogad-neapmekleja-ketrinas-ziemassvetku-koncertu-zinams-patiesais-iemesls","status":"publish","type":"post","link":"https:\/\/www.europesays.com\/lv\/69046\/","title":{"rendered":"Princeses Beatrise un Ei\u017eenija \u0161ogad neapmekl\u0113ja Ketr\u012bnas Ziemassv\u0113tku koncertu. Zin\u0101ms patiesais iemesls"},"content":{"rendered":"<p>\u0160ogad Ketr\u012bnai svin\u012bgaj\u0101 pas\u0101kum\u0101 l\u012bdz\u0101s bija virkne karalisk\u0101s \u0123imenes p\u0101rst\u0101vju, tostarp vi\u0146as v\u012brs princis Viljams un b\u0113rni \u2013 princis D\u017eord\u017es, princese \u0160arlote un princis Luiss. Ta\u010du Beatrise, Ei\u017eenija un vi\u0146u \u0123imenes koncertu neapmekl\u0113ja. Tiek zi\u0146ots, ka vi\u0146as uz pas\u0101kumu biju\u0161as iel\u016bgtas un jutu\u0161\u0101s aizkustin\u0101tas par to, tom\u0113r \u0123imenes saist\u012bbu d\u0113\u013c abas \u0161ogad nesp\u0113ja ierasties.<\/p>\n","protected":false},"excerpt":{"rendered":"\u0160ogad Ketr\u012bnai svin\u012bgaj\u0101 pas\u0101kum\u0101 l\u012bdz\u0101s bija virkne karalisk\u0101s \u0123imenes p\u0101rst\u0101vju, tostarp vi\u0146as v\u012brs princis Viljams un b\u0113rni \u2013&hellip;\n","protected":false},"author":2,"featured_media":69047,"comment_status":"","ping_status":"","sticky":false,"template":"","format":"standard","meta":{"footnotes":""},"categories":[19],"tags":[89,90,35,39,38,36,37,34,40],"class_list":{"0":"post-69046","1":"post","2":"type-post","3":"status-publish","4":"format-standard","5":"has-post-thumbnail","7":"category-izklaide","8":"tag-entertainment","9":"tag-izklaide","10":"tag-latvia","11":"tag-latvian","12":"tag-latviesu","13":"tag-latviesu-valoda","14":"tag-latviesuvaloda","15":"tag-latvija","16":"tag-lv"},"share_on_mastodon":{"url":"https:\/\/pubeurope.com\/@lv\/115684450179976556","error":""},"_links":{"self":[{"href":"https:\/\/www.europesays.com\/lv\/wp-json\/wp\/v2\/posts\/69046","targetHints":{"allow":["GET"]}}],"collection":[{"href":"https:\/\/www.europesays.com\/lv\/wp-json\/wp\/v2\/posts"}],"about":[{"href":"https:\/\/www.europesays.com\/lv\/wp-json\/wp\/v2\/types\/post"}],"author":[{"embeddable":true,"href":"https:\/\/www.europesays.com\/lv\/wp-json\/wp\/v2\/users\/2"}],"replies":[{"embeddable":true,"href":"https:\/\/www.europesays.com\/lv\/wp-json\/wp\/v2\/comments?post=69046"}],"version-history":[{"count":0,"href":"https:\/\/www.europesays.com\/lv\/wp-json\/wp\/v2\/posts\/69046\/revisions"}],"wp:featuredmedia":[{"embeddable":true,"href":"https:\/\/www.europesays.com\/lv\/wp-json\/wp\/v2\/media\/69047"}],"wp:attachment":[{"href":"https:\/\/www.europesays.com\/lv\/wp-json\/wp\/v2\/media?parent=69046"}],"wp:term":[{"taxonomy":"category","embeddable":true,"href":"https:\/\/www.europesays.com\/lv\/wp-json\/wp\/v2\/categories?post=69046"},{"taxonomy":"post_tag","embeddable":true,"href":"https:\/\/www.europesays.com\/lv\/wp-json\/wp\/v2\/tags?post=69046"}],"curies":[{"name":"wp","href":"https:\/\/api.w.org\/{rel}","templated":true}]}}