{"id":69048,"date":"2025-12-08T14:38:05","date_gmt":"2025-12-08T14:38:05","guid":{"rendered":"https:\/\/www.europesays.com\/lv\/69048\/"},"modified":"2025-12-08T14:38:05","modified_gmt":"2025-12-08T14:38:05","slug":"ek-lauj-mars-iegadaties-pringles-razotaju-kellanova-diena","status":"publish","type":"post","link":"https:\/\/www.europesays.com\/lv\/69048\/","title":{"rendered":"EK \u013cauj Mars ieg\u0101d\u0101ties Pringles ra\u017eot\u0101ju Kellanova \/ Diena"},"content":{"rendered":"<p>EK nor\u0101da, ka izmekl\u0113\u0161an\u0101 saist\u012bb\u0101 ar \u0161o dar\u012bjumu ba\u017eas konkurences krop\u013co\u0161anai netika konstat\u0113tas.<\/p>\n<p>&#13;<br \/>\n&#13;<\/p>\n<p>&#8220;M\u0113s \u013coti r\u016bp\u012bgi izv\u0113rt\u0113j\u0101m \u0161o dar\u012bjumu, lai p\u0101rliecin\u0101tos, ka &#8220;Mars&#8221; neieg\u016bs papildu varu p\u0101r mazumtirgot\u0101jiem, kas var\u0113tu novest, piem\u0113ram, pie augst\u0101k\u0101m cen\u0101m veikaliem un galu gal\u0101 ar\u012b pat\u0113r\u0113t\u0101jiem. M\u016bsu p\u0101rbaud\u0113 netika konstat\u0113ts, ka \u0161\u0101ds risks past\u0101v,&#8221; saka Eiropas Savien\u012bbas konkurences komis\u0101re Teresa Ribera.<\/p>\n<p>&#13;<br \/>\n&#13;<\/p>\n<p>\u0160o dar\u012bjumu gada vid\u016b jau apstiprin\u0101ja ASV Feder\u0101l\u0101s tirdzniec\u012bbas komisija, nor\u0101dot, ka tas nerada konkurences likumu p\u0101rk\u0101pumus Savienotaj\u0101s Valst\u012bs.<\/p>\n<p>&#13;<br \/>\n&#13;<\/p>\n<p>&#8220;Mars&#8221; par ieceri ieg\u0101d\u0101ties &#8220;Kellanova&#8221; pazi\u0146oja p\u0113rn august\u0101.<\/p>\n<p>&#13;<br \/>\n&#13;<\/p>\n<p>Dar\u012bjuma summa, ietverot par\u0101dsaist\u012bbas, veidos 35,9 miljardus dol\u0101ru.<\/p>\n<p>&#13;<br \/>\n&#13;<\/p>\n<p>&#8220;Kellanova&#8221; tika rad\u012bts 2023. gad\u0101, kad ASV komp\u0101nija &#8220;Kellogg Co.&#8221; sadal\u012bja biznesu tr\u012bs atsevi\u0161\u0137os uz\u0146\u0113mumos.<\/p>\n<p>&#13;<\/p>\n","protected":false},"excerpt":{"rendered":"EK nor\u0101da, ka izmekl\u0113\u0161an\u0101 saist\u012bb\u0101 ar \u0161o dar\u012bjumu ba\u017eas konkurences krop\u013co\u0161anai netika konstat\u0113tas. &#13; &#13; &#8220;M\u0113s \u013coti r\u016bp\u012bgi&hellip;\n","protected":false},"author":2,"featured_media":69049,"comment_status":"","ping_status":"","sticky":false,"template":"","format":"standard","meta":{"footnotes":""},"categories":[16],"tags":[77,76,35,39,38,36,37,34,40],"class_list":{"0":"post-69048","1":"post","2":"type-post","3":"status-publish","4":"format-standard","5":"has-post-thumbnail","7":"category-bizness","8":"tag-bizness","9":"tag-business","10":"tag-latvia","11":"tag-latvian","12":"tag-latviesu","13":"tag-latviesu-valoda","14":"tag-latviesuvaloda","15":"tag-latvija","16":"tag-lv"},"share_on_mastodon":{"url":"https:\/\/pubeurope.com\/@lv\/115684462082616012","error":""},"_links":{"self":[{"href":"https:\/\/www.europesays.com\/lv\/wp-json\/wp\/v2\/posts\/69048","targetHints":{"allow":["GET"]}}],"collection":[{"href":"https:\/\/www.europesays.com\/lv\/wp-json\/wp\/v2\/posts"}],"about":[{"href":"https:\/\/www.europesays.com\/lv\/wp-json\/wp\/v2\/types\/post"}],"author":[{"embeddable":true,"href":"https:\/\/www.europesays.com\/lv\/wp-json\/wp\/v2\/users\/2"}],"replies":[{"embeddable":true,"href":"https:\/\/www.europesays.com\/lv\/wp-json\/wp\/v2\/comments?post=69048"}],"version-history":[{"count":0,"href":"https:\/\/www.europesays.com\/lv\/wp-json\/wp\/v2\/posts\/69048\/revisions"}],"wp:featuredmedia":[{"embeddable":true,"href":"https:\/\/www.europesays.com\/lv\/wp-json\/wp\/v2\/media\/69049"}],"wp:attachment":[{"href":"https:\/\/www.europesays.com\/lv\/wp-json\/wp\/v2\/media?parent=69048"}],"wp:term":[{"taxonomy":"category","embeddable":true,"href":"https:\/\/www.europesays.com\/lv\/wp-json\/wp\/v2\/categories?post=69048"},{"taxonomy":"post_tag","embeddable":true,"href":"https:\/\/www.europesays.com\/lv\/wp-json\/wp\/v2\/tags?post=69048"}],"curies":[{"name":"wp","href":"https:\/\/api.w.org\/{rel}","templated":true}]}}