{"id":69091,"date":"2025-12-08T15:41:15","date_gmt":"2025-12-08T15:41:15","guid":{"rendered":"https:\/\/www.europesays.com\/lv\/69091\/"},"modified":"2025-12-08T15:41:15","modified_gmt":"2025-12-08T15:41:15","slug":"valsts-policijas-diennakts-uzzina-par-07-12-2025-lv-portals","status":"publish","type":"post","link":"https:\/\/www.europesays.com\/lv\/69091\/","title":{"rendered":"Valsts policijas diennakts uzzi\u0146a par 07.12.2025. &#8211; LV port\u0101ls"},"content":{"rendered":"<ol>\n<li><a href=\"https:\/\/news.google.com\/rss\/articles\/CBMimwFBVV95cUxPVzNZcjdqQ0MwaUFHdE9Od1B3dHRGdGc0TU15ZERKdDRKa1VsaEt1RVZqU3RNbE5sVlV3VVZnbHFKbGtKdHJHVkUwZkNCWFBfVXg3elZMMEwzUXQ5cTFzOERIYndNcmp3Y3ltck12Z29EbDBtNWwzQk4xT1JGLVV1Ymo2TmZFVUkzODh5WHJhemZCd1ZEY0V6ZjZzdw?oc=5\" target=\"_blank\" rel=\"nofollow noopener\">Valsts policijas diennakts uzzi\u0146a par 07.12.2025.<\/a>&nbsp;&nbsp;LV port\u0101ls<\/li>\n<li><a href=\"https:\/\/news.google.com\/rss\/articles\/CBMigwFBVV95cUxQd1V6blM3WHZ3VExJU3VxOEt5dVB4V0xtcFpoX3J3TTk1d21tTnVLVENRdm1kT1lRMGVYY0RlM0NmclAxb1YwUWFJOWVSQ2lXbExWRmJ3dktwWkxoTDhVRmszTnp5R3U3anJneWtvSnEwNjdxM3VqUHFNQXJ2VV9qcWZvTQ?oc=5\" target=\"_blank\" rel=\"nofollow noopener\">Sestdien negad\u012bjumos cietis g\u0101j\u0113js un velosip\u0113dists<\/a>&nbsp;&nbsp;Press.lv<\/li>\n<li><a href=\"https:\/\/news.google.com\/rss\/articles\/CBMiqAFBVV95cUxNUko0cE5NZ3RkWHRQMXZOT1J3aTYtOHJ6bHE0THQ2MGFvV0RyUU9TVnhwX1d5RkpmTDYxSnZhVHNBNTUyY3B5dUFxb0lLMl9qcjJSWDFRQkNiRlFKbkI5MEJlWmZtRE0tU28xRmwtMV8wQXJWV3p2M0VoVEhRMEx3eTFPbmI5VHI4M3plaWsyTzFNUnM1eDh2Q2NnV1A2RExEVGY4eGo3TDQ?oc=5\" target=\"_blank\" rel=\"nofollow noopener\">Latvijas ce\u013cos aizvad\u012btaj\u0101 diennakt\u012b tr\u012bs cietu\u0161ie negad\u012bjumos<\/a>&nbsp;&nbsp;Lente.lv<\/li>\n<li><a href=\"https:\/\/news.google.com\/rss\/articles\/CBMiwgFBVV95cUxQSlpSb0VITWFrcDFnRFE2Qk1lUk1iRk8wa19WODQ5akNmTkhYUXk0a0V5SU9ha0xpWUNtY3l4d3VMbmJuV1hKeUZqcDJER3V4Nk1ublJxRUZpeW9iQjZjeUEtVzN3UlEtR25scDk0OTBTR0otWTY1RlRWMnFxc0xPSGtqWlFxWXduRVJRakZwYVptWFBFX3hjNXVibVBBRWtub1pBVkZZaUNhTHpwUndPeWd4LWx2aXpLRkYzWWREbWw0dw?oc=5\" target=\"_blank\" rel=\"nofollow noopener\">Ceturtdien ce\u013cu satiksmes negad\u012bjumos Latvij\u0101 cietu\u0161i septi\u0146i cilv\u0113ki<\/a>&nbsp;&nbsp;liepajniekiem.lv<\/li>\n<li><a href=\"https:\/\/news.google.com\/rss\/articles\/CBMitwFBVV95cUxQdmFrV0ZuMmtnRld2S0RXRjVFWk40blNIWk1UUHR3TWc3R3hLQTloUVlXWlloR3ZQaXZNZExlZFdEZWFRTWNkZ3NUNHd3c0tiQTJPcWlaazdCeEJ0eVBwRk9vYTJ0Z2tSdGlSV2FKcEpiYnBLQ2gydGdvdVdhSFJRUmxRaGtTRjU0Yk9MVGxfcmlvVkpFVTJXZjFJR0lNLXBVdVB3R29lTDF3YXFRTWdIZk8xZG91TEU?oc=5\" target=\"_blank\" rel=\"nofollow noopener\">Satiksmes negad\u012bjumos uz Latvijas ce\u013ciem cietu\u0161i tr\u012bs cilv\u0113ki<\/a>&nbsp;&nbsp;liepajniekiem.lv<\/li>\n<\/ol>\n","protected":false},"excerpt":{"rendered":"Valsts policijas diennakts uzzi\u0146a par 07.12.2025.&nbsp;&nbsp;LV port\u0101ls Sestdien negad\u012bjumos cietis g\u0101j\u0113js un velosip\u0113dists&nbsp;&nbsp;Press.lv Latvijas ce\u013cos aizvad\u012btaj\u0101 diennakt\u012b tr\u012bs&hellip;\n","protected":false},"author":2,"featured_media":65197,"comment_status":"","ping_status":"","sticky":false,"template":"","format":"standard","meta":{"footnotes":""},"categories":[5],"tags":[23,28,29,32,33,22,30,31,35,39,38,36,37,34,40,20,26,27,24,25,21],"class_list":{"0":"post-69091","1":"post","2":"type-post","3":"status-publish","4":"format-standard","5":"has-post-thumbnail","7":"category-aktualitates","8":"tag-aktualitates","9":"tag-breaking-news","10":"tag-breakingnews","11":"tag-featured-news","12":"tag-featurednews","13":"tag-headlines","14":"tag-latest-news","15":"tag-latestnews","16":"tag-latvia","17":"tag-latvian","18":"tag-latviesu","19":"tag-latviesu-valoda","20":"tag-latviesuvaloda","21":"tag-latvija","22":"tag-lv","23":"tag-news","24":"tag-popularakas-zinas","25":"tag-popularakaszinas","26":"tag-top-stories","27":"tag-topstories","28":"tag-zinas"},"share_on_mastodon":{"url":"https:\/\/pubeurope.com\/@lv\/115684709802777186","error":""},"_links":{"self":[{"href":"https:\/\/www.europesays.com\/lv\/wp-json\/wp\/v2\/posts\/69091","targetHints":{"allow":["GET"]}}],"collection":[{"href":"https:\/\/www.europesays.com\/lv\/wp-json\/wp\/v2\/posts"}],"about":[{"href":"https:\/\/www.europesays.com\/lv\/wp-json\/wp\/v2\/types\/post"}],"author":[{"embeddable":true,"href":"https:\/\/www.europesays.com\/lv\/wp-json\/wp\/v2\/users\/2"}],"replies":[{"embeddable":true,"href":"https:\/\/www.europesays.com\/lv\/wp-json\/wp\/v2\/comments?post=69091"}],"version-history":[{"count":0,"href":"https:\/\/www.europesays.com\/lv\/wp-json\/wp\/v2\/posts\/69091\/revisions"}],"wp:featuredmedia":[{"embeddable":true,"href":"https:\/\/www.europesays.com\/lv\/wp-json\/wp\/v2\/media\/65197"}],"wp:attachment":[{"href":"https:\/\/www.europesays.com\/lv\/wp-json\/wp\/v2\/media?parent=69091"}],"wp:term":[{"taxonomy":"category","embeddable":true,"href":"https:\/\/www.europesays.com\/lv\/wp-json\/wp\/v2\/categories?post=69091"},{"taxonomy":"post_tag","embeddable":true,"href":"https:\/\/www.europesays.com\/lv\/wp-json\/wp\/v2\/tags?post=69091"}],"curies":[{"name":"wp","href":"https:\/\/api.w.org\/{rel}","templated":true}]}}