{"id":69118,"date":"2025-12-08T16:19:22","date_gmt":"2025-12-08T16:19:22","guid":{"rendered":"https:\/\/www.europesays.com\/lv\/69118\/"},"modified":"2025-12-08T16:19:22","modified_gmt":"2025-12-08T16:19:22","slug":"biatlonists-rastorgujevs-izlaidis-nakamo-pasaules-kausa-posmu-austrija-raksts","status":"publish","type":"post","link":"https:\/\/www.europesays.com\/lv\/69118\/","title":{"rendered":"Biatlonists Rastorgujevs izlaid\u012bs n\u0101kamo Pasaules kausa posmu Austrij\u0101 \/ Raksts"},"content":{"rendered":"<p>Latvijas biatlonists Andrejs Rastorgujevs pleca savainojuma d\u0113\u013c izlaid\u012bs Pasaules kausa biatlon\u0101 posmu Austrijas tras\u0113 Hohfilcen\u0113, ta\u010du oper\u0101cija neb\u016bs nepiecie\u0161ama, pirmdien sav\u0101 &#8220;Facebook&#8221; kont\u0101 pazi\u0146oja sportists.<\/p>\n<p>Jau zi\u0146ots, ka Rastorgujevs Pasaules kausa posm\u0101 Zviedrijas tras\u0113 Este\u0161und\u0101 atk\u0101rtoti savainoja plecu un sv\u0113tdien nestart\u0113ja iedz\u012b\u0161an\u0101, dodoties uz Latviju, lai veiktu medic\u012bniskos izmekl\u0113jumus.<\/p>\n<p>&#8220;Izmekl\u0113jumu rezult\u0101ti liecina, ka plecam \u0137irur\u0123iska iejauk\u0161an\u0101s nav nepiecie\u0161ama,&#8221; raksta Rastorgujevs. &#8220;Tam\u00a0vajadz\u012bga neliela atslodze un fizioterapija.&#8221;<\/p>\n<p>T\u0101pat biatlonists\u00a0pav\u0113st\u012bjis, ka saaukst\u0113\u0161an\u0101s un pozit\u012bva Covid-19 testa d\u0113\u013c n\u0101ksies izlaist Pasaules kausa otro posmu Hohfilcen\u0113.<\/p>\n<p>Lai skat\u012btu \u0161o resursu, mums ir nepiecie\u0161ama j\u016bsu piekri\u0161ana s\u012bkdatn\u0113m.<\/p>\n<p>Piekr\u012btu &#8220;Tre\u0161\u0101s puses&#8221; s\u012bkdatn\u0113mP\u0101rvald\u012bt s\u012bkdatnes<\/p>\n<p>&#8220;L\u012bdz Pasaules kausa tre\u0161ajam posmam Francijas tras\u0113 Ans\u012b v\u0113l 11 dienas \u2013\u00a0vajadz\u0113tu pietikt, lai atvese\u013cotos un atgrieztos ierind\u0101,&#8221; raksta sportists.<\/p>\n<p>Este\u0161und\u0101 Rastorgujevs ie\u0146\u0113ma dev\u012bto vietu 20 kilometru individu\u0101laj\u0101 distanc\u0113 un dal\u012btu 33. vietu desmit kilometru sprint\u0101, bet pirms tam p\u0113c sena savainojuma atsvaidzin\u0101\u0161anas nestart\u0113ja stafet\u0113s.<\/p>\n<p>Pasaules kausa sacens\u012bb\u0101s \u0161osezon ir devi\u0146i posmi. Decembra vid\u016b biatlonisti sacent\u012bsies Hohfilcen\u0113 Austrij\u0101, bet p\u0113c ned\u0113\u013cas \u2013\u00a0Francijas tras\u0113 Ans\u012b. P\u0113c jaun\u0101 gada notiks Pasaules kausa sacens\u012bbas V\u0101cijas tras\u0113s Oberhof\u0101 un R\u016bpolding\u0101, k\u0101 ar\u012b \u010cehijas pils\u0113t\u0101 Nove Mesto. No 8. l\u012bdz 21. febru\u0101rim biatlonisti start\u0113s olimpiskaj\u0101s sp\u0113l\u0113s It\u0101lij\u0101, bet mart\u0101 notiks v\u0113l tr\u012bs Pasaules kausa posmi Kontiolahti, Otep\u0113 un Holmenkollen\u0101.<\/p>\n<p>                    Valodas k\u013c\u016bda rakst\u0101?<\/p>\n<p class=\"d-none d-md-block\">Iez\u012bm\u0113jiet tekstu un spiediet Ctrl+Enter, lai nos\u016bt\u012btu labojamo teksta fragmentu redaktoram! Par faktu k\u013c\u016bd\u0101m l\u016bdzam zi\u0146ot e-past\u0101 <a href=\"https:\/\/www.lsm.lv\/cdn-cgi\/l\/email-protection\" class=\"__cf_email__\" data-cfemail=\"324057565359515b5853725e415f1c5e44\" rel=\"nofollow noopener\" target=\"_blank\">[email\u00a0protected]<\/a>.<\/p>\n<p class=\"d-md-none\">Iez\u012bm\u0113jiet tekstu un spiediet uz Zi\u0146ot par k\u013c\u016bdu pogas, lai nos\u016bt\u012btu labojamo teksta fragmentu redaktoram!<\/p>\n<p>\n                    Zi\u0146ot par k\u013c\u016bdu\n                <\/p>\n","protected":false},"excerpt":{"rendered":"Latvijas biatlonists Andrejs Rastorgujevs pleca savainojuma d\u0113\u013c izlaid\u012bs Pasaules kausa biatlon\u0101 posmu Austrijas tras\u0113 Hohfilcen\u0113, ta\u010du oper\u0101cija neb\u016bs&hellip;\n","protected":false},"author":2,"featured_media":69119,"comment_status":"","ping_status":"","sticky":false,"template":"","format":"standard","meta":{"footnotes":""},"categories":[17],"tags":[35,39,38,36,37,34,40,67],"class_list":{"0":"post-69118","1":"post","2":"type-post","3":"status-publish","4":"format-standard","5":"has-post-thumbnail","7":"category-sports","8":"tag-latvia","9":"tag-latvian","10":"tag-latviesu","11":"tag-latviesu-valoda","12":"tag-latviesuvaloda","13":"tag-latvija","14":"tag-lv","15":"tag-sports"},"share_on_mastodon":{"url":"https:\/\/pubeurope.com\/@lv\/115684859066721416","error":""},"_links":{"self":[{"href":"https:\/\/www.europesays.com\/lv\/wp-json\/wp\/v2\/posts\/69118","targetHints":{"allow":["GET"]}}],"collection":[{"href":"https:\/\/www.europesays.com\/lv\/wp-json\/wp\/v2\/posts"}],"about":[{"href":"https:\/\/www.europesays.com\/lv\/wp-json\/wp\/v2\/types\/post"}],"author":[{"embeddable":true,"href":"https:\/\/www.europesays.com\/lv\/wp-json\/wp\/v2\/users\/2"}],"replies":[{"embeddable":true,"href":"https:\/\/www.europesays.com\/lv\/wp-json\/wp\/v2\/comments?post=69118"}],"version-history":[{"count":0,"href":"https:\/\/www.europesays.com\/lv\/wp-json\/wp\/v2\/posts\/69118\/revisions"}],"wp:featuredmedia":[{"embeddable":true,"href":"https:\/\/www.europesays.com\/lv\/wp-json\/wp\/v2\/media\/69119"}],"wp:attachment":[{"href":"https:\/\/www.europesays.com\/lv\/wp-json\/wp\/v2\/media?parent=69118"}],"wp:term":[{"taxonomy":"category","embeddable":true,"href":"https:\/\/www.europesays.com\/lv\/wp-json\/wp\/v2\/categories?post=69118"},{"taxonomy":"post_tag","embeddable":true,"href":"https:\/\/www.europesays.com\/lv\/wp-json\/wp\/v2\/tags?post=69118"}],"curies":[{"name":"wp","href":"https:\/\/api.w.org\/{rel}","templated":true}]}}