{"id":69126,"date":"2025-12-08T16:30:10","date_gmt":"2025-12-08T16:30:10","guid":{"rendered":"https:\/\/www.europesays.com\/lv\/69126\/"},"modified":"2025-12-08T16:30:10","modified_gmt":"2025-12-08T16:30:10","slug":"video-bujans-ar-jaunu-skandarbu-tehno-ritmos-atzime-reina-sejana-dzimsanas-dienu-bnn-lv","status":"publish","type":"post","link":"https:\/\/www.europesays.com\/lv\/69126\/","title":{"rendered":"VIDEO |&quot;Buj\u0101ns&quot; ar jaunu ska\u0146darbu tehno ritmos atz\u012bm\u0113 Rei\u0146a S\u0113j\u0101na dzim\u0161anas dienu &#8211; &#8211; bnn.lv"},"content":{"rendered":"<ol>\n<li><a href=\"https:\/\/news.google.com\/rss\/articles\/CBMiowFBVV95cUxPQWJYdGN4bHhtRHZiSkZzNU8wV3cwUE1hZE5tci1oeGFUMldLOFF4RDdvbXJPVVhrUkg4UGo2RnlLeFBqM0ZEWnlwc05XMmJIUmFYQzUwX0NxVVVFUmR1SUd1WmFMaERXSnlSWUdJNVJLTXplandPSThFZzIwejRwSGRKR2FsczlUZ2gyMzRVMlo0cHM1XzBQT0FOWjVSRTNwcUpR?oc=5\" target=\"_blank\" rel=\"nofollow noopener\">VIDEO |&#8221;Buj\u0101ns&#8221; ar jaunu ska\u0146darbu tehno ritmos atz\u012bm\u0113 Rei\u0146a S\u0113j\u0101na dzim\u0161anas dienu &#8211;<\/a>&nbsp;&nbsp;bnn.lv<\/li>\n<li><a href=\"https:\/\/news.google.com\/rss\/articles\/CBMiywFBVV95cUxPdmNkbW1xQ3Y0TG5ta25jcVF1ZFVkSHlGemhLYjR3c2lKUVAyWGRFbldrWXVlSDhiak96OFBkNi0wNUkwMUJVNDhadHAya1F2RzBsYzlCVmFKMVFGZEpGSk9mLVVjdTI2eUpXaWQ3MFdLcVU3ajh2bjVkZkl0MmFBTjVsVmQ2Y19XSnVPSDFhTVhObDI3TDNqNU5HMXpSNjltUUdMSW5qa18zangzeGt0eWR0RFpMQnYwU1V5OXhMRVQ2T1BxcUtTV0VPOA?oc=5\" target=\"_blank\" rel=\"nofollow noopener\">&#8220;Dz\u012bvojam \u0161odien\u0101!&#8221; Buj\u0101ns prezent\u0113 jaunu singlu, pazi\u0146ojot, ka turpm\u0101k ik gadu izdos divas dziesmas<\/a>&nbsp;&nbsp;tv3.lv<\/li>\n<li><a href=\"https:\/\/news.google.com\/rss\/articles\/CBMitwFBVV95cUxPS2N0UW9Eakd4SUxUVWZjbzFMVWxkU2d1SFNJR3h0N3BDM0N5RGVZcEcwcHVtRFl6N3B1T09aVGpSVkJYc0dPYzhMYk5FRDVSdlZFR2JSS1NRbk5Xa21UX0FkV1ZCR0Q0dzVmSThPUGJSQnRNeEZBdXRRZEtRMDM3Q21TQU5ZMnZOTVpMNnFHcFozWXZXUTNqS2tmdVRhc0dxeno0MVdrYzdCb21faXhmaThmaEw3WEU?oc=5\" target=\"_blank\" rel=\"nofollow noopener\">Ar jaunu ska\u0146darbu &#8220;Daudz laimes dzim\u0161anas dien\u0101&#8221; fanus iepriec\u0113 duets &#8220;Buj\u0101ns&#8221;<\/a>&nbsp;&nbsp;Jauns.lv<\/li>\n<li><a href=\"https:\/\/news.google.com\/rss\/articles\/CBMijgFBVV95cUxPR19SWTNnemREVGNOeERlQ1d3NkRyTWNzaGgwYU5UTU1jemhoeUdWUWd2NjBGd2hhMDRDNHZxMzBqajdsaFplTl9DQzlmS1Jvem1kQzM2anBEbXBBZGRNeVNMUTEtVWhMMVlSTWdzU0tIQnpKLWs4UmJQWllFWVNicTFCMUhZS3lRSllpakRB?oc=5\" target=\"_blank\" rel=\"nofollow noopener\">Duets \u201cBuj\u0101ns\u201d pied\u0101v\u0101 jaun\u0101s tehno dziesmas videoklipu<\/a>&nbsp;&nbsp;tv3.lv<\/li>\n<\/ol>\n","protected":false},"excerpt":{"rendered":"VIDEO |&#8221;Buj\u0101ns&#8221; ar jaunu ska\u0146darbu tehno ritmos atz\u012bm\u0113 Rei\u0146a S\u0113j\u0101na dzim\u0161anas dienu &#8211;&nbsp;&nbsp;bnn.lv &#8220;Dz\u012bvojam \u0161odien\u0101!&#8221; Buj\u0101ns prezent\u0113 jaunu&hellip;\n","protected":false},"author":2,"featured_media":69127,"comment_status":"","ping_status":"","sticky":false,"template":"","format":"standard","meta":{"footnotes":""},"categories":[19],"tags":[89,90,35,39,38,36,37,34,40],"class_list":{"0":"post-69126","1":"post","2":"type-post","3":"status-publish","4":"format-standard","5":"has-post-thumbnail","7":"category-izklaide","8":"tag-entertainment","9":"tag-izklaide","10":"tag-latvia","11":"tag-latvian","12":"tag-latviesu","13":"tag-latviesu-valoda","14":"tag-latviesuvaloda","15":"tag-latvija","16":"tag-lv"},"share_on_mastodon":{"url":"https:\/\/pubeurope.com\/@lv\/115684902500937469","error":""},"_links":{"self":[{"href":"https:\/\/www.europesays.com\/lv\/wp-json\/wp\/v2\/posts\/69126","targetHints":{"allow":["GET"]}}],"collection":[{"href":"https:\/\/www.europesays.com\/lv\/wp-json\/wp\/v2\/posts"}],"about":[{"href":"https:\/\/www.europesays.com\/lv\/wp-json\/wp\/v2\/types\/post"}],"author":[{"embeddable":true,"href":"https:\/\/www.europesays.com\/lv\/wp-json\/wp\/v2\/users\/2"}],"replies":[{"embeddable":true,"href":"https:\/\/www.europesays.com\/lv\/wp-json\/wp\/v2\/comments?post=69126"}],"version-history":[{"count":0,"href":"https:\/\/www.europesays.com\/lv\/wp-json\/wp\/v2\/posts\/69126\/revisions"}],"wp:featuredmedia":[{"embeddable":true,"href":"https:\/\/www.europesays.com\/lv\/wp-json\/wp\/v2\/media\/69127"}],"wp:attachment":[{"href":"https:\/\/www.europesays.com\/lv\/wp-json\/wp\/v2\/media?parent=69126"}],"wp:term":[{"taxonomy":"category","embeddable":true,"href":"https:\/\/www.europesays.com\/lv\/wp-json\/wp\/v2\/categories?post=69126"},{"taxonomy":"post_tag","embeddable":true,"href":"https:\/\/www.europesays.com\/lv\/wp-json\/wp\/v2\/tags?post=69126"}],"curies":[{"name":"wp","href":"https:\/\/api.w.org\/{rel}","templated":true}]}}