{"id":69132,"date":"2025-12-08T16:39:05","date_gmt":"2025-12-08T16:39:05","guid":{"rendered":"https:\/\/www.europesays.com\/lv\/69132\/"},"modified":"2025-12-08T16:39:05","modified_gmt":"2025-12-08T16:39:05","slug":"lietuva-pieaug-spiediens-par-arkartas-situacijas-izsludinasanu-saistiba-ar-kontrabandas-baloniem-raksts","status":"publish","type":"post","link":"https:\/\/www.europesays.com\/lv\/69132\/","title":{"rendered":"Lietuv\u0101 pieaug spiediens par \u0101rk\u0101rtas situ\u0101cijas izsludin\u0101\u0161anu saist\u012bb\u0101 ar kontrabandas baloniem \/ Raksts"},"content":{"rendered":"<p>Lietuvas vald\u012bba otrdien lems par to, vai izsludin\u0101t valsts m\u0113roga \u0101rk\u0101rtas situ\u0101ciju no Baltkrievijas ielidojo\u0161o kontrabandas balonu d\u0113\u013c. Amatpersonas\u00a0\u0161\u0101dus gad\u012bjumus v\u0113rt\u0113 k\u0101 da\u013cu no Minskas r\u012bkot\u0101\u00a0hibr\u012bduzbrukuma. To, ka ir nepiecie\u0161ams veikt pas\u0101kumus \u0161\u0101das r\u012bc\u012bbas mazin\u0101\u0161anai, atg\u0101dina ar\u012b ned\u0113\u013cas nogales notikumi.<\/p>\n<p>                Kontrabandisti uzdarbojas ar\u012b br\u012bvdien\u0101s<\/p>\n<p>Ar\u012b pag\u0101ju\u0161\u0101s ned\u0113\u013cas nogal\u0113 Vi\u013c\u0146as lidostas darbs bijis trauc\u0113ts. K\u0101 \u017eurn\u0101listiem pav\u0113st\u012bja gaisa satiksmes pakalpojumu sniedz\u0113ja &#8220;Oro navigacija&#8221; vad\u012bt\u0101js Sau\u013cus Batavi\u010ds, aizvad\u012btaj\u0101 ned\u0113\u013cas nogal\u0113 situ\u0101ciju atbild\u012bgaj\u0101m iest\u0101d\u0113m izdev\u0101s kontrol\u0113t, neskatoties uz to, ka bija balonu lidojumiem labv\u0113l\u012bgas v\u0113ja pl\u016bsmas. Laik\u0101 no piektdienas l\u012bdz sv\u0113tdienai gaisa telp\u0101 tika nov\u0113roti\u00a0108 baloniem l\u012bdz\u012bgi objekti.<\/p>\n<p>Vi\u013c\u0146as lidostai uz laiku n\u0101c\u0101s p\u0101rtraukt savu darbu sestdienas vakar\u0101. K\u0101 sv\u0113tdienas r\u012bt\u0101 v\u0113st\u012bja lidostu p\u0101rvaldnieks &#8220;Lietuvos oro uostai&#8221;, kopum\u0101 tika ietekm\u0113ti devi\u0146i avioreisi un ne\u0113rt\u012bbas rad\u012btas apm\u0113ram 1000 pasa\u017eieriem. L\u0113mums uz apm\u0113ram pusotru stundu sl\u0113gt Vi\u013c\u0146as lidostas darbu pie\u0146emts, jo gaisa telp\u0101 tika fiks\u0113ti\u00a0meteozond\u0113m rakstur\u012bgi\u00a0navig\u0101cijas sign\u0101li.<\/p>\n<p>Ar\u012b sv\u0113tdien Vi\u013c\u0146as lidostas darbs\u00a0uz 20 min\u016bt\u0113m tika p\u0101rtraukts.\u00a0<\/p>\n<blockquote>\n<p>Sabiedrisk\u0101s dro\u0161\u012bbas dienesta vad\u012bt\u0101js Viktors Grabausks pirmdien preses konferenc\u0113 pazi\u0146oja, ka ir aiztur\u0113ti divi Lietuvas pilso\u0146i par dronu palai\u0161anu Vi\u013c\u0146as lidostas tuvum\u0101.<\/p>\n<\/blockquote>\n<p>Aiztur\u0113tie neesot zin\u0101ju\u0161i, ka \u0161aj\u0101 teritorij\u0101 ir aizliegts darbin\u0101t bezpilota lidapar\u0101tus.<\/p>\n<p>Lai gan sv\u0113tdien notiku\u0161ais nav saist\u012bts ar Baltkrieviju, tas nor\u0101da uz to, ka eso\u0161\u0101 situ\u0101cija ir visai saspringta un dienesti ir gatavi rea\u0123\u0113t uz jebk\u0101da veida apdraud\u0113jumu.<\/p>\n<p>K\u0101 \u017eurn\u0101listiem apliecin\u0101jis Grabausks, situ\u0101cija Vi\u013c\u0146as lidostas tuvum\u0101 tiek uzraudz\u012bta cauru diennakti.<\/p>\n<p>Turkl\u0101t Sabiedrisk\u0101s dro\u0161\u012bbas dienesta r\u012bc\u012bb\u0101 esot l\u012bdzek\u013ci, lai notriektu gan dronus, gan ar\u012b meteozondes, gad\u012bjum\u0101\u00a0ja Vi\u013c\u0146as lidostai past\u0101v tie\u0161s apdraud\u0113jums. Tiesa, t\u0101dus l\u012bdzek\u013cus var izmantot, ja objekti lido zem\u0101 augstum\u0101 un neliel\u0101 \u0101trum\u0101.<\/p>\n<p>Opoz\u012bcijas ieskat\u0101 \u0101rk\u0101rtas situ\u0101cija ir j\u0101izsludina\u00a0<\/p>\n<p>Lietuvas Iek\u0161lietu ministrijas piektdien iesniegtais likumprojekts liecina, ka\u00a0\u0101rk\u0101rtas situ\u0101ciju valsts m\u0113rog\u0101 rosin\u0101ts izsludin\u0101t tie\u0161i meteobalonu rad\u012bt\u0101 drauda civilajai aizsardz\u012bbai d\u0113\u013c.<\/p>\n<blockquote>\n<p>Ministrija uzskata, ka \u0161\u0101da st\u0101vok\u013ca neizsludin\u0101\u0161ana izrais\u012bs\u00a0negat\u012bvas\u00a0sekas\u00a0valsts un sabiedr\u012bbas dro\u0161\u012bbai un stabilit\u0101tei.<\/p>\n<\/blockquote>\n<p>Pati Inga Ru\u0123iniene v\u0113l aizvad\u012btaj\u0101 ned\u0113\u013c\u0101 neizsl\u0113dza iesp\u0113ju, ka var\u0113tu ieviest stingr\u0101ku \u0101rk\u0101rtas st\u0101vokli, ko apstiprin\u0101tu Seima deput\u0101ti.<\/p>\n<blockquote>\n<p>Iesp\u0113jams, \u0161ie premjeres izteikumi bija reakcija uz opoz\u012bcijas aicin\u0101jumiem izsludin\u0101t \u0101rk\u0101rtas st\u0101vokli c\u012b\u0146\u0101 ar kontrabandas baloniem, kas \u013cautu ne tikai ieviest stingr\u0101kus ierobe\u017eojumus, bet ar\u012b\u00a0iesaist\u012bt bru\u0146otos sp\u0113kus.<\/p>\n<\/blockquote>\n<p>Turkl\u0101t opoz\u012bcijas v\u0113rt\u0113jum\u0101 \u0101rk\u0101rtas situ\u0101cijas izsludin\u0101\u0161ana esot p\u0101r\u0101k maiga reakcija.<\/p>\n<p>Lietuvas policijas \u0123ener\u0101lkomis\u0101rs Ar\u016bns Paulausks pirmdienas r\u012bt\u0101 LRT radio pauda, ka \u0101rk\u0101rtas situ\u0101cijas ievie\u0161ana var\u0113tu efekt\u012bv\u0101k pal\u012bdz\u0113t amatperson\u0101m nov\u0113rst un izmekl\u0113t noziegumus, kuros tiek izmantotas meteozondes. Ta\u010du vaic\u0101ts, vai vajadz\u0113tu noteikt v\u0113l stingr\u0101ku st\u0101vokli, Paulausks aicina nesteigties ar l\u0113muma pie\u0146em\u0161anu.<\/p>\n<p>&#8220;Daudzos gad\u012bjumos \u0161\u0101du noziegumu izmekl\u0113\u0161ana prasa noteiktus r\u012bkus [..] Es uzskatu, ka \u0161\u0101ds re\u017e\u012bms mums pal\u012bdz\u0113s efekt\u012bv\u0101k izmekl\u0113t \u0161os noziegumus. [..] Vispirms gan es ieteiktu ieviest \u0101rk\u0101rtas situ\u0101ciju un k\u0101du laiku taj\u0101 palikt, redz\u0113t, k\u0101 mums iet, [..] un tad pie\u0146emt l\u0113mumu par stingr\u0101kiem ierobe\u017eojumiem,&#8221; teica Palausks.<\/p>\n<p>Vi\u0146\u0161 ar\u012b\u00a0pav\u0113st\u012bja, ka krat\u012b\u0161anu laik\u0101 ned\u0113\u013cas nogal\u0113 tika konfisc\u0113ti 11 kontrabandas baloni ar 40 000 kontrabandas cigare\u0161u paci\u0146\u0101m. K\u0101 nor\u0101d\u012bja policijas priek\u0161nieks\u00a0T\u0101li, tad \u0161\u0101di rezult\u0101ti ir nopelns lielu resursu ieguld\u012b\u0161anai darb\u0101.<\/p>\n<p>KONTEKSTS:<\/p>\n<p>Lietuv\u0101 kop\u0161 2025. gada <a href=\"https:\/\/www.lsm.lv\/raksts\/zinas\/arzemes\/05.10.2025-no-baltkrievijas-ielidojusu-balonu-del-uz-laiku-nacies-slegt-vilnas-lidostu.a617075\/?utm_source=lsm&amp;utm_medium=theme&amp;utm_campaign=theme\" class=\"lsm-link\" data-type=\"article\" data-id=\"617075\" rel=\"nofollow noopener\" target=\"_blank\">oktobra <\/a>arvien bie\u017e\u0101k n\u0101cies aptur\u0113t gaisa satiksmi, tostarp lidojumus uz un no Vi\u013c\u0146as lidostas, saist\u012bb\u0101 ar no Baltkrievijas lidojo\u0161iem meteorolo\u0123iskajiem <a href=\"https:\/\/www.lsm.lv\/raksts\/zinas\/arzemes\/26.11.2025-lsm-skaidro-kas-ir-meteorologiskie-baloni-un-kam-tos-izmanto.a623610\/?utm_source=lsm&amp;utm_medium=theme&amp;utm_campaign=theme\" class=\"lsm-link\" data-type=\"article\" data-id=\"623610\" rel=\"nofollow noopener\" target=\"_blank\">baloniem<\/a>.<\/p>\n<p>Ar balonu pal\u012bdz\u012bbu Lietuv\u0101 tiek nog\u0101d\u0101ta cigare\u0161u kontrabanda, ta\u010du <a href=\"https:\/\/www.lsm.lv\/raksts\/zinas\/arzemes\/28.10.2025-lietuva-meteorologiskie-baloni-no-baltkrievijas-ir-valsts-kontroleta-kontrabanda-un-hibriduzbrukums.a620121\/?utm_source=lsm&amp;utm_medium=theme&amp;utm_campaign=theme\" class=\"lsm-link\" data-type=\"article\" data-id=\"620121\" rel=\"nofollow noopener\" target=\"_blank\">tiek uzskat\u012bts<\/a>, ka \u0161\u0101das darb\u012bbas atbalsta Baltkrievijas vadonis Aleksandrs Luka\u0161enko un \u0161is ir viens no agresorvalsts hibr\u012bdkara elementiem.<\/p>\n<p>Lietuva sol\u012bjusi pret \u0161\u012bm darb\u012bb\u0101m c\u012bn\u012bties, tostarp <a href=\"https:\/\/www.lsm.lv\/raksts\/zinas\/arzemes\/29.10.2025-lietuva-uz-menesi-sledz-robezu-ar-baltkrieviju-paredz-iznemumus-noteiktam-celotaju-kategorijam.a620300\/?utm_source=lsm&amp;utm_medium=theme&amp;utm_campaign=theme\" class=\"lsm-link\" data-type=\"article\" data-id=\"620300\" rel=\"nofollow noopener\" target=\"_blank\">sl\u0113dzot <\/a>abu valstu robe\u017eu. Dr\u012bz p\u0113c tam Baltkrievij\u0101 iespr\u016bda un no \u0161\u012bs valsts netika izlaisti <a href=\"https:\/\/www.lsm.lv\/raksts\/zinas\/arzemes\/10.11.2025-baltkrievija-aizliegusi-no-valsts-izbraukt-vairakiem-simtiem-lietuva-registretu-kravas-auto.a621931\/?utm_source=lsm&amp;utm_medium=theme&amp;utm_campaign=theme\" class=\"lsm-link\" data-type=\"article\" data-id=\"621931\" rel=\"nofollow noopener\" target=\"_blank\">simtiem <\/a>Lietuv\u0101 re\u0123istr\u0113tu kravas auto.\u00a0<\/p>\n<p>\u0145emot v\u0113r\u0101 bie\u017eos kontrabandas balonu izrais\u012btos gaisa satiksmes trauc\u0113jumus, kaimi\u0146valst\u012b ar\u012b <a href=\"https:\/\/www.lsm.lv\/raksts\/zinas\/arzemes\/02.12.2025-lietuva-spriez-par-iespeju-nakts-avioreisus-parcelt-no-vilnas-uz-kaunu.a624691\/?utm_source=lsm&amp;utm_medium=theme&amp;utm_campaign=theme\" class=\"lsm-link\" data-type=\"article\" data-id=\"624691\" rel=\"nofollow noopener\" target=\"_blank\">apspriesta <\/a>nakts reisu p\u0101rvirz\u012b\u0161ana no Vi\u013c\u0146as uz Kau\u0146as lidostu. C\u012b\u0146\u0101 ar kontrabandas baloniem ar\u012b pl\u0101nots izsludin\u0101t valst\u012b <a href=\"https:\/\/www.lsm.lv\/raksts\/zinas\/arzemes\/05.12.2025-lietuva-izsludinas-arkartejo-situaciju-vilnas-lidostu-traucejoso-baltkrievijas-meteobalonu-del.a625243\/?utm_source=lsm&amp;utm_medium=theme&amp;utm_campaign=theme\" class=\"lsm-link\" data-type=\"article\" data-id=\"625243\" rel=\"nofollow noopener\" target=\"_blank\">\u0101rk\u0101rtas situ\u0101ciju<\/a> un <a href=\"https:\/\/www.lsm.lv\/raksts\/zinas\/arzemes\/04.12.2025-lietuva-armija-palidz-cinities-ar-kontrabandistu-baloniem.a624986\/?utm_source=lsm&amp;utm_medium=theme&amp;utm_campaign=theme\" class=\"lsm-link\" data-type=\"article\" data-id=\"624986\" rel=\"nofollow noopener\" target=\"_blank\">iesaist\u012bt <\/a>armiju.<\/p>\n<p>                    Valodas k\u013c\u016bda rakst\u0101?<\/p>\n<p class=\"d-none d-md-block\">Iez\u012bm\u0113jiet tekstu un spiediet Ctrl+Enter, lai nos\u016bt\u012btu labojamo teksta fragmentu redaktoram! Par faktu k\u013c\u016bd\u0101m l\u016bdzam zi\u0146ot e-past\u0101 <a href=\"https:\/\/www.lsm.lv\/cdn-cgi\/l\/email-protection\" class=\"__cf_email__\" data-cfemail=\"93e1f6f7f2f8f0faf9f2d3ffe0febdffe5\" rel=\"nofollow noopener\" target=\"_blank\">[email\u00a0protected]<\/a>.<\/p>\n<p class=\"d-md-none\">Iez\u012bm\u0113jiet tekstu un spiediet uz Zi\u0146ot par k\u013c\u016bdu pogas, lai nos\u016bt\u012btu labojamo teksta fragmentu redaktoram!<\/p>\n<p>\n                    Zi\u0146ot par k\u013c\u016bdu\n                <\/p>\n","protected":false},"excerpt":{"rendered":"Lietuvas vald\u012bba otrdien lems par to, vai izsludin\u0101t valsts m\u0113roga \u0101rk\u0101rtas situ\u0101ciju no Baltkrievijas ielidojo\u0161o kontrabandas balonu d\u0113\u013c.&hellip;\n","protected":false},"author":2,"featured_media":57697,"comment_status":"","ping_status":"","sticky":false,"template":"","format":"standard","meta":{"footnotes":""},"categories":[14],"tags":[23,57,28,29,32,33,22,30,31,35,39,38,36,37,34,40,20,26,27,24,25,54,55,56,21,58],"class_list":{"0":"post-69132","1":"post","2":"type-post","3":"status-publish","4":"format-standard","5":"has-post-thumbnail","7":"category-zinas-no-arvalstim","8":"tag-aktualitates","9":"tag-arvalstim","10":"tag-breaking-news","11":"tag-breakingnews","12":"tag-featured-news","13":"tag-featurednews","14":"tag-headlines","15":"tag-latest-news","16":"tag-latestnews","17":"tag-latvia","18":"tag-latvian","19":"tag-latviesu","20":"tag-latviesu-valoda","21":"tag-latviesuvaloda","22":"tag-latvija","23":"tag-lv","24":"tag-news","25":"tag-popularakas-zinas","26":"tag-popularakaszinas","27":"tag-top-stories","28":"tag-topstories","29":"tag-world","30":"tag-world-news","31":"tag-worldnews","32":"tag-zinas","33":"tag-zinas-no-arvalstim"},"share_on_mastodon":{"url":"https:\/\/pubeurope.com\/@lv\/115684937750018668","error":""},"_links":{"self":[{"href":"https:\/\/www.europesays.com\/lv\/wp-json\/wp\/v2\/posts\/69132","targetHints":{"allow":["GET"]}}],"collection":[{"href":"https:\/\/www.europesays.com\/lv\/wp-json\/wp\/v2\/posts"}],"about":[{"href":"https:\/\/www.europesays.com\/lv\/wp-json\/wp\/v2\/types\/post"}],"author":[{"embeddable":true,"href":"https:\/\/www.europesays.com\/lv\/wp-json\/wp\/v2\/users\/2"}],"replies":[{"embeddable":true,"href":"https:\/\/www.europesays.com\/lv\/wp-json\/wp\/v2\/comments?post=69132"}],"version-history":[{"count":0,"href":"https:\/\/www.europesays.com\/lv\/wp-json\/wp\/v2\/posts\/69132\/revisions"}],"wp:featuredmedia":[{"embeddable":true,"href":"https:\/\/www.europesays.com\/lv\/wp-json\/wp\/v2\/media\/57697"}],"wp:attachment":[{"href":"https:\/\/www.europesays.com\/lv\/wp-json\/wp\/v2\/media?parent=69132"}],"wp:term":[{"taxonomy":"category","embeddable":true,"href":"https:\/\/www.europesays.com\/lv\/wp-json\/wp\/v2\/categories?post=69132"},{"taxonomy":"post_tag","embeddable":true,"href":"https:\/\/www.europesays.com\/lv\/wp-json\/wp\/v2\/tags?post=69132"}],"curies":[{"name":"wp","href":"https:\/\/api.w.org\/{rel}","templated":true}]}}