{"id":69135,"date":"2025-12-08T16:47:27","date_gmt":"2025-12-08T16:47:27","guid":{"rendered":"https:\/\/www.europesays.com\/lv\/69135\/"},"modified":"2025-12-08T16:47:27","modified_gmt":"2025-12-08T16:47:27","slug":"10-gadigs-puika-pie-stures-policijas-parsteigums-raiskuma","status":"publish","type":"post","link":"https:\/\/www.europesays.com\/lv\/69135\/","title":{"rendered":"10 gad\u012bgs puika pie st\u016bres: policijas p\u0101rsteigums Raiskum\u0101"},"content":{"rendered":"<p class=\"descr\">Valsts policijas Vidzemes re\u0123iona p\u0101rvaldes apkalpojamaj\u0101 teritorij\u0101 7. decembr\u012b re\u0123istr\u0113ti divi gad\u012bjumi, kuros pieaugu\u0161ie, b\u016bdami alkohola reibum\u0101, apdraud\u0113ja mazgad\u012bgu b\u0113rnu dro\u0161\u012bbu. Abos gad\u012bjumos policija uzs\u0101kusi administrat\u012bvos p\u0101rk\u0101pumu procesus par b\u0113rna apr\u016bpes pien\u0101kumu nepild\u012b\u0161anu.<\/p>\n<p>2025. gada 7. decembr\u012b ap pulksten 01.30 C\u0113su novad\u0101, Raiskuma pagast\u0101, uz autoce\u013ca Unguri &#8211; Lielstraupe &#8211; Brasla policijas nor\u012bkojums paman\u012bja automa\u0161\u012bnu \u201cVolvo\u201d, kas tika vad\u012bta nep\u0101rliecino\u0161i. Policisti nol\u0113ma transportl\u012bdzekli aptur\u0113t un, iesl\u0113dzot speci\u0101los gaismas sign\u0101lus, tas tika veiksm\u012bgi aptur\u0113ts. Pieejot pie vad\u012bt\u0101ja, policisti piedz\u012bvoja negaid\u012btu situ\u0101ciju \u2014 pie st\u016bres atrad\u0101s 10 gadus vecs z\u0113ns, savuk\u0101rt vi\u0146a t\u0113vs s\u0113d\u0113ja aizmugur\u0113jos s\u0113dek\u013cos stipr\u0101 alkohola reibum\u0101. V\u012brietim tika konstat\u0113ta minim\u0101l\u0101 alkohola koncentr\u0101cija izelpotaj\u0101 gais\u0101 2,56 promiles, kas b\u016btiski ierobe\u017eo sp\u0113ju nodro\u0161in\u0101t b\u0113rna dro\u0161\u012bbu un adekv\u0101tu r\u012bc\u012bbu. Puisis kop\u0101 ar vec\u0101kiem nog\u0101d\u0101ts dz\u012bvesviet\u0101, savuk\u0101rt pret t\u0113vu uzs\u0101kts administrat\u012bvais process par b\u0113rna apr\u016bpes pien\u0101kumu nepild\u012b\u0161anu.<\/p>\n<p>Taj\u0101 pa\u0161\u0101 dien\u0101 ap pulksten 18.00 Al\u016bksnes novada M\u0101rkalnes pagast\u0101 policisti konstat\u0113ja 1995. gad\u0101 dzimu\u0161u sievieti, kura, atrodoties 2,00 promi\u013cu alkohola reibum\u0101, st\u016bma b\u0113rnu rati\u0146us, kuros gul\u0113ja 2024. gad\u0101 dzimis b\u0113rns. Sievietes st\u0101voklis objekt\u012bvi ierobe\u017eoja sp\u0113ju nodro\u0161in\u0101t mazgad\u012bg\u0101 dro\u0161\u012bbu un aizsardz\u012bbu, t\u0101d\u0113\u013c b\u0113rns tika nodots medi\u0137u apskatei. Ar\u012b \u0161aj\u0101 gad\u012bjum\u0101 policija uzs\u0101ka administrat\u012bv\u0101 p\u0101rk\u0101puma procesu par b\u0113rna apr\u016bpes pien\u0101kumu nepild\u012b\u0161anu.<\/p>\n<p>Saska\u0146\u0101 ar B\u0113rnu ties\u012bbu aizsardz\u012bbas likuma 83. panta otro da\u013cu pieaugu\u0161ajai personai, kas, atrodoties alkohola vai citu apreibino\u0161o vielu ietekm\u0113 un t\u0101d\u0113j\u0101di nesp\u0113jot nodro\u0161in\u0101t b\u0113rna dro\u0161\u012bbu, piekr\u012bt uzraudz\u012bt b\u0113rnu, var tikt piem\u0113rots br\u012bdin\u0101jums vai naudas sods l\u012bdz 42 naudas soda vien\u012bb\u0101m.<\/p>\n<p><a href=\"https:\/\/nra.lv\/birka\/valsts-policija\/\" target=\"_blank\" rel=\"noopener nofollow\">Valsts policija<\/a> aicina vec\u0101kus un citus b\u0113rnu apr\u016bp\u0113t\u0101jus apzin\u0101ties savu atbild\u012bbu un nekad neatst\u0101t b\u0113rnus bez pien\u0101c\u012bgas, skaidras un atbild\u012bgas uzraudz\u012bbas. B\u0113rna kl\u0101tb\u016btne pieaugu\u0161\u0101 reibuma st\u0101vokl\u012b vai situ\u0101cij\u0101s, kur\u0101s nav iesp\u0113jams nodro\u0161in\u0101t dro\u0161\u012bbu, var novest pie smag\u0101m un neatgriezenisk\u0101m sek\u0101m. Policija ar\u012b turpm\u0101k pastiprin\u0101ti piev\u0113rs\u012bs uzman\u012bbu situ\u0101cij\u0101m, kur\u0101s b\u0113rniem var tikt nodar\u012bts kait\u0113jums vai rad\u012bts apdraud\u0113jums, un aicina sabiedr\u012bbu neb\u016bt vienaldz\u012bgai \u2014 ja tiek paman\u012bta situ\u0101cija, kur\u0101 b\u0113rns var\u0113tu b\u016bt apdraud\u0113ts, nekav\u0113joties zvan\u012bt 112.<\/p>\n<p>\t\t\t\t\t\tinfo<\/p>\n<p>Uzzini pirmais<br \/>kas interesants noticis Latvij\u0101 un pasaul\u0113,<br \/>pievienojoties mums <a href=\"https:\/\/t.me\/neatkariga\" rel=\"nofollow\">Telegram<\/a> vai <a href=\"https:\/\/whatsapp.com\/channel\/0029VaMLFUH5K3zLU5s4wm3y\" rel=\"nofollow noopener\" target=\"_blank\">Whatsapp<\/a> kan\u0101l\u0101<\/p>\n","protected":false},"excerpt":{"rendered":"Valsts policijas Vidzemes re\u0123iona p\u0101rvaldes apkalpojamaj\u0101 teritorij\u0101 7. decembr\u012b re\u0123istr\u0113ti divi gad\u012bjumi, kuros pieaugu\u0161ie, b\u016bdami alkohola reibum\u0101, apdraud\u0113ja&hellip;\n","protected":false},"author":2,"featured_media":69136,"comment_status":"","ping_status":"","sticky":false,"template":"","format":"standard","meta":{"footnotes":""},"categories":[5],"tags":[23,28,29,32,33,22,30,31,35,39,38,36,37,34,40,20,26,27,24,25,21],"class_list":{"0":"post-69135","1":"post","2":"type-post","3":"status-publish","4":"format-standard","5":"has-post-thumbnail","7":"category-aktualitates","8":"tag-aktualitates","9":"tag-breaking-news","10":"tag-breakingnews","11":"tag-featured-news","12":"tag-featurednews","13":"tag-headlines","14":"tag-latest-news","15":"tag-latestnews","16":"tag-latvia","17":"tag-latvian","18":"tag-latviesu","19":"tag-latviesu-valoda","20":"tag-latviesuvaloda","21":"tag-latvija","22":"tag-lv","23":"tag-news","24":"tag-popularakas-zinas","25":"tag-popularakaszinas","26":"tag-top-stories","27":"tag-topstories","28":"tag-zinas"},"share_on_mastodon":{"url":"https:\/\/pubeurope.com\/@lv\/115684969294995720","error":""},"_links":{"self":[{"href":"https:\/\/www.europesays.com\/lv\/wp-json\/wp\/v2\/posts\/69135","targetHints":{"allow":["GET"]}}],"collection":[{"href":"https:\/\/www.europesays.com\/lv\/wp-json\/wp\/v2\/posts"}],"about":[{"href":"https:\/\/www.europesays.com\/lv\/wp-json\/wp\/v2\/types\/post"}],"author":[{"embeddable":true,"href":"https:\/\/www.europesays.com\/lv\/wp-json\/wp\/v2\/users\/2"}],"replies":[{"embeddable":true,"href":"https:\/\/www.europesays.com\/lv\/wp-json\/wp\/v2\/comments?post=69135"}],"version-history":[{"count":0,"href":"https:\/\/www.europesays.com\/lv\/wp-json\/wp\/v2\/posts\/69135\/revisions"}],"wp:featuredmedia":[{"embeddable":true,"href":"https:\/\/www.europesays.com\/lv\/wp-json\/wp\/v2\/media\/69136"}],"wp:attachment":[{"href":"https:\/\/www.europesays.com\/lv\/wp-json\/wp\/v2\/media?parent=69135"}],"wp:term":[{"taxonomy":"category","embeddable":true,"href":"https:\/\/www.europesays.com\/lv\/wp-json\/wp\/v2\/categories?post=69135"},{"taxonomy":"post_tag","embeddable":true,"href":"https:\/\/www.europesays.com\/lv\/wp-json\/wp\/v2\/tags?post=69135"}],"curies":[{"name":"wp","href":"https:\/\/api.w.org\/{rel}","templated":true}]}}