{"id":69139,"date":"2025-12-08T16:50:13","date_gmt":"2025-12-08T16:50:13","guid":{"rendered":"https:\/\/www.europesays.com\/lv\/69139\/"},"modified":"2025-12-08T16:50:13","modified_gmt":"2025-12-08T16:50:13","slug":"novembri-latvijas-vestnesa-vietnem-12-un-13-vieta-publiskaja-topa-2","status":"publish","type":"post","link":"https:\/\/www.europesays.com\/lv\/69139\/","title":{"rendered":"Novembr\u012b &#8220;Latvijas V\u0113stne\u0161a&#8221; vietn\u0113m 12. un 13. vieta publiskaj\u0101 top\u0101"},"content":{"rendered":"<p>\n            2025. gada 8. decembris\n        <\/p>\n<p style=\"text-align:justify\">Novembr\u012b kopum\u0101 ap 31,38% no visiem Latvijas internetlietot\u0101jiem vecum\u0101 virs 15 gadiem jeb 0,42 miljoni ir atv\u0113ru\u0161i k\u0101du no ofici\u0101l\u0101 izdev\u0113ja vietn\u0113m (&#8220;likumi.lv&#8221;, &#8220;lvportals.lv&#8221; vai &#8220;juristavards.lv&#8221;), kas ir faktiski gandr\u012bz katrs tre\u0161ais.\u00a0<\/p>\n<p style=\"text-align:justify\"><a href=\"https:\/\/gemius.com\/lv\/blogs\/gemiusaudience-novembri-apmekletako-vietnu-top\/\" target=\"_blank\" rel=\"nofollow noopener\">Publiskotaj\u0101 &#8220;Gemius&#8221; viet\u0146u TOP 20 novembra sarakst\u0101<\/a> divas &#8220;Latvijas V\u0113stne\u0161a&#8221; vietnes atk\u0101rtoti ierindojas starp Latvijas popul\u0101r\u0101kaj\u0101m vietn\u0113m: \u00a0<\/p>\n<ul role=\"list\">&#13;<\/p>\n<li style=\"text-align: justify;\">&#8220;lvportals.lv&#8221; \u2013 12.\u00a0viet\u0101;\u00a0<\/li>\n<p>&#13;<\/p>\n<li style=\"text-align: justify;\">&#8220;likumi.lv&#8221; \u2013 13\u00a0viet\u0101.\u00a0<\/li>\n<p>&#13;\n<\/ul>\n<p style=\"text-align:justify\">Savuk\u0101rt k\u0101 viet\u0146u grupa &#8220;Latvijas V\u0113stnesis&#8221; ierindojas 7. viet\u0101 ar 0,42 miljoniem re\u0101lo lietot\u0101ju, kas vismaz vienu vai vair\u0101kas reizes atv\u0113ru\u0161i &#8220;Latvijas V\u0113stne\u0161a&#8221; vietnes.\u00a0<\/p>\n<p style=\"text-align:justify\">Re\u0101lie lietot\u0101ji ir faktiskie apmekl\u0113t\u0101ji, kas konkr\u0113taj\u0101 m\u0113nes\u012b patie\u0161\u0101m atv\u0113ru\u0161i vietni \u2013 nevis, piem\u0113ram, saskait\u012btas tikai ier\u012bces vai IP adreses, no kur\u0101m vietne ir apmekl\u0113ta.\u00a0<\/p>\n<p style=\"text-align:justify\">Par &#8220;Latvijas V\u0113stne\u0161a&#8221; vietn\u0113m<\/p>\n<ul>&#13;<\/p>\n<li style=\"text-align: justify;\">Vietni &#8220;likumi.lv&#8221; apmekl\u0113ja 253 392 re\u0101lie lietot\u0101ji jeb 18,97 % no Latvijas interneta auditorijas.\u00a0<\/li>\n<p>&#13;<\/p>\n<li style=\"text-align: justify;\">Vietni &#8220;lvportals.lv&#8221; aizvad\u012btaj\u0101 m\u0113nes\u012b apmekl\u0113ja 278 720 re\u0101lie lietot\u0101ji jeb 20,87 % no Latvijas interneta lietot\u0101jiem.\u00a0<\/li>\n<p>&#13;<\/p>\n<li style=\"text-align: justify;\">Vietni &#8220;juristavards.lv&#8221; apmekl\u0113ja 17 296 re\u0101lie lietot\u0101ji jeb 1,30 % no Latvijas interneta auditorijas. \u00a0<\/li>\n<p>&#13;\n<\/ul>\n<p style=\"text-align:justify\">Par &#8220;Latvijas V\u0113stnesi&#8221;<\/p>\n<p style=\"text-align:justify\">Ofici\u0101lais izdev\u0113js &#8220;Latvijas V\u0113stnesis&#8221; nodro\u0161ina \u010detras vietnes \u2013 &#8220;likumi.lv&#8221;, &#8220;lvportals.lv&#8221; un &#8220;juristavards.lv&#8221;, no kur\u0101m &#8220;Gemius&#8221; p\u0113t\u012bjum\u0101 piedal\u0101s tr\u012bs.\u00a0<\/p>\n<p style=\"text-align:justify\">Vietne &#8220;vestnesis.lv&#8221;, kur\u0101 public\u0113ts ofici\u0101lais izdevums &#8220;Latvijas V\u0113stnesis&#8221;, p\u0113t\u012bjum\u0101 nav iek\u013cauta un nav ietverta min\u0113tajos rezult\u0101tos. \u00a0<\/p>\n<p style=\"text-align:justify\">Ofici\u0101lais izdev\u0113js &#8220;Latvijas V\u0113stnesis&#8221; nodro\u0161ina valsts, pilsonisk\u0101s un tiesisk\u0101s inform\u0101cijas platformu \u2013 &#8220;vestnesis.lv&#8221;, &#8220;likumi.lv&#8221;, &#8220;lvportals.lv&#8221;, \u017eurn\u0101ls &#8220;Jurista V\u0101rds&#8221; \/ &#8220;juristavards.lv&#8221;. To nosaka Ofici\u0101lo publik\u0101ciju un tiesisk\u0101s inform\u0101cijas likums. \u00a0<\/p>\n<p style=\"text-align:justify\">* &#8220;Gemius&#8221; m\u0113ra re\u0101los lietot\u0101jus (real users), un tas nozar\u0113 ir pie\u0146emts k\u0101 profesion\u0101ls, visp\u0101rpie\u0146emts j\u0113dziens. P\u0113t\u012bjums tiek veikts, balstoties uz sare\u017e\u0123\u012btu un m\u016bsdien\u012bgu metodolo\u0123iju, kas nodro\u0161ina iesp\u0113ju konstat\u0113t re\u0101lo apmekl\u0113t\u0101ju skaitu, nevis s\u012bkdatnes (cookies) vai IP adreses.\u00a0<\/p>\n","protected":false},"excerpt":{"rendered":"2025. gada 8. decembris Novembr\u012b kopum\u0101 ap 31,38% no visiem Latvijas internetlietot\u0101jiem vecum\u0101 virs 15 gadiem jeb 0,42&hellip;\n","protected":false},"author":2,"featured_media":13749,"comment_status":"","ping_status":"","sticky":false,"template":"","format":"standard","meta":{"footnotes":""},"categories":[16],"tags":[77,76,35,39,38,36,37,34,40],"class_list":{"0":"post-69139","1":"post","2":"type-post","3":"status-publish","4":"format-standard","5":"has-post-thumbnail","7":"category-bizness","8":"tag-bizness","9":"tag-business","10":"tag-latvia","11":"tag-latvian","12":"tag-latviesu","13":"tag-latviesu-valoda","14":"tag-latviesuvaloda","15":"tag-latvija","16":"tag-lv"},"share_on_mastodon":{"url":"https:\/\/pubeurope.com\/@lv\/115684981005668149","error":""},"_links":{"self":[{"href":"https:\/\/www.europesays.com\/lv\/wp-json\/wp\/v2\/posts\/69139","targetHints":{"allow":["GET"]}}],"collection":[{"href":"https:\/\/www.europesays.com\/lv\/wp-json\/wp\/v2\/posts"}],"about":[{"href":"https:\/\/www.europesays.com\/lv\/wp-json\/wp\/v2\/types\/post"}],"author":[{"embeddable":true,"href":"https:\/\/www.europesays.com\/lv\/wp-json\/wp\/v2\/users\/2"}],"replies":[{"embeddable":true,"href":"https:\/\/www.europesays.com\/lv\/wp-json\/wp\/v2\/comments?post=69139"}],"version-history":[{"count":0,"href":"https:\/\/www.europesays.com\/lv\/wp-json\/wp\/v2\/posts\/69139\/revisions"}],"wp:featuredmedia":[{"embeddable":true,"href":"https:\/\/www.europesays.com\/lv\/wp-json\/wp\/v2\/media\/13749"}],"wp:attachment":[{"href":"https:\/\/www.europesays.com\/lv\/wp-json\/wp\/v2\/media?parent=69139"}],"wp:term":[{"taxonomy":"category","embeddable":true,"href":"https:\/\/www.europesays.com\/lv\/wp-json\/wp\/v2\/categories?post=69139"},{"taxonomy":"post_tag","embeddable":true,"href":"https:\/\/www.europesays.com\/lv\/wp-json\/wp\/v2\/tags?post=69139"}],"curies":[{"name":"wp","href":"https:\/\/api.w.org\/{rel}","templated":true}]}}