{"id":69172,"date":"2025-12-08T17:28:09","date_gmt":"2025-12-08T17:28:09","guid":{"rendered":"https:\/\/www.europesays.com\/lv\/69172\/"},"modified":"2025-12-08T17:28:09","modified_gmt":"2025-12-08T17:28:09","slug":"abonenti-nepaliks-bez-avizem-un-zurnaliem-saka-silina-ministru-kabinets-skatis-ka-kompenset-abonetas-preses-piegades-izmaksas","status":"publish","type":"post","link":"https:\/\/www.europesays.com\/lv\/69172\/","title":{"rendered":"Abonenti nepaliks bez av\u012bz\u0113m un \u017eurn\u0101liem, saka Sili\u0146a. Ministru kabinets skat\u012bs, k\u0101 kompens\u0113t abon\u0113t\u0101s preses pieg\u0101des izmaksas"},"content":{"rendered":"<p>\u201cMan ir svar\u012bgi, lai preses abonenti nepaliktu bez saviem izdevumiem un lai mediji sa\u0146emtu nepiecie\u0161amo atbalstu, kas nodro\u0161ina kvalitat\u012bvu inform\u0101ciju vis\u0101 Latvij\u0101. T\u0101p\u0113c Ministru kabinet\u0101 skat\u012bsim kompens\u0101cijas abon\u0113t\u0101s preses pieg\u0101des izmaksu seg\u0161anai. Satiksmes ministram nepiecie\u0161ams n\u0101kt klaj\u0101 ar skaidru un ilgtsp\u0113j\u012bgu risin\u0101jumu,\u201d port\u0101l\u0101 \u201cX\u201d raksta premjere.<\/p>\n","protected":false},"excerpt":{"rendered":"\u201cMan ir svar\u012bgi, lai preses abonenti nepaliktu bez saviem izdevumiem un lai mediji sa\u0146emtu nepiecie\u0161amo atbalstu, kas nodro\u0161ina&hellip;\n","protected":false},"author":2,"featured_media":69173,"comment_status":"","ping_status":"","sticky":false,"template":"","format":"standard","meta":{"footnotes":""},"categories":[12],"tags":[23,28,29,32,33,22,30,31,35,39,38,36,37,34,40,20,26,27,24,25,21],"class_list":{"0":"post-69172","1":"post","2":"type-post","3":"status-publish","4":"format-standard","5":"has-post-thumbnail","7":"category-latvija","8":"tag-aktualitates","9":"tag-breaking-news","10":"tag-breakingnews","11":"tag-featured-news","12":"tag-featurednews","13":"tag-headlines","14":"tag-latest-news","15":"tag-latestnews","16":"tag-latvia","17":"tag-latvian","18":"tag-latviesu","19":"tag-latviesu-valoda","20":"tag-latviesuvaloda","21":"tag-latvija","22":"tag-lv","23":"tag-news","24":"tag-popularakas-zinas","25":"tag-popularakaszinas","26":"tag-top-stories","27":"tag-topstories","28":"tag-zinas"},"share_on_mastodon":{"url":"https:\/\/pubeurope.com\/@lv\/115685130583885341","error":""},"_links":{"self":[{"href":"https:\/\/www.europesays.com\/lv\/wp-json\/wp\/v2\/posts\/69172","targetHints":{"allow":["GET"]}}],"collection":[{"href":"https:\/\/www.europesays.com\/lv\/wp-json\/wp\/v2\/posts"}],"about":[{"href":"https:\/\/www.europesays.com\/lv\/wp-json\/wp\/v2\/types\/post"}],"author":[{"embeddable":true,"href":"https:\/\/www.europesays.com\/lv\/wp-json\/wp\/v2\/users\/2"}],"replies":[{"embeddable":true,"href":"https:\/\/www.europesays.com\/lv\/wp-json\/wp\/v2\/comments?post=69172"}],"version-history":[{"count":0,"href":"https:\/\/www.europesays.com\/lv\/wp-json\/wp\/v2\/posts\/69172\/revisions"}],"wp:featuredmedia":[{"embeddable":true,"href":"https:\/\/www.europesays.com\/lv\/wp-json\/wp\/v2\/media\/69173"}],"wp:attachment":[{"href":"https:\/\/www.europesays.com\/lv\/wp-json\/wp\/v2\/media?parent=69172"}],"wp:term":[{"taxonomy":"category","embeddable":true,"href":"https:\/\/www.europesays.com\/lv\/wp-json\/wp\/v2\/categories?post=69172"},{"taxonomy":"post_tag","embeddable":true,"href":"https:\/\/www.europesays.com\/lv\/wp-json\/wp\/v2\/tags?post=69172"}],"curies":[{"name":"wp","href":"https:\/\/api.w.org\/{rel}","templated":true}]}}