{"id":69174,"date":"2025-12-08T17:29:17","date_gmt":"2025-12-08T17:29:17","guid":{"rendered":"https:\/\/www.europesays.com\/lv\/69174\/"},"modified":"2025-12-08T17:29:17","modified_gmt":"2025-12-08T17:29:17","slug":"eiropadomes-priekssedetajs-noraida-asv-meginajumus-iejaukties-eiropas-politika","status":"publish","type":"post","link":"https:\/\/www.europesays.com\/lv\/69174\/","title":{"rendered":"Eiropadomes priek\u0161s\u0113d\u0113t\u0101js noraida ASV m\u0113\u0123in\u0101jumus iejaukties Eiropas politik\u0101"},"content":{"rendered":"<p>&#8220;M\u0113s nevaram pie\u0146emt draudus iejaukties Eiropas politik\u0101,&#8221; Ko\u0161ta sac\u012bja konferenc\u0113 Brisel\u0113.<\/p>\n<p>Pag\u0101ju\u0161aj\u0101 ned\u0113\u013c\u0101 public\u0113taj\u0101 jaunaj\u0101 <a href=\"https:\/\/www.apollo.lv\/term\/555410\/asv\" class=\"topicLink\" target=\"_blank\" rel=\"nofollow noopener\">ASV<\/a> nacion\u0101l\u0101s dro\u0161\u012bbas strat\u0113\u0123ij\u0101 prezidents Donalds Tramps kritiz\u0113ja Eiropu k\u0101 p\u0101rlieku regul\u0113tu, cenz\u016bras p\u0101r\u0146emtu kontinentu, kuram tr\u016bkstot pa\u0161apzi\u0146as un kuram imigr\u0101cijas d\u0113\u013c draud &#8220;civiliz\u0101cijas izdz\u0113\u0161ana&#8221;.<\/p>\n<p>Strat\u0113\u0123ij\u0101 skaidri nor\u0101d\u012bts, ka ASV Trampa vad\u012bb\u0101 agres\u012bvi cent\u012bsies sasniegt l\u012bdz\u012bgus m\u0113r\u0137us Eirop\u0101 saska\u0146\u0101 ar gal\u0113ji lab\u0113jo partiju programm\u0101m.<\/p>\n<p>Taj\u0101 teikts, ka administr\u0101cija &#8220;kultiv\u0113s pretest\u012bbu pret Eiropas pa\u0161reiz\u0113jo trajektoriju Eiropas valst\u012bs&#8221;.<\/p>\n<p>&#8220;Amerikas Savienot\u0101s Valstis nevar nomain\u012bt Eiropas pilso\u0146us, vi\u0146u izv\u0113l\u0113, kuras partijas ir labas un kuras sliktas,&#8221; sac\u012bja Ko\u0161ta, uzsverot, ka ASV ar\u012b &#8220;nevar aizst\u0101t Eiropu t\u0101s redz\u0113jum\u0101 par v\u0101rda br\u012bv\u012bbu&#8221;.<\/p>\n<p>Ko\u0161ta, kur\u0161 k\u0101 Eiropadomes priek\u0161s\u0113d\u0113t\u0101js vada bloka 27 valstu l\u012bderu samitus, sac\u012bja, ka ar Trampa administr\u0101ciju jau ilgsto\u0161i past\u0101v domstarp\u012bbas t\u0101dos jaut\u0101jumos k\u0101 klimata p\u0101rmai\u0146as, ta\u010du jaun\u0101 strat\u0113\u0123ija &#8220;iet t\u0101l\u0101k&#8221;.<\/p>\n","protected":false},"excerpt":{"rendered":"&#8220;M\u0113s nevaram pie\u0146emt draudus iejaukties Eiropas politik\u0101,&#8221; Ko\u0161ta sac\u012bja konferenc\u0113 Brisel\u0113. Pag\u0101ju\u0161aj\u0101 ned\u0113\u013c\u0101 public\u0113taj\u0101 jaunaj\u0101 ASV nacion\u0101l\u0101s dro\u0161\u012bbas&hellip;\n","protected":false},"author":2,"featured_media":69175,"comment_status":"","ping_status":"","sticky":false,"template":"","format":"standard","meta":{"footnotes":""},"categories":[5],"tags":[23,9080,292,28,29,9079,32,33,22,74,30,31,35,39,38,36,37,34,40,20,26,27,24,25,21],"class_list":{"0":"post-69174","1":"post","2":"type-post","3":"status-publish","4":"format-standard","5":"has-post-thumbnail","7":"category-aktualitates","8":"tag-aktualitates","9":"tag-antoniu-kosta","10":"tag-asv","11":"tag-breaking-news","12":"tag-breakingnews","13":"tag-eiropadome","14":"tag-featured-news","15":"tag-featurednews","16":"tag-headlines","17":"tag-krievijas-iebrukums-ukraina","18":"tag-latest-news","19":"tag-latestnews","20":"tag-latvia","21":"tag-latvian","22":"tag-latviesu","23":"tag-latviesu-valoda","24":"tag-latviesuvaloda","25":"tag-latvija","26":"tag-lv","27":"tag-news","28":"tag-popularakas-zinas","29":"tag-popularakaszinas","30":"tag-top-stories","31":"tag-topstories","32":"tag-zinas"},"share_on_mastodon":{"url":"https:\/\/pubeurope.com\/@lv\/115685134551008587","error":""},"_links":{"self":[{"href":"https:\/\/www.europesays.com\/lv\/wp-json\/wp\/v2\/posts\/69174","targetHints":{"allow":["GET"]}}],"collection":[{"href":"https:\/\/www.europesays.com\/lv\/wp-json\/wp\/v2\/posts"}],"about":[{"href":"https:\/\/www.europesays.com\/lv\/wp-json\/wp\/v2\/types\/post"}],"author":[{"embeddable":true,"href":"https:\/\/www.europesays.com\/lv\/wp-json\/wp\/v2\/users\/2"}],"replies":[{"embeddable":true,"href":"https:\/\/www.europesays.com\/lv\/wp-json\/wp\/v2\/comments?post=69174"}],"version-history":[{"count":0,"href":"https:\/\/www.europesays.com\/lv\/wp-json\/wp\/v2\/posts\/69174\/revisions"}],"wp:featuredmedia":[{"embeddable":true,"href":"https:\/\/www.europesays.com\/lv\/wp-json\/wp\/v2\/media\/69175"}],"wp:attachment":[{"href":"https:\/\/www.europesays.com\/lv\/wp-json\/wp\/v2\/media?parent=69174"}],"wp:term":[{"taxonomy":"category","embeddable":true,"href":"https:\/\/www.europesays.com\/lv\/wp-json\/wp\/v2\/categories?post=69174"},{"taxonomy":"post_tag","embeddable":true,"href":"https:\/\/www.europesays.com\/lv\/wp-json\/wp\/v2\/tags?post=69174"}],"curies":[{"name":"wp","href":"https:\/\/api.w.org\/{rel}","templated":true}]}}