{"id":69176,"date":"2025-12-08T17:34:09","date_gmt":"2025-12-08T17:34:09","guid":{"rendered":"https:\/\/www.europesays.com\/lv\/69176\/"},"modified":"2025-12-08T17:34:09","modified_gmt":"2025-12-08T17:34:09","slug":"veselibas-inspekcija-sanem-arvien-vairak-iedzivotaju-sudzibas-par-zurkam","status":"publish","type":"post","link":"https:\/\/www.europesays.com\/lv\/69176\/","title":{"rendered":"Vesel\u012bbas inspekcija sa\u0146em arvien vair\u0101k iedz\u012bvot\u0101ju s\u016bdz\u012bbas par \u017eurk\u0101m"},"content":{"rendered":"<p>\u0160ogad Vesel\u012bbas inspekcija no iedz\u012bvot\u0101jiem sa\u0146\u0113musi 23&#13;<br \/>\niesniegumus par \u017eurk\u0101m. At\u0161\u0137ir\u012bb\u0101 no iepriek\u0161\u0113jiem gadiem, izskat\u0101s, ka&#13;<br \/>\niedz\u012bvot\u0101ji par grauz\u0113jiem uztraucas vair\u0101k, piem\u0113ram, Vesel\u012bbas inspekcijai&#13;<br \/>\nzi\u0146o ar\u012b par \u017eurk\u0101m, kas man\u012btas pamest\u0101s teritorij\u0101s vai \u0113k\u0101s, v\u0113sta 360&#13;<br \/>\nZi\u0146as.<\/p>\n<p>Ekspertu skat\u012bjum\u0101, cilv\u0113ki ir satraukti par saslimst\u012bbas ar&#13;<br \/>\nleptospirozi pieaugumu. \u0160o infekciju p\u0101rn\u0113s\u0101 grauz\u0113ji. Ta\u010du, nov\u0113rojot \u017eurkas&#13;<br \/>\nvai peles, pirm\u0101m k\u0101rt\u0101m ir j\u0101v\u0113r\u0161as pie \u0113kas apsaimniekot\u0101ja. Bet tad, ja&#13;<br \/>\nnetiek veikta deratiz\u0101cija, var s\u016bdz\u0113ties Vesel\u012bbas inspekcijai.<\/p>\n<p>Iepriek\u0161 jau zi\u0146oj\u0101m, ka sabiedr\u012bbas iniciat\u012bvu&#13;<br \/>\nport\u0101l\u0101 <a target=\"_blank\" href=\"https:\/\/manabalss.lv\/i\/3848\" rel=\"nofollow noopener\">&#8220;Manabalss.lv&#8221;<\/a> s\u0101kta&#13;<br \/>\nparakstu v\u0101k\u0161ana, lai nov\u0113rstu \u017eurku izplat\u012b\u0161anos R\u012bg\u0101, un to paredz\u0113ts&#13;<br \/>\niesniegt R\u012bgas domei.<\/p>\n<p>K\u0101 iniciat\u012bvas iesniedz\u0113ja nor\u0101d\u012bta Tatjana Bodnare-Judina.&#13;<br \/>\nVi\u0146a skaidro, ka R\u012bgas iedz\u012bvot\u0101ji, \u012bpa\u0161i tie, kas dz\u012bvo centr\u0101, jau vismaz&#13;<br \/>\ndivus gadus cie\u0161 no \u017eurku un pe\u013cu pastiprin\u0101tas izplat\u012b\u0161an\u0101s.<\/p>\n<p>Epidemiolo\u0123iski b\u012bstama situ\u0101cija pasliktin\u0101s aukstaj\u0101&#13;<br \/>\nlaik\u0101, kad \u017eurkas un peles p\u0101rce\u013cas uz telp\u0101m, ar leptospirozi infic\u0113jot&#13;<br \/>\np\u0101rtikas preces, skaidro Bodnare-Judina.<\/p>\n<p>Iniciat\u012bvas iesniedz\u0113ja l\u016bdz R\u012bgas pa\u0161vald\u012bbu organiz\u0113t&#13;<br \/>\nkoordin\u0113tus centraliz\u0113tus deratiz\u0101cijas pas\u0101kumus vis\u0101 pils\u0113tas teritorij\u0101,&#13;<br \/>\nkompleks\u0101 ar teritorijas t\u012br\u012b\u0161anu un pas\u0101kumiem jaunas \u017eurku inv\u0101zijas&#13;<br \/>\nnov\u0113r\u0161anai. L\u012bdz\u012bgi, k\u0101 \u016bdensvada dezinfekcija c\u012b\u0146\u0101 pret legionellas&#13;<br \/>\nbakt\u0113rij\u0101m, ar\u012b c\u012b\u0146ai pret leptospirozi un cit\u0101m grauz\u0113ju p\u0101rn\u0113s\u0101taj\u0101m slim\u012bb\u0101m&#13;<br \/>\nj\u0101b\u016bt pils\u0113tas priorit\u0101tei r\u016bp\u0113s par iedz\u012bvot\u0101ju vesel\u012bbu.<\/p>\n<p>Leptospiroze ir zoonoze jeb infekcijas slim\u012bba, kas tiek&#13;<br \/>\np\u0101rnesta no dz\u012bvniekiem uz cilv\u0113kiem. Leptospirozes izrais\u012bt\u0101js ir bakt\u0113rijas&#13;<br \/>\nleptospiras, kas \u0101r\u0113j\u0101 vid\u0113 var saglab\u0101ties ned\u0113\u013c\u0101m vai pat m\u0113ne\u0161iem, \u012bpa\u0161i&#13;<br \/>\nmitr\u0101 un v\u0113s\u0101 vid\u0113, ta\u010du t\u0101s ir jut\u012bgas pret iz\u017e\u016b\u0161anu un augstu temperat\u016bru,&#13;<br \/>\nnor\u0101da Slim\u012bbu profilakses un kontroles centr\u0101 (SPKC). Infic\u0113tie dz\u012bvnieki&#13;<br \/>\nizdala leptospiras ar ur\u012bnu. Uz\u0146\u0113m\u012bgi ir visi siltasi\u0146u dz\u012bvnieki, kas noz\u012bm\u0113,&#13;<br \/>\nka infekcijas izrais\u012bt\u0101ji pla\u0161i cirkul\u0113 dab\u0101.<\/p>\n<p>Leptospirozes gad\u012bjum\u0101 laiks no infic\u0113\u0161an\u0101s l\u012bdz pirmo&#13;<br \/>\nsimptomu par\u0101d\u012b\u0161an\u0101s parasti ir septi\u0146as l\u012bdz desmit dienas, ta\u010du tas var&#13;<br \/>\nsv\u0101rst\u012bties no 2 l\u012bdz 30 dien\u0101m. Bie\u017e\u0101k nov\u0113rojami gripai l\u012bdz\u012bgi simptomi -&#13;<br \/>\npaaugstin\u0101ta temperat\u016bra, drudzis, drebu\u013ci, galvass\u0101pes, musku\u013cu s\u0101pes,&#13;<br \/>\nnelabums, vem\u0161ana, apet\u012btes zudums, aps\u0101rtu\u0161as acis un nesp\u0113ks. Smag\u0101kos&#13;<br \/>\ngad\u012bjumos iesp\u0113jamas komplik\u0101cijas &#8211; mening\u012bts, asinsizpl\u016bdumi, dzelte, nieru&#13;<br \/>\nun aknu boj\u0101jumi, hemol\u012btiska an\u0113mija vai apzi\u0146as trauc\u0113jumi, inform\u0113 SPKC.<\/p>\n<p>Ja p\u0113c saskares ar dz\u012bvniekiem vai potenci\u0101li pies\u0101r\u0146otu&#13;<br \/>\nvidi par\u0101d\u0101s min\u0113tie simptomi, nekav\u0113joties j\u0101v\u0113r\u0161as pie \u0123imenes \u0101rsta un&#13;<br \/>\nj\u0101inform\u0113 par riska faktoriem, jo laikus s\u0101kta \u0101rst\u0113\u0161ana pal\u012bdz nov\u0113rst&#13;<br \/>\nkomplik\u0101cijas.<\/p>\n","protected":false},"excerpt":{"rendered":"\u0160ogad Vesel\u012bbas inspekcija no iedz\u012bvot\u0101jiem sa\u0146\u0113musi 23&#13; iesniegumus par \u017eurk\u0101m. At\u0161\u0137ir\u012bb\u0101 no iepriek\u0161\u0113jiem gadiem, izskat\u0101s, ka&#13; iedz\u012bvot\u0101ji par&hellip;\n","protected":false},"author":2,"featured_media":69177,"comment_status":"","ping_status":"","sticky":false,"template":"","format":"standard","meta":{"footnotes":""},"categories":[12],"tags":[129,1562,4277,1304,23,28,29,32,33,22,30,31,35,39,38,36,37,34,40,20,26,27,1305,4278,1563,1306,4279,1564,24,25,21],"class_list":{"0":"post-69176","1":"post","2":"type-post","3":"status-publish","4":"format-standard","5":"has-post-thumbnail","7":"category-latvija","8":"tag-__typenameadvicekeyword","9":"tag-id397","10":"tag-id876","11":"tag-id970","12":"tag-aktualitates","13":"tag-breaking-news","14":"tag-breakingnews","15":"tag-featured-news","16":"tag-featurednews","17":"tag-headlines","18":"tag-latest-news","19":"tag-latestnews","20":"tag-latvia","21":"tag-latvian","22":"tag-latviesu","23":"tag-latviesu-valoda","24":"tag-latviesuvaloda","25":"tag-latvija","26":"tag-lv","27":"tag-news","28":"tag-popularakas-zinas","29":"tag-popularakaszinas","30":"tag-slug360-zinas","31":"tag-slugriga","32":"tag-slugveselibas-aprupe","33":"tag-title360-zinas","34":"tag-titleriga","35":"tag-titleveselibas-aprupe","36":"tag-top-stories","37":"tag-topstories","38":"tag-zinas"},"share_on_mastodon":{"url":"https:\/\/pubeurope.com\/@lv\/115685154139660295","error":""},"_links":{"self":[{"href":"https:\/\/www.europesays.com\/lv\/wp-json\/wp\/v2\/posts\/69176","targetHints":{"allow":["GET"]}}],"collection":[{"href":"https:\/\/www.europesays.com\/lv\/wp-json\/wp\/v2\/posts"}],"about":[{"href":"https:\/\/www.europesays.com\/lv\/wp-json\/wp\/v2\/types\/post"}],"author":[{"embeddable":true,"href":"https:\/\/www.europesays.com\/lv\/wp-json\/wp\/v2\/users\/2"}],"replies":[{"embeddable":true,"href":"https:\/\/www.europesays.com\/lv\/wp-json\/wp\/v2\/comments?post=69176"}],"version-history":[{"count":0,"href":"https:\/\/www.europesays.com\/lv\/wp-json\/wp\/v2\/posts\/69176\/revisions"}],"wp:featuredmedia":[{"embeddable":true,"href":"https:\/\/www.europesays.com\/lv\/wp-json\/wp\/v2\/media\/69177"}],"wp:attachment":[{"href":"https:\/\/www.europesays.com\/lv\/wp-json\/wp\/v2\/media?parent=69176"}],"wp:term":[{"taxonomy":"category","embeddable":true,"href":"https:\/\/www.europesays.com\/lv\/wp-json\/wp\/v2\/categories?post=69176"},{"taxonomy":"post_tag","embeddable":true,"href":"https:\/\/www.europesays.com\/lv\/wp-json\/wp\/v2\/tags?post=69176"}],"curies":[{"name":"wp","href":"https:\/\/api.w.org\/{rel}","templated":true}]}}