{"id":69180,"date":"2025-12-08T17:40:12","date_gmt":"2025-12-08T17:40:12","guid":{"rendered":"https:\/\/www.europesays.com\/lv\/69180\/"},"modified":"2025-12-08T17:40:12","modified_gmt":"2025-12-08T17:40:12","slug":"pagajusaja-nedela-no-latvijas-iedzivotajiem-izkrapti-169-miljoni-eiro","status":"publish","type":"post","link":"https:\/\/www.europesays.com\/lv\/69180\/","title":{"rendered":"Pag\u0101ju\u0161aj\u0101 ned\u0113\u013c\u0101 no Latvijas iedz\u012bvot\u0101jiem izkr\u0101pti 1,69 miljoni eiro"},"content":{"rendered":"<p>No 1. decembra l\u012bdz 7. decembrim Valsts policij\u0101 re\u0123istr\u0113ts 261 kr\u0101p\u0161anas gad\u012bjums. No tiem 77 gad\u012bjumos iedz\u012bvot\u0101ji zaud\u0113ju\u0161i naudu, bet 184 gad\u012bjumos kr\u0101pnieku m\u0113\u0123in\u0101jumi beigu\u0161ies bez finansi\u0101liem zaud\u0113jumiem. Kop\u0113jie iedz\u012bvot\u0101ju zaud\u0113jumi sasniedz vismaz 1 691 717 eiro.<\/p>\n<p>V\u0113l joproj\u0101m visvair\u0101k naudas izkr\u0101pts vik\u0161\u0137er\u0113\u0161anas jeb viltus zvanu gad\u012bjumos, kad <a href=\"https:\/\/www.tvnet.lv\/term\/562485\/krapnieki\" class=\"topicLink\" target=\"_blank\" rel=\"nofollow noopener\">kr\u0101pnieki<\/a> uzdodas par komun\u0101lo pakalpojumu sniedz\u0113ju, Valsts policijas, mobilo operatoru, Valsts ie\u0146\u0113mumu dienesta, kred\u012btiest\u0101\u017eu, pasta vai soci\u0101lo dienestu darbiniekiem. Pag\u0101ju\u0161aj\u0101 ned\u0113\u013c\u0101 telefonkr\u0101pniekiem izdevies izkr\u0101pt 1 263 492 eiro, un visvair\u0101k \u0161\u0101du gad\u012bjumu &#8211; 164 &#8211; atkal re\u0123istr\u0113ts R\u012bgas re\u0123ion\u0101.<\/p>\n","protected":false},"excerpt":{"rendered":"No 1. decembra l\u012bdz 7. decembrim Valsts policij\u0101 re\u0123istr\u0113ts 261 kr\u0101p\u0161anas gad\u012bjums. No tiem 77 gad\u012bjumos iedz\u012bvot\u0101ji zaud\u0113ju\u0161i&hellip;\n","protected":false},"author":2,"featured_media":69181,"comment_status":"","ping_status":"","sticky":false,"template":"","format":"standard","meta":{"footnotes":""},"categories":[12],"tags":[23,28,29,32,33,22,277,30,31,35,39,38,36,37,34,40,20,163,26,27,24,25,21],"class_list":{"0":"post-69180","1":"post","2":"type-post","3":"status-publish","4":"format-standard","5":"has-post-thumbnail","7":"category-latvija","8":"tag-aktualitates","9":"tag-breaking-news","10":"tag-breakingnews","11":"tag-featured-news","12":"tag-featurednews","13":"tag-headlines","14":"tag-krapnieki","15":"tag-latest-news","16":"tag-latestnews","17":"tag-latvia","18":"tag-latvian","19":"tag-latviesu","20":"tag-latviesu-valoda","21":"tag-latviesuvaloda","22":"tag-latvija","23":"tag-lv","24":"tag-news","25":"tag-policija","26":"tag-popularakas-zinas","27":"tag-popularakaszinas","28":"tag-top-stories","29":"tag-topstories","30":"tag-zinas"},"share_on_mastodon":{"url":"https:\/\/pubeurope.com\/@lv\/115685177810149227","error":""},"_links":{"self":[{"href":"https:\/\/www.europesays.com\/lv\/wp-json\/wp\/v2\/posts\/69180","targetHints":{"allow":["GET"]}}],"collection":[{"href":"https:\/\/www.europesays.com\/lv\/wp-json\/wp\/v2\/posts"}],"about":[{"href":"https:\/\/www.europesays.com\/lv\/wp-json\/wp\/v2\/types\/post"}],"author":[{"embeddable":true,"href":"https:\/\/www.europesays.com\/lv\/wp-json\/wp\/v2\/users\/2"}],"replies":[{"embeddable":true,"href":"https:\/\/www.europesays.com\/lv\/wp-json\/wp\/v2\/comments?post=69180"}],"version-history":[{"count":0,"href":"https:\/\/www.europesays.com\/lv\/wp-json\/wp\/v2\/posts\/69180\/revisions"}],"wp:featuredmedia":[{"embeddable":true,"href":"https:\/\/www.europesays.com\/lv\/wp-json\/wp\/v2\/media\/69181"}],"wp:attachment":[{"href":"https:\/\/www.europesays.com\/lv\/wp-json\/wp\/v2\/media?parent=69180"}],"wp:term":[{"taxonomy":"category","embeddable":true,"href":"https:\/\/www.europesays.com\/lv\/wp-json\/wp\/v2\/categories?post=69180"},{"taxonomy":"post_tag","embeddable":true,"href":"https:\/\/www.europesays.com\/lv\/wp-json\/wp\/v2\/tags?post=69180"}],"curies":[{"name":"wp","href":"https:\/\/api.w.org\/{rel}","templated":true}]}}