{"id":69182,"date":"2025-12-08T17:41:23","date_gmt":"2025-12-08T17:41:23","guid":{"rendered":"https:\/\/www.europesays.com\/lv\/69182\/"},"modified":"2025-12-08T17:41:23","modified_gmt":"2025-12-08T17:41:23","slug":"viss-ir-materials-prozai-nerakstosa-rakstniece-klausas-prozas-lasijumus","status":"publish","type":"post","link":"https:\/\/www.europesays.com\/lv\/69182\/","title":{"rendered":"Viss ir materi\u0101ls prozai. Neraksto\u0161\u0101 rakstniece klaus\u0101s &#8220;Prozas las\u012bjumus&#8221;"},"content":{"rendered":"<p>Da\u017e\u0101du apst\u0101k\u013cu d\u0113\u013c, tostarp aiz nesp\u0113jas atrasties div\u0101s viet\u0101s vienlaikus, nevar\u0113ju apmekl\u0113t visus festiv\u0101la \u201cProzas las\u012bjumi\u201d pas\u0101kumus, bet dom\u0101ju, ka neraksto\u0161a rakstniece (kas nav ne \u012bsti literat\u016bras kriti\u0137e, ne rakstniece) var at\u013cauties spriest par festiv\u0101lu tikai p\u0113c da\u017eiem pas\u0101kumiem.<\/p>\n<p>Dro\u0161i vien j\u0101s\u0101k ar skaidrojumu terminam \u201cneraksto\u0161s rakstnieks\u201d. Man\u0101 gad\u012bjum\u0101 tas noz\u012bm\u0113 \u2013 ilgsto\u0161i topo\u0161a rakstniece ar da\u017e\u0101m publik\u0101cij\u0101m periodik\u0101, kas vairs neizn\u0101k, piedal\u012b\u0161an\u0101s \u201cLiter\u0101raj\u0101 akad\u0113mij\u0101\u201d un \u201cProzas las\u012bjumos\u201d aptuveni pirms 10 gadiem (joproj\u0101m tiek piemin\u0113ts k\u0101 sasniegums) un akt\u012bva nerakst\u012b\u0161ana vair\u0101ku gadu garum\u0101. Ta\u010du (!) doma par prozu nav zudusi, t\u0101p\u0113c turpinu sev pied\u0113v\u0113t ar rakstniec\u012bbu saist\u012btus titulus.<\/p>\n<p>T\u0101 k\u0101 esmu att\u0101lin\u0101jusies no latvie\u0161u literat\u016bras un nesekoju l\u012bdzi jaunumiem, g\u0101ju uz festiv\u0101la pas\u0101kumiem, cerot g\u016bt skat\u012bjumu no malas \u2013 k\u0101 izskat\u0101s las\u012bjumi cilv\u0113kam, kas tur net\u012b\u0161\u0101m iemald\u012bjies un ikdien\u0101 saskaras tikai ar zi\u0146u tekstiem. J\u0101saka gan, ka tas \u012bsti nebija iesp\u0113jams, jo \u0101tri vien p\u0101r\u0146\u0113ma nostal\u0123ija un sen\u0101 v\u0113lme iek\u013c\u016bt \u201cstil\u012bgaj\u0101 klubi\u0146\u0101\u201d jeb \u201crakstnieku sabiedr\u012bbas kr\u0113jum\u0101\u201d, kura dal\u012bbnieki un izpausmes nav daudz main\u012bju\u0161\u0101s \u0161o gadu laik\u0101. Tad, protams, v\u0113l gad\u0101s k\u0101ds paz\u012bstams person\u0101\u017es, kas jau iek\u013cuvis stil\u012bgo kopien\u0101, un esmu ievilkta atpaka\u013c.<\/p>\n<p>\u013boti grib\u0113j\u0101s apmekl\u0113t festiv\u0101la atkl\u0101\u0161anu, \u012bpa\u0161i redz\u0113t filmu par \u201cProzas las\u012bjumu\u201d aizs\u0101kumiem (tagad t\u0101 <a href=\"https:\/\/www.youtube.com\/watch?v=FHK-yyT_5kg\" target=\"_blank\" rel=\"noopener noreferrer nofollow\">skat\u0101ma \u201cYoutube\u201d<\/a>!), k\u0101 ar\u012b tikt pie bezmaksas uzkod\u0101m, ta\u010du \u0161oreiz n\u0101c\u0101s samierin\u0101ties ar p\u0113cpas\u0101kuma foto. Starp citu, norises vietai \u2013 Nacion\u0101lajam rakstniec\u012bbas un m\u016bzikas muzejam \u2013, k\u0101 izr\u0101d\u0101s, ir las\u012bjumiem piem\u0113rots mansards: intraverti var justies \u0113rti un dro\u0161i, pasl\u0113pjoties aiz k\u0101da staba vai stut\u0113jot sienu.<\/p>\n<p>Pirmais pas\u0101kums, ko apmekl\u0113ju, bija autoru grupas \u201cTEKST\u016bra\u201d las\u012bjumi \u201cRado\u0161uma anatomija\u201d Andreja Up\u012b\u0161a Memori\u0101laj\u0101 muzej\u0101, kuros rakstnieki m\u0113\u0123in\u0101ja noskaidrot, no kurienes tad rodas rado\u0161ums un k\u0101 to notvert tekst\u0101. Gaid\u012bju pavec\u0101ku cilv\u0113ku pam\u0101c\u012bbas, ta\u010du nebija tik traki \u2013 p\u0101ri vecuma un pieredzes at\u0161\u0137ir\u012bb\u0101m var\u0113ju rezon\u0113t ar m\u0113\u0123in\u0101jumiem notvert mirkli v\u012bna gl\u0101z\u0113. Atceros v\u0113l flautistes iespaid\u012bgi tievos un garos pirkstus, ar\u012b tas var\u0113tu b\u016bt labs s\u0101kums prozai.<\/p>\n<p>Sestdienas vakar\u0101 aizg\u0101ju uz \u201cSlieksni. Diptihu II\u201d Ka\u0146epes Kult\u016bras centr\u0101, kur uzst\u0101j\u0101s topo\u0161ie rakstnieki no \u201cLiter\u0101r\u0101s akad\u0113mijas\u201d. V\u0101ji izgaismot\u0101 telpa bija pieb\u0101zta ar pajauniem cilv\u0113kiem, no kuriem da\u017ei, k\u0101 nopratu, \u012bsti nesaprata, kas te notiek, un pirm\u0101 st\u0101sta vid\u016b izl\u0113ma evaku\u0113ties. Prozas klaus\u012b\u0161an\u0101s diez vai ir sestdienas vakara atp\u016bta negatavajiem.<\/p>\n<p>Starp citu, run\u0101t\u0101jus darb\u012bb\u0101 visp\u0101r neredz\u0113ju, biju iegrimusi neapgaismot\u0101 d\u012bv\u0101na m\u012bkstum\u0101 un klaus\u012bjos st\u0101stus no aizp\u016b\u013ca valst\u012bbas. Tas pal\u012bdz\u0113ja p\u0101rvar\u0113t saspringumu katra st\u0101sta s\u0101kum\u0101 \u2013 nevi\u013cus sajutos t\u0101, it k\u0101 pa\u0161ai b\u016btu j\u0101run\u0101 un j\u0101atbild par uzrakst\u012bto ar savu v\u0101rdu un uzv\u0101rdu, ta\u010du neviens uz mani neskat\u012bj\u0101s.<\/p>\n<p>Prieks par jauno autoru drosmi un skaidro valodu, roku dreb\u0113\u0161anas l\u012bmeni gan nevar\u0113ju p\u0101rbaud\u012bt. K\u0101ds st\u0101sts varb\u016bt nebija tik piem\u0113rots ska\u013cai las\u012b\u0161anai (t\u0101 tom\u0113r ir specifika \u2013 notur\u0113t klaus\u012bt\u0101ja uzman\u012bbu), k\u0101ds varb\u016bt ne tik spilgts, ta\u010du labi izstr\u0101d\u0101ts, cits spridzin\u0101ja auditoriju ar aizraujo\u0161u saturu un izpild\u012bjumu. Ta\u010du kopum\u0101 bija for\u0161i \u2013 \u013coti grib\u0113ju dzird\u0113t jaunos rakst\u012bt\u0101jus un vi\u0146u idejas: vai par\u0101d\u012bsies kaut kas svaigs un dz\u012bvs, vai ar\u012b turpin\u0101sies latvisko cie\u0161anu t\u0113ma un \u0123ime\u0146u dr\u0101mas? Bija abi, bet \u0161oreiz bez smaguma.<\/p>\n<p>Biju iepl\u0101nojusi doties ar\u012b uz \u201cProzas brokast\u012bm\u201d sv\u0113tdienas r\u012bt\u0101, tom\u0113r miegs un fizisk\u0101s brokastis \u0161oreiz bija svar\u012bg\u0101kas (dz\u012bves prozas brut\u0101l\u0101 uzvara p\u0101r literat\u016bru). Turkl\u0101t uz tradicion\u0101lajiem las\u012bjumiem \u201cAndal\u016bzijas sun\u012b\u201d esmu bijusi visbie\u017e\u0101k, iedom\u0101jos \u2013 var\u0113tu p\u0113c atmi\u0146as aprakst\u012bt vec\u0101s saj\u016btas, no\u0161pikot uzv\u0101rdus no pas\u0101kuma plak\u0101ta, un gan jau neviens neuzzin\u0101tu. Diem\u017e\u0113l esmu p\u0101r\u0101k god\u012bga. Zin\u0101\u0161anai \u2013 uzst\u0101j\u0101s tur pamat\u0101 \u201crakstnieku putukr\u0113jums\u201d, nek\u0101 jauna. Vienk\u0101r\u0161i palasiet \u0161o autoru darbus, paskatieties k\u0101dus videoierakstus, lai tekstam pievienotu balsi, un las\u012bjumi gatavi!<\/p>\n<p>Sv\u0113tdienas vakar\u0101 nok\u013cuvu \u201cProzas las\u012bjumu\u201d nosl\u0113guma pas\u0101kum\u0101 \u201cHamlet\u0101\u201d. Smalka atmosf\u0113ra pie apa\u013ciem galdiem uz sarkana pakl\u0101ja, skan\u0113ja br\u012bni\u0161\u0137\u012bga \u0123it\u0101rsp\u0113le, un pras\u012bj\u0101s pa\u0146emt gl\u0101zi v\u012bna, lai iejustos pa \u012bstam. Rakstnieki uz mai\u0146\u0101m k\u0101pa uz skatuves, s\u0113d\u0101s pie mikrofona un, gaismas un skatienu caurdurti, las\u012bja savus garadarbus.<\/p>\n<p>Vair\u0101ku autoru tekstos uzpeld\u0113ja vardarb\u012bba un kara noska\u0146as \u2013 es jau dom\u0101ju, vai tad neb\u016bs k\u0101das aktualit\u0101tes. Protams, bija ar\u012b \u0123imenes dr\u0101mas \u2013 sliktais v\u012brs\/t\u0113vs, nabaga sieva\/m\u0101te. K\u0101p\u0113c latvie\u0161iem pat\u012bk \u0161\u012b t\u0113ma, es nesp\u0113ju saprast. Ja dz\u012bv\u0113 \u0161ausmas, k\u0101d\u0113\u013c lai par t\u0101m v\u0113l las\u012btu?! Man daudz lab\u0101k patika minimas \u2013 \u012bsie teksta gabali\u0146i priec\u0113ja ar dz\u012bves krikumiem.<\/p>\n<p>Var\u0113ja dzird\u0113t ar\u012b latgalie\u0161u valodu 2x \u0101trum\u0101 \u2013 n\u0101kam\u0101 l\u012bme\u0146a klaus\u012b\u0161an\u0101s treni\u0146\u0161 nebija viegls, v\u0101rdi bira no maisa, un lauza man smadzenes, bet visi iesm\u0113j\u0101s vien\u0101s un taj\u0101s pa\u0161\u0101s viet\u0101s, t\u0101 ka laikam tikai man klaus\u012bties literat\u016bru \u0161\u0137iet gr\u016bti. L\u012bdz n\u0101kam\u0101 gada las\u012bjumiem j\u0101satren\u0113jas ar audiogr\u0101mat\u0101m, nevar t\u0101 izg\u0101zties.<\/p>\n<p>Beig\u0101s apbalvo\u0161ana \u2013 par st\u0101stu konkursa \u201cK\u0101 tev iet?\u201d uzvar\u0113t\u0101ju k\u013cuva M\u0101rti\u0146\u0161 Pommers, kur\u0161 ieguva konkursa galveno balvu 500 eiro, savuk\u0101rt \u010detras veicin\u0101\u0161anas balvas un iesp\u0113ju m\u0113nesi uztur\u0113ties Dubultu Rakstnieku nam\u0101 sa\u0146\u0113ma Gusts \u0100bele, Anta Pried\u012bte, Ieva Melgalve un Lea Vinks. Izloz\u0113 \u012bpa\u0161o rakst\u012b\u0161anas plan\u0161eti ieguva Vineta St\u012bpniece. Nav ne jausmas, ko vi\u0146i las\u012bja, bet gan jau izc\u0113l\u0101s.<\/p>\n<p>Kopum\u0101 j\u0101secina \u2013 ja autors prot rakst\u012bt (un izteiksm\u012bgi las\u012bt), tad temats nav tik svar\u012bgs: var st\u0101st\u012bt par vecu \u013cau\u017eu m\u012blu, uzburt baisas vardarb\u012bbas ainas vai izraut no sadz\u012bves in\u010d\u012bgus fragmentus. Starp citu, vakara vad\u012bt\u0101js cit\u0113ja izvilkumu no 1928. gada \u201cOgres Straumes\u201d, kas public\u0113ts \u201cOgres V\u0113stis Visiem\u201d 5. decembra numur\u0101: \u201cLielv\u0101rdes stacij\u0101, p\u0101rejot no viena vilciena uz otru, no vilciena nokritis un smagi galv\u0101 ievainots r\u012bdzinieks L\u0101cis Gr\u016bbe.\u201d Prozai\u0137i nov\u0113rt\u0113 interesantus personv\u0101rdus un d\u012bvainus atgad\u012bjumus, viss ir materi\u0101ls prozai.<\/p>\n<p>P.S. T\u0101 k\u0101 tekstu negrib\u0113j\u0101s pies\u0101tin\u0101t ar pas\u0101kumu nosaukumiem, norises laikiem, dal\u012bbnieku uzv\u0101rdiem utt., pied\u0101v\u0101ju festiv\u0101la plak\u0101tu k\u0101 \u201cce\u013ca karti\u201d.<\/p>\n<p><img decoding=\"async\" src=\"https:\/\/www.europesays.com\/lv\/wp-content\/uploads\/2025\/12\/Prozas_lasjumu_plakts.jpg\" alt=\"\"\/><\/p>\n","protected":false},"excerpt":{"rendered":"Da\u017e\u0101du apst\u0101k\u013cu d\u0113\u013c, tostarp aiz nesp\u0113jas atrasties div\u0101s viet\u0101s vienlaikus, nevar\u0113ju apmekl\u0113t visus festiv\u0101la \u201cProzas las\u012bjumi\u201d pas\u0101kumus, bet&hellip;\n","protected":false},"author":2,"featured_media":69183,"comment_status":"","ping_status":"","sticky":false,"template":"","format":"standard","meta":{"footnotes":""},"categories":[5],"tags":[23,28,29,47,32,33,22,381,64,30,31,35,39,38,36,37,34,40,20,385,26,27,172,382,384,383,24,25,21],"class_list":{"0":"post-69182","1":"post","2":"type-post","3":"status-publish","4":"format-standard","5":"has-post-thumbnail","7":"category-aktualitates","8":"tag-aktualitates","9":"tag-breaking-news","10":"tag-breakingnews","11":"tag-ekonomika","12":"tag-featured-news","13":"tag-featurednews","14":"tag-headlines","15":"tag-jaunumi","16":"tag-kultura","17":"tag-latest-news","18":"tag-latestnews","19":"tag-latvia","20":"tag-latvian","21":"tag-latviesu","22":"tag-latviesu-valoda","23":"tag-latviesuvaloda","24":"tag-latvija","25":"tag-lv","26":"tag-news","27":"tag-pieriga","28":"tag-popularakas-zinas","29":"tag-popularakaszinas","30":"tag-riga","31":"tag-sabiedriba","32":"tag-sludinajumi","33":"tag-sports-afisa","34":"tag-top-stories","35":"tag-topstories","36":"tag-zinas"},"share_on_mastodon":{"url":"https:\/\/pubeurope.com\/@lv\/115685181764858939","error":""},"_links":{"self":[{"href":"https:\/\/www.europesays.com\/lv\/wp-json\/wp\/v2\/posts\/69182","targetHints":{"allow":["GET"]}}],"collection":[{"href":"https:\/\/www.europesays.com\/lv\/wp-json\/wp\/v2\/posts"}],"about":[{"href":"https:\/\/www.europesays.com\/lv\/wp-json\/wp\/v2\/types\/post"}],"author":[{"embeddable":true,"href":"https:\/\/www.europesays.com\/lv\/wp-json\/wp\/v2\/users\/2"}],"replies":[{"embeddable":true,"href":"https:\/\/www.europesays.com\/lv\/wp-json\/wp\/v2\/comments?post=69182"}],"version-history":[{"count":0,"href":"https:\/\/www.europesays.com\/lv\/wp-json\/wp\/v2\/posts\/69182\/revisions"}],"wp:featuredmedia":[{"embeddable":true,"href":"https:\/\/www.europesays.com\/lv\/wp-json\/wp\/v2\/media\/69183"}],"wp:attachment":[{"href":"https:\/\/www.europesays.com\/lv\/wp-json\/wp\/v2\/media?parent=69182"}],"wp:term":[{"taxonomy":"category","embeddable":true,"href":"https:\/\/www.europesays.com\/lv\/wp-json\/wp\/v2\/categories?post=69182"},{"taxonomy":"post_tag","embeddable":true,"href":"https:\/\/www.europesays.com\/lv\/wp-json\/wp\/v2\/tags?post=69182"}],"curies":[{"name":"wp","href":"https:\/\/api.w.org\/{rel}","templated":true}]}}