{"id":69193,"date":"2025-12-08T17:51:07","date_gmt":"2025-12-08T17:51:07","guid":{"rendered":"https:\/\/www.europesays.com\/lv\/69193\/"},"modified":"2025-12-08T17:51:07","modified_gmt":"2025-12-08T17:51:07","slug":"eiropadomes-priekssedetajs-kritize-asv-par-jauksanos-eiropas-ieksejas-lietas-raksts","status":"publish","type":"post","link":"https:\/\/www.europesays.com\/lv\/69193\/","title":{"rendered":"Eiropadomes priek\u0161s\u0113d\u0113t\u0101js kritiz\u0113 ASV par jauk\u0161anos Eiropas iek\u0161\u0113j\u0101s liet\u0101s \/ Raksts"},"content":{"rendered":"<p>Eiropadomes priek\u0161s\u0113d\u0113t\u0101js Antoniu Ko\u0161ta nosod\u012bjis ASV vald\u012bbu par v\u0113lmi iejaukties Eiropas valstu iek\u0161\u0113jos procesos. T\u0101 bija vi\u0146a pirm\u0101 reakcija uz pag\u0101ju\u0161aj\u0101 ned\u0113\u013c\u0101 public\u0113to ASV Nacion\u0101l\u0101s dro\u0161\u012bbas strat\u0113\u0123iju. Lai gan Eiropa \u0161aj\u0101 dokument\u0101 joproj\u0101m tiek d\u0113v\u0113ta par sabiedroto, vienlaikus t\u0101 asi kritiz\u0113ta par migr\u0101ciju un t\u0101 d\u0113v\u0113tajiem politisko un demokr\u0101tisko br\u012bv\u012bbu ierobe\u017eojumiem.<\/p>\n<p style=\"text-align:left\">Uzst\u0101joties Par\u012bz\u0113, Ko\u0161ta pazi\u0146oja, ka ASV nevar lemt Eiropas pilso\u0146u viet\u0101, kuras partijas ir labas un kuras sliktas.<\/p>\n<p>ASV un Eiropas attiec\u012bb\u0101m ir j\u0101main\u0101s<\/p>\n<p style=\"text-align:left\">Eiropadomes priek\u0161s\u0113d\u0113t\u0101js Ko\u0161ta ir viens no pirmajiem vado\u0161ajiem Eiropas Savien\u012bbas politi\u0137iem, kur\u0161 izv\u0113rsti rea\u0123\u0113ja uz pag\u0101ju\u0161\u0101s ned\u0113\u013cas beig\u0101s public\u0113to ASV Nacion\u0101l\u0101s dro\u0161\u012bbas strat\u0113\u0123iju.<\/p>\n<p style=\"text-align:left\">Uzst\u0101joties konferenc\u0113 Par\u012bz\u0113, vi\u0146\u0161 sac\u012bja, ka attiec\u012bb\u0101m starp Ameriku un Eiropu main\u0101s. T\u0101d\u0113\u013c Eiropai ir j\u0101b\u016bt gatavai jau 2027. gad\u0101 p\u0101r\u0146emt NATO vad\u012bbu no ASV. Tas ir krietni \u0101tr\u0101k nek\u0101 2035. gads, kuru NATO valstis nosprauda k\u0101 m\u0113r\u0137i, kad atv\u0113l\u0113tu 3,5% no IKP aizsardz\u012bbai un v\u0113l 1,5% \u2013 citiem ar aizsardz\u012bbu saist\u012btajiem m\u0113r\u0137iem.<\/p>\n<p style=\"text-align:left\">T\u0101pat Ko\u0161ta nor\u0101da, ka Eiropai ir j\u0101b\u016bt gatavai sevi aizst\u0101v\u0113t ne tikai no m\u016bsu pretiniekiem, bet ar\u012b no m\u016bsu sabiedrotajiem, kuri ir main\u012bju\u0161i kursu. Eiropadomes vad\u012bt\u0101js uzskata, ka ASV nevar aizst\u0101t Eiropas pilso\u0146us un vi\u0146u viet\u0101 izv\u0113l\u0113ties, kuras partijas ir labas un kuras nav, k\u0101 ar\u012b noteikt k\u0101 mums b\u016btu j\u0101skat\u0101s uz v\u0101rda br\u012bv\u012bbu.<\/p>\n<p>Eiropai j\u0101k\u013c\u016bst\u00a0pa\u0161p\u0101rliecin\u0101t\u0101kai<\/p>\n<p style=\"text-align:left\">K\u0101 zin\u0101ms, ASV strat\u0113\u0123ij\u0101 tiek kritiz\u0113ta t\u0101 d\u0113v\u0113t\u0101 izteiksmes un politisko br\u012bv\u012bbu ierobe\u017eo\u0161ana Eirop\u0101 un tiek piemin\u0113ts, ka tikai t\u0101 d\u0113v\u0113t\u0101s &#8220;patriotisk\u0101s partijas&#8221; dod cer\u012bbu uz pozit\u012bv\u0101m p\u0101rmai\u0146\u0101m. Eirop\u0101 \u0161\u0101das partijas, piem\u0113ram, &#8220;Alternat\u012bva V\u0101cijai&#8221; un Nacion\u0101l\u0101 apvien\u012bba Francij\u0101, nereti tiek d\u0113v\u0113tas par &#8220;gal\u0113ji lab\u0113j\u0101m&#8221;.<\/p>\n<p style=\"text-align:left\">Ar\u012b at\u0161\u0137ir\u012bbas uzskatos starp ASV un Eiropu par v\u0101rda br\u012bv\u012bbu nav jaunas. Piem\u0113ram, Eirop\u0101 tiek ierobe\u017eota gan naida runa, gan politisk\u0101 rekl\u0101ma, k\u0101 ar\u012b past\u0101v liel\u0101ka atbild\u012bba par izteikumiem, bet ASV tas tiek uzskat\u012bts par da\u013cu no v\u0101rda br\u012bv\u012bbas, ko sarg\u0101 ASV konstit\u016bcija.<\/p>\n<p style=\"text-align:left\">Tiesa gan, citi Eiropas Savien\u012bbas politi\u0137i l\u012bdz \u0161im ir diezgan attur\u012bgi koment\u0113ju\u0161i jauno ASV Nacion\u0101l\u0101s dro\u0161\u012bbas strat\u0113\u0123iju.<\/p>\n<blockquote>\n<p style=\"text-align:left\">ES augst\u0101 p\u0101rst\u0101ve \u0101rliet\u0101s Kaja Kallasa vien nor\u0101d\u012bja, ka Eiropai j\u0101b\u016bt pa\u0161p\u0101rliecin\u0101t\u0101kai, un piebilda, ka, vi\u0146aspr\u0101t, svar\u012bg\u0101kais ir tas, ka ASV joproj\u0101m uzskata Eiropu par sabiedroto.<\/p>\n<\/blockquote>\n<p style=\"text-align:left\">Savuk\u0101rt V\u0101cijas vald\u012bbas runasv\u012brs Sebastians Hille sac\u012bja, ka ASV kritika par v\u0101rda br\u012bv\u012bbas ierobe\u017eojumiem Eirop\u0101 ir nepamatota un sak\u0146ojas ideolo\u0123ij\u0101. Vi\u0146\u0161 ar\u012b piebilda, ka V\u0101cija at\u0161\u0137ir\u012bb\u0101 no ASV uzskata Krieviju par draudu.<\/p>\n<p>                    Valodas k\u013c\u016bda rakst\u0101?<\/p>\n<p class=\"d-none d-md-block\">Iez\u012bm\u0113jiet tekstu un spiediet Ctrl+Enter, lai nos\u016bt\u012btu labojamo teksta fragmentu redaktoram! Par faktu k\u013c\u016bd\u0101m l\u016bdzam zi\u0146ot e-past\u0101 <a href=\"https:\/\/www.lsm.lv\/cdn-cgi\/l\/email-protection\" class=\"__cf_email__\" data-cfemail=\"61130405000a02080b00210d120c4f0d17\" rel=\"nofollow noopener\" target=\"_blank\">[email\u00a0protected]<\/a>.<\/p>\n<p class=\"d-md-none\">Iez\u012bm\u0113jiet tekstu un spiediet uz Zi\u0146ot par k\u013c\u016bdu pogas, lai nos\u016bt\u012btu labojamo teksta fragmentu redaktoram!<\/p>\n<p>\n                    Zi\u0146ot par k\u013c\u016bdu\n                <\/p>\n","protected":false},"excerpt":{"rendered":"Eiropadomes priek\u0161s\u0113d\u0113t\u0101js Antoniu Ko\u0161ta nosod\u012bjis ASV vald\u012bbu par v\u0113lmi iejaukties Eiropas valstu iek\u0161\u0113jos procesos. T\u0101 bija vi\u0146a pirm\u0101&hellip;\n","protected":false},"author":2,"featured_media":69194,"comment_status":"","ping_status":"","sticky":false,"template":"","format":"standard","meta":{"footnotes":""},"categories":[14],"tags":[23,57,28,29,32,33,22,30,31,35,39,38,36,37,34,40,20,26,27,24,25,54,55,56,21,58],"class_list":{"0":"post-69193","1":"post","2":"type-post","3":"status-publish","4":"format-standard","5":"has-post-thumbnail","7":"category-zinas-no-arvalstim","8":"tag-aktualitates","9":"tag-arvalstim","10":"tag-breaking-news","11":"tag-breakingnews","12":"tag-featured-news","13":"tag-featurednews","14":"tag-headlines","15":"tag-latest-news","16":"tag-latestnews","17":"tag-latvia","18":"tag-latvian","19":"tag-latviesu","20":"tag-latviesu-valoda","21":"tag-latviesuvaloda","22":"tag-latvija","23":"tag-lv","24":"tag-news","25":"tag-popularakas-zinas","26":"tag-popularakaszinas","27":"tag-top-stories","28":"tag-topstories","29":"tag-world","30":"tag-world-news","31":"tag-worldnews","32":"tag-zinas","33":"tag-zinas-no-arvalstim"},"share_on_mastodon":{"url":"https:\/\/pubeurope.com\/@lv\/115685220878646910","error":""},"_links":{"self":[{"href":"https:\/\/www.europesays.com\/lv\/wp-json\/wp\/v2\/posts\/69193","targetHints":{"allow":["GET"]}}],"collection":[{"href":"https:\/\/www.europesays.com\/lv\/wp-json\/wp\/v2\/posts"}],"about":[{"href":"https:\/\/www.europesays.com\/lv\/wp-json\/wp\/v2\/types\/post"}],"author":[{"embeddable":true,"href":"https:\/\/www.europesays.com\/lv\/wp-json\/wp\/v2\/users\/2"}],"replies":[{"embeddable":true,"href":"https:\/\/www.europesays.com\/lv\/wp-json\/wp\/v2\/comments?post=69193"}],"version-history":[{"count":0,"href":"https:\/\/www.europesays.com\/lv\/wp-json\/wp\/v2\/posts\/69193\/revisions"}],"wp:featuredmedia":[{"embeddable":true,"href":"https:\/\/www.europesays.com\/lv\/wp-json\/wp\/v2\/media\/69194"}],"wp:attachment":[{"href":"https:\/\/www.europesays.com\/lv\/wp-json\/wp\/v2\/media?parent=69193"}],"wp:term":[{"taxonomy":"category","embeddable":true,"href":"https:\/\/www.europesays.com\/lv\/wp-json\/wp\/v2\/categories?post=69193"},{"taxonomy":"post_tag","embeddable":true,"href":"https:\/\/www.europesays.com\/lv\/wp-json\/wp\/v2\/tags?post=69193"}],"curies":[{"name":"wp","href":"https:\/\/api.w.org\/{rel}","templated":true}]}}