{"id":69195,"date":"2025-12-08T17:53:08","date_gmt":"2025-12-08T17:53:08","guid":{"rendered":"https:\/\/www.europesays.com\/lv\/69195\/"},"modified":"2025-12-08T17:53:08","modified_gmt":"2025-12-08T17:53:08","slug":"es-dalibvalstis-atbalsta-stingraku-migracijas-politiku","status":"publish","type":"post","link":"https:\/\/www.europesays.com\/lv\/69195\/","title":{"rendered":"ES dal\u012bbvalstis atbalsta stingr\u0101ku migr\u0101cijas politiku"},"content":{"rendered":"<p>Par ierosin\u0101jumiem satraukumu paudu\u0161i neleg\u0101lo imigrantu ties\u012bbu aizst\u0101vji.<\/p>\n<p>Ta\u010du, pa\u0161reiz\u0113j\u0101s ES prezid\u0113jo\u0161\u0101s valsts D\u0101nijas mudin\u0101tas, dal\u012bbvalstis strauji virz\u0101s uz priek\u0161u ar izmai\u0146u pie\u0146em\u0161anu.<\/p>\n<p>K\u0101ds ES diplom\u0101ts a\u0123ent\u016brai AFP atzina, ka bloka l\u012bderu vid\u016b ir &#8220;pla\u0161i izplat\u012bta politisk\u0101 v\u0113lme&#8221; virz\u012bt uz priek\u0161u \u0161os papildu pas\u0101kumus.<\/p>\n<p>Tom\u0113r da\u017ei bloka p\u0101rst\u0101vji paudu\u0161i skepsi par ierosin\u0101jumiem.<\/p>\n<p>Francija ap\u0161aub\u012bja da\u017eu priek\u0161likumu likum\u012bbu un efektivit\u0101ti, savuk\u0101rt Sp\u0101nija nebija p\u0101rliecin\u0101ta, ka &#8220;atgrie\u0161an\u0101s centri&#8221; var\u0113tu darboties p\u0113c vair\u0101kiem neveiksm\u012bgiem citu valstu m\u0113\u0123in\u0101jumiem t\u0101dus izveidot.<\/p>\n<p>Tom\u0113r ierosin\u0101jumus atbalsta konservat\u012bvie un nacion\u0101lkonservat\u012bvie deput\u0101ti, kas Eiropas Parlament\u0101 tiem jau sniegu\u0161i provizorisku atbalstu.<\/p>\n<p>ES valstis pirmdien vienoj\u0101s ar\u012b par jaun\u0101s solidarit\u0101tes sist\u0113mas ievie\u0161anu, lai starp dal\u012bbvalst\u012bm sadal\u012btu vismaz 30 000 neleg\u0101lo imigrantu.<\/p>\n<p>Saska\u0146\u0101 ar nesen apstiprin\u0101to reformu, lai pal\u012bdz\u0113tu mazin\u0101t spiedienu uz valst\u012bm, kur\u0101s ir liels iece\u013cot\u0101ju skaits, piem\u0113ram, Grie\u0137iju un It\u0101liju, paredzams, ka citas ES dal\u012bbvalstis uz\u0146ems da\u013cu no tiem vai maks\u0101s 20 000 eiro par katru personu valst\u012bm, kas izj\u016bt migr\u0101cijas spiedienu.<\/p>\n<p>Ta\u010du, \u0146emot v\u0113r\u0101 to, ka vald\u012bbas vis\u0101 blok\u0101 tiek mudin\u0101tas padar\u012bt stingr\u0101ku imigr\u0101cijas politiku, ir politiski riskanti piekrist uz\u0146emt papildu imigrantus.<\/p>\n<p>T\u0101d\u0113\u013c sarunas bija ilgsto\u0161as un tika pabeigtas pirmdien, lai gan l\u0113muma deta\u013cas publiski nav izpaustas.<\/p>\n<p>K\u0101da ES amatpersona atzina, ka blok\u0101 ir maz iek\u0161lietu ministru, kas b\u016btu gatavi publiski piekrist uz\u0146emt vair\u0101kus t\u016bksto\u0161us migrantu.<\/p>\n","protected":false},"excerpt":{"rendered":"Par ierosin\u0101jumiem satraukumu paudu\u0161i neleg\u0101lo imigrantu ties\u012bbu aizst\u0101vji. Ta\u010du, pa\u0161reiz\u0113j\u0101s ES prezid\u0113jo\u0161\u0101s valsts D\u0101nijas mudin\u0101tas, dal\u012bbvalstis strauji virz\u0101s&hellip;\n","protected":false},"author":2,"featured_media":69196,"comment_status":"","ping_status":"","sticky":false,"template":"","format":"standard","meta":{"footnotes":""},"categories":[5],"tags":[23,28,29,514,32,33,22,30,31,35,39,38,36,37,34,40,7957,6536,20,26,27,24,25,21],"class_list":{"0":"post-69195","1":"post","2":"type-post","3":"status-publish","4":"format-standard","5":"has-post-thumbnail","7":"category-aktualitates","8":"tag-aktualitates","9":"tag-breaking-news","10":"tag-breakingnews","11":"tag-eiropas-savieniba","12":"tag-featured-news","13":"tag-featurednews","14":"tag-headlines","15":"tag-latest-news","16":"tag-latestnews","17":"tag-latvia","18":"tag-latvian","19":"tag-latviesu","20":"tag-latviesu-valoda","21":"tag-latviesuvaloda","22":"tag-latvija","23":"tag-lv","24":"tag-migracija","25":"tag-migranti","26":"tag-news","27":"tag-popularakas-zinas","28":"tag-popularakaszinas","29":"tag-top-stories","30":"tag-topstories","31":"tag-zinas"},"share_on_mastodon":{"url":"https:\/\/pubeurope.com\/@lv\/115685228837555493","error":""},"_links":{"self":[{"href":"https:\/\/www.europesays.com\/lv\/wp-json\/wp\/v2\/posts\/69195","targetHints":{"allow":["GET"]}}],"collection":[{"href":"https:\/\/www.europesays.com\/lv\/wp-json\/wp\/v2\/posts"}],"about":[{"href":"https:\/\/www.europesays.com\/lv\/wp-json\/wp\/v2\/types\/post"}],"author":[{"embeddable":true,"href":"https:\/\/www.europesays.com\/lv\/wp-json\/wp\/v2\/users\/2"}],"replies":[{"embeddable":true,"href":"https:\/\/www.europesays.com\/lv\/wp-json\/wp\/v2\/comments?post=69195"}],"version-history":[{"count":0,"href":"https:\/\/www.europesays.com\/lv\/wp-json\/wp\/v2\/posts\/69195\/revisions"}],"wp:featuredmedia":[{"embeddable":true,"href":"https:\/\/www.europesays.com\/lv\/wp-json\/wp\/v2\/media\/69196"}],"wp:attachment":[{"href":"https:\/\/www.europesays.com\/lv\/wp-json\/wp\/v2\/media?parent=69195"}],"wp:term":[{"taxonomy":"category","embeddable":true,"href":"https:\/\/www.europesays.com\/lv\/wp-json\/wp\/v2\/categories?post=69195"},{"taxonomy":"post_tag","embeddable":true,"href":"https:\/\/www.europesays.com\/lv\/wp-json\/wp\/v2\/tags?post=69195"}],"curies":[{"name":"wp","href":"https:\/\/api.w.org\/{rel}","templated":true}]}}