{"id":69213,"date":"2025-12-08T18:36:18","date_gmt":"2025-12-08T18:36:18","guid":{"rendered":"https:\/\/www.europesays.com\/lv\/69213\/"},"modified":"2025-12-08T18:36:18","modified_gmt":"2025-12-08T18:36:18","slug":"stiliste-dace-bahmane-iesaka-ko-vilkt-mugura-ziemassvetkos-un-vecgada-vakara-santa","status":"publish","type":"post","link":"https:\/\/www.europesays.com\/lv\/69213\/","title":{"rendered":"Stiliste Dace Bahmane iesaka, ko vilkt mugur\u0101 Ziemassv\u0113tkos un Vecgada vakar\u0101 \u2014 Santa"},"content":{"rendered":"<p>\t\t\t\tPikanti izgriezumi<\/p>\n<p>        <a href=\"https:\/\/www.europesays.com\/lv\/wp-content\/uploads\/2025\/12\/0f90149f3527.jpg\"><img decoding=\"async\" alt=\"\" class=\"no-convert\" src=\"https:\/\/www.europesays.com\/lv\/wp-content\/uploads\/2025\/12\/0f90149f3527.jpg\"\/><\/a><\/p>\n<p> Foto: Nat\u0101lija Berezina<\/p>\n<p>Viena no \u0161\u012b br\u012b\u017ea lielaj\u0101m tendenc\u0113m ir izgriezumi. \u00abTas ir st\u0101sts ne tikai par izteiksm\u012bgiem \u0161\u0137\u0113lumiem un dzi\u013ciem dekolt\u0113, bet ar\u012b drosm\u012bgu miesas atkailin\u0101\u0161anu, piem\u0113ram, t\u0113rpa s\u0101nos. J\u0101, tas p\u0101rk\u0101pj ierasto robe\u017eu un ir nedaudz pikanti, bet sv\u0113tkiem piest\u0101v!\u00bb\u00a0iesaka\u00a0modes un dz\u012bvesstila tirdzniec\u012bbas centra Spice\u00a0stiliste Dace Bahmane.<\/p>\n<p>Boho glam\u016brs<\/p>\n<p>        <a href=\"https:\/\/www.europesays.com\/lv\/wp-content\/uploads\/2025\/12\/c3d14902fbb3.jpg\"><img decoding=\"async\" alt=\"\" class=\"no-convert\" src=\"https:\/\/www.europesays.com\/lv\/wp-content\/uploads\/2025\/12\/c3d14902fbb3.jpg\"\/><\/a><\/p>\n<p> Foto: Nat\u0101lija Berezina<\/p>\n<p>Keita Mosa un pag\u0101ju\u0161\u0101 gadsimta 70. gadu bezr\u016bp\u012bg\u0101, dumpiniecisk\u0101 ener\u0123ija ir atpaka\u013c. \u013boti aktu\u0101ls t\u0113ls, kas \u013cauj sp\u0113l\u0113ties ar vair\u0101k\u0101m fakt\u016br\u0101m un izskat\u0101s patiesi \u0161iki. Ka\u017eok\u0101da, fliteru k\u013co\u0161nes, me\u017e\u0123\u012b\u0146u bodijs ar dzi\u013cu dekolt\u0113, spo\u017eas rotas\u2026 \u013baujies!<\/p>\n<p>Atsvaidzini melnbalto<\/p>\n<p>        <a href=\"https:\/\/www.europesays.com\/lv\/wp-content\/uploads\/2025\/12\/eba9aba27eb7.jpg\"><img decoding=\"async\" alt=\"\" class=\"no-convert\" src=\"https:\/\/www.europesays.com\/lv\/wp-content\/uploads\/2025\/12\/eba9aba27eb7.jpg\"\/><\/a><\/p>\n<p> Foto: Nat\u0101lija Berezina<\/p>\n<p>Melnbalt\u0101 klasika ir mod\u0113 vienm\u0113r. Sv\u0113tku sezon\u0101 \u0161o ierasto kr\u0101su gammu veiksm\u012bgi atsvaidzin\u0101s fakt\u016bras, piem\u0113ram, fliteri vai k\u0101 \u0161aj\u0101 gad\u012bjum\u0101 \u2013 ze\u0137bikses. Lielisks, sal\u012bdzino\u0161i vienk\u0101r\u0161s un finansi\u0101li nes\u0101p\u012bgs pa\u0146\u0113miens kopt\u0113la akcentam.<\/p>\n<p>Jutekliskais br\u016bnais<\/p>\n<p>        <a href=\"https:\/\/www.europesays.com\/lv\/wp-content\/uploads\/2025\/12\/0e4ac6871b0e.jpg\"><img decoding=\"async\" alt=\"\" class=\"no-convert\" src=\"https:\/\/www.europesays.com\/lv\/wp-content\/uploads\/2025\/12\/0e4ac6871b0e.jpg\"\/><\/a><\/p>\n<p> Foto: Nat\u0101lija Berezina<\/p>\n<p>Br\u016bno kr\u0101su, kas jau labu laiku atrodas modes zen\u012bt\u0101, var veiksm\u012bgi integr\u0113t ar\u012b sv\u0113tku t\u0113rp\u0101. \u0160aj\u0101 piem\u0113r\u0101 rad\u012bts juteklisks t\u0113ls, vari\u0113jot ar da\u017e\u0101d\u0101m br\u016bn\u0101s kr\u0101sas tonalit\u0101t\u0113m. Sv\u0113tku noska\u0146u veido fakt\u016bras \u2013 fliteri, ka\u017eok\u0101da un gais\u012bgs bl\u016bzes audums. \u00a0<\/p>\n<p>Cit\u0101da klasika<\/p>\n<p>        <a href=\"https:\/\/www.europesays.com\/lv\/wp-content\/uploads\/2025\/12\/e4a85c3187ec.jpg\"><img decoding=\"async\" alt=\"\" class=\"no-convert\" src=\"https:\/\/www.europesays.com\/lv\/wp-content\/uploads\/2025\/12\/e4a85c3187ec.jpg\"\/><\/a><\/p>\n<p> Foto: Nat\u0101lija Berezina<\/p>\n<p>Ja v\u0113lies klasisku, bet m\u016bsdien\u012bgi interpret\u0113tu t\u0113lu, melnu vakarkleitu kombin\u0113 ar biks\u0113m. Eksperimenti ar da\u017e\u0101d\u0101m fakt\u016br\u0101m pie\u0161\u0137irs melnajai kr\u0101sai dinamiku un dzi\u013cumu. Piem\u0113ram, melnu samta kleitu ar me\u017e\u0123\u012bn\u0113m velc ar melna auduma biks\u0113m.<\/p>\n<p>Ko\u0137etie se\u0161desmitie<\/p>\n<p>        <a href=\"https:\/\/www.europesays.com\/lv\/wp-content\/uploads\/2025\/12\/1dd9351c97da.jpg\"><img decoding=\"async\" alt=\"\" class=\"no-convert\" src=\"https:\/\/www.europesays.com\/lv\/wp-content\/uploads\/2025\/12\/1dd9351c97da.jpg\"\/><\/a><\/p>\n<p> Foto: Nat\u0101lija Berezina<\/p>\n<p>Pag\u0101ju\u0161\u0101 gadsimta 60. gadu ko\u0137et\u0113rija un kr\u0101sas ir biju\u0161as mod\u0113 vienm\u0113r, un ar\u012b \u0161aj\u0101 sv\u0113tku sezon\u0101 tiek uzsv\u0113rts rota\u013c\u012bgums un eksperimenti ar izskatu. V\u0113r\u0101 \u0146emama loma atkal ir netipiskas kr\u0101sas ze\u0137biks\u0113m \u2013 t\u0101s ir b\u016btisks sezonas stila akcents.<\/p>\n<p>\t\t\u0160obr\u012bd lasa\n\t    <\/p>\n","protected":false},"excerpt":{"rendered":"Pikanti izgriezumi Foto: Nat\u0101lija Berezina Viena no \u0161\u012b br\u012b\u017ea lielaj\u0101m tendenc\u0113m ir izgriezumi. \u00abTas ir st\u0101sts ne tikai&hellip;\n","protected":false},"author":2,"featured_media":69214,"comment_status":"","ping_status":"","sticky":false,"template":"","format":"standard","meta":{"footnotes":""},"categories":[19],"tags":[89,90,35,39,38,36,37,34,40],"class_list":{"0":"post-69213","1":"post","2":"type-post","3":"status-publish","4":"format-standard","5":"has-post-thumbnail","7":"category-izklaide","8":"tag-entertainment","9":"tag-izklaide","10":"tag-latvia","11":"tag-latvian","12":"tag-latviesu","13":"tag-latviesu-valoda","14":"tag-latviesuvaloda","15":"tag-latvija","16":"tag-lv"},"share_on_mastodon":{"url":"https:\/\/pubeurope.com\/@lv\/115685398101049044","error":""},"_links":{"self":[{"href":"https:\/\/www.europesays.com\/lv\/wp-json\/wp\/v2\/posts\/69213","targetHints":{"allow":["GET"]}}],"collection":[{"href":"https:\/\/www.europesays.com\/lv\/wp-json\/wp\/v2\/posts"}],"about":[{"href":"https:\/\/www.europesays.com\/lv\/wp-json\/wp\/v2\/types\/post"}],"author":[{"embeddable":true,"href":"https:\/\/www.europesays.com\/lv\/wp-json\/wp\/v2\/users\/2"}],"replies":[{"embeddable":true,"href":"https:\/\/www.europesays.com\/lv\/wp-json\/wp\/v2\/comments?post=69213"}],"version-history":[{"count":0,"href":"https:\/\/www.europesays.com\/lv\/wp-json\/wp\/v2\/posts\/69213\/revisions"}],"wp:featuredmedia":[{"embeddable":true,"href":"https:\/\/www.europesays.com\/lv\/wp-json\/wp\/v2\/media\/69214"}],"wp:attachment":[{"href":"https:\/\/www.europesays.com\/lv\/wp-json\/wp\/v2\/media?parent=69213"}],"wp:term":[{"taxonomy":"category","embeddable":true,"href":"https:\/\/www.europesays.com\/lv\/wp-json\/wp\/v2\/categories?post=69213"},{"taxonomy":"post_tag","embeddable":true,"href":"https:\/\/www.europesays.com\/lv\/wp-json\/wp\/v2\/tags?post=69213"}],"curies":[{"name":"wp","href":"https:\/\/api.w.org\/{rel}","templated":true}]}}