{"id":69297,"date":"2025-12-08T20:25:23","date_gmt":"2025-12-08T20:25:23","guid":{"rendered":"https:\/\/www.europesays.com\/lv\/69297\/"},"modified":"2025-12-08T20:25:23","modified_gmt":"2025-12-08T20:25:23","slug":"kamaninu-ekipaza-piedzivo-kritienu-pasaules-kausa-posma-vinterberga-viena-latvijas-ekipaza-finise-sesta-lente-lv","status":"publish","type":"post","link":"https:\/\/www.europesays.com\/lv\/69297\/","title":{"rendered":"Kamani\u0146u ekip\u0101\u017ea piedz\u012bvo kritienu Pasaules kausa posm\u0101 Vinterberg\u0101; viena Latvijas ekip\u0101\u017ea fini\u0161\u0113 sest\u0101\u00a0\u2014\u00a0Lente.lv"},"content":{"rendered":"<p>Kritiena \u0113na p\u0101r Vinterbergas trasi: Robe\u017eniece\/Bogdanova piedz\u012bvo neveiksm\u012bgu Pasaules kausa posmu<\/p>\n<p>Pasaules kausa jaun\u0101s kamani\u0146u sporta sezonas pirmais posms V\u0101cijas tras\u0113 Vinterberg\u0101, kas s\u0101kotn\u0113ji tika pl\u0101nots cit\u0101 viet\u0101, ir ieg\u0101jis negaid\u012bt\u0101s un s\u0101p\u012bg\u0101s not\u012bs Latvijas ekip\u0101\u017eai Marta Robe\u017eniece \/ Kitija Bogdanova. Diem\u017e\u0113l vi\u0146u dal\u012bba sacens\u012bb\u0101s tika p\u0101rtraukta p\u0113c kritiena pirmaj\u0101 braucien\u0101, atst\u0101jot r\u016bgtu p\u0113cgar\u0161u \u0161\u012bm sacens\u012bb\u0101m.<\/p>\n<p>Smagais kritiens un p\u0101rtrauktais starts<\/p>\n<p>P\u0113c pirm\u0101 brauciena rezult\u0101tiem citas Latvijas ekip\u0101\u017eas \u2013 Anda Up\u012bte un Madara Pavlova \u2013 ie\u0146\u0113ma cien\u012bjamo sesto vietu, apliecinot savu potenci\u0101lu jaunaj\u0101 sezon\u0101. Ta\u010du Robe\u017eniecei un Bogdanovai parcours beidz\u0101s nepat\u012bkami. Vi\u0146u ce\u013c\u0161 sacens\u012bb\u0101s tika strauji nosl\u0113gts p\u0113c piedz\u012bvot\u0101 kritiena Vinterbergas b\u012bstamaj\u0101 tras\u0113, kas, par laimi, pagaid\u0101m nav rad\u012bjis nopietnus savainojumus, ta\u010du liedza turpin\u0101t Pasaules kausa atkl\u0101\u0161anas posmu. \u0160\u0101ds notikums vienm\u0113r ir s\u0101p\u012bgs sportistiem, kuri gatavojas un c\u012bn\u0101s par katru sekundi, un \u0161oreiz neveiksme tos sk\u0101ra \u012bpa\u0161i skarbi.<\/p>\n<p>At\u0161\u0137ir\u012bgie likte\u0146i tras\u0113<\/p>\n<p>Kam\u0113r viena Latvijas ekip\u0101\u017ea tika gal\u0101 ar spiedienu un sasniedza labu rezult\u0101tu, citas n\u0101c\u0101s izst\u0101ties pirms laika. V\u0101cu duets D\u017eesika Degenh\u0101rta un \u0160ejenne Rozent\u0101le uzvar\u0113ja p\u0101rliecino\u0161i, demonstr\u0113jot spo\u017eu sniegumu un sav\u0101cot pirmo un otro lab\u0101ko laiku braucienos. Vi\u0146u summ\u0101lais rezult\u0101ts bija 1:26.881. Otr\u0101s ar minim\u0101lu atpalik\u0161anu ierindoj\u0101s austrietes Sel\u012bna Egle un Lara Kipa, bet tre\u0161\u0101s \u2013 v\u0113l viena V\u0101cijas ekip\u0101\u017ea Dajana Eitbergere\/Magdal\u0113na Ma\u010dina. Up\u012bte un Pavlova, sasniedzot sept\u012bto \u0101tr\u0101ko laiku abos braucienos, kopv\u0113rt\u0113jum\u0101 ie\u0146\u0113ma sesto vietu, atpaliekot no uzvar\u0113t\u0101j\u0101m 1.380 sekundes no 12 ekip\u0101\u017eu konkurenc\u0113. Diem\u017e\u0113l Robe\u017eniece un Bogdanova, sakar\u0101 ar kritienu, neiek\u013cuva rezult\u0101tu tabul\u0101.<\/p>\n<p>Trases un sacens\u012bbu konteksts<\/p>\n<p>\u0160is Pasaules kausa posms Vinterberg\u0101 ir \u012bpa\u0161s, jo tas aizst\u0101ja s\u0101kotn\u0113ji pl\u0101noto posmu Austrijas tras\u0113 \u012agls\u0101, kura nebija gatava sacens\u012bb\u0101m p\u0113c renov\u0101cijas. Tas noz\u012bm\u0113, ka sportisti un komandas piel\u0101goj\u0101s neierastiem apst\u0101k\u013ciem, kas var\u0113tu b\u016bt veicin\u0101jis ar\u012b negaid\u012btus notikumus tras\u0113. Kopum\u0101 Pasaules kausa \u0161osezon paredz\u0113ti devi\u0146i posmi, un turpin\u0101jum\u0101 ce\u013c\u0161 ved\u012bs uz ASV, k\u0101 ar\u012b Siguldu pirms gada mijas. Sacens\u012bbas Vinterberg\u0101 ir ar\u012b noz\u012bm\u012bgas, jo p\u0113c piekt\u0101 posma janv\u0101ra s\u0101kum\u0101 nosl\u0113gsies olimpisk\u0101 kvalifik\u0101cija, bet Oberhof\u0101 tiks dal\u012btas Eiropas \u010dempion\u0101ta meda\u013cas.<\/p>\n<p>N\u0101kotnes perspekt\u012bvas un cer\u012bbas<\/p>\n<p>Lai gan \u0161is Pasaules kausa atkl\u0101\u0161anas posms nosl\u0113dz\u0101s ar s\u0101p\u012bgu kritienu vienai no Latvijas ekip\u0101\u017e\u0101m, kamani\u0146u sporta sezona v\u0113l ir tikai s\u0101kusies. Anda Up\u012bte un Madara Pavlova ir par\u0101d\u012bju\u0161as, ka sp\u0113j konkur\u0113t un c\u012bn\u012bties par augst\u0101m viet\u0101m. Cerams, ka Marta Robe\u017eniece un Kitija Bogdanova dr\u012bzum\u0101 atg\u016bsies no \u0161\u012b incidenta un turpin\u0101s savu ce\u013cu, pier\u0101dot savu meistar\u012bbu n\u0101kamajos posmos. \u0160\u012bs neveiksmes ir da\u013ca no sporta un bie\u017ei vien t\u0101s kalpo k\u0101 m\u0101c\u012bba un motiv\u0101cija n\u0101kamaj\u0101m c\u012b\u0146\u0101m.<\/p>\n","protected":false},"excerpt":{"rendered":"Kritiena \u0113na p\u0101r Vinterbergas trasi: Robe\u017eniece\/Bogdanova piedz\u012bvo neveiksm\u012bgu Pasaules kausa posmu Pasaules kausa jaun\u0101s kamani\u0146u sporta sezonas pirmais&hellip;\n","protected":false},"author":2,"featured_media":69298,"comment_status":"","ping_status":"","sticky":false,"template":"","format":"standard","meta":{"footnotes":""},"categories":[17],"tags":[17767,13791,17765,17766,35,39,38,36,37,34,40,17768,17764,2560,67,17763],"class_list":{"0":"post-69297","1":"post","2":"type-post","3":"status-publish","4":"format-standard","5":"has-post-thumbnail","7":"category-sports","8":"tag-anda-upite","9":"tag-kamaninu-brauksana","10":"tag-kitija-bogdanova","11":"tag-kritiens","12":"tag-latvia","13":"tag-latvian","14":"tag-latviesu","15":"tag-latviesu-valoda","16":"tag-latviesuvaloda","17":"tag-latvija","18":"tag-lv","19":"tag-madara-pavlova","20":"tag-marta-robezniece","21":"tag-pasaules-kauss","22":"tag-sports","23":"tag-vinterberga"},"share_on_mastodon":{"url":"https:\/\/pubeurope.com\/@lv\/115685826414641588","error":""},"_links":{"self":[{"href":"https:\/\/www.europesays.com\/lv\/wp-json\/wp\/v2\/posts\/69297","targetHints":{"allow":["GET"]}}],"collection":[{"href":"https:\/\/www.europesays.com\/lv\/wp-json\/wp\/v2\/posts"}],"about":[{"href":"https:\/\/www.europesays.com\/lv\/wp-json\/wp\/v2\/types\/post"}],"author":[{"embeddable":true,"href":"https:\/\/www.europesays.com\/lv\/wp-json\/wp\/v2\/users\/2"}],"replies":[{"embeddable":true,"href":"https:\/\/www.europesays.com\/lv\/wp-json\/wp\/v2\/comments?post=69297"}],"version-history":[{"count":0,"href":"https:\/\/www.europesays.com\/lv\/wp-json\/wp\/v2\/posts\/69297\/revisions"}],"wp:featuredmedia":[{"embeddable":true,"href":"https:\/\/www.europesays.com\/lv\/wp-json\/wp\/v2\/media\/69298"}],"wp:attachment":[{"href":"https:\/\/www.europesays.com\/lv\/wp-json\/wp\/v2\/media?parent=69297"}],"wp:term":[{"taxonomy":"category","embeddable":true,"href":"https:\/\/www.europesays.com\/lv\/wp-json\/wp\/v2\/categories?post=69297"},{"taxonomy":"post_tag","embeddable":true,"href":"https:\/\/www.europesays.com\/lv\/wp-json\/wp\/v2\/tags?post=69297"}],"curies":[{"name":"wp","href":"https:\/\/api.w.org\/{rel}","templated":true}]}}