{"id":69317,"date":"2025-12-08T22:15:12","date_gmt":"2025-12-08T22:15:12","guid":{"rendered":"https:\/\/www.europesays.com\/lv\/69317\/"},"modified":"2025-12-08T22:15:12","modified_gmt":"2025-12-08T22:15:12","slug":"sirija-svin-gadu-bez-asada","status":"publish","type":"post","link":"https:\/\/www.europesays.com\/lv\/69317\/","title":{"rendered":"S\u012brij\u0101 svin gadu bez Asada"},"content":{"rendered":"<p class=\"lead\">\n                                S\u012brij\u0101 t\u016bksto\u0161iem cilv\u0113ku vakar izg\u0101ja iel\u0101s, lai svin\u0113tu pirmo gadsk\u0101rtu kop\u0161 Ba\u0161ara al Asada re\u017e\u012bma kri\u0161anas p\u0113rn\u0101 gada beig\u0101s.\n                            <\/p>\n<p>Galvaspils\u0113t\u0101 Damask\u0101 tika r\u012bkota milit\u0101r\u0101 par\u0101de, bet pagaidu prezidents Ahmeds a\u0161 \u0160ar\u0101, kur\u0161 vad\u012bja c\u012b\u0146u pret Asada re\u017e\u012bmu, teica runu, kur\u0101 aicin\u0101ja s\u012brie\u0161us uz kop\u012bgu darbu valsts atjauno\u0161an\u0101. &#8220;Pa\u0161reiz\u0113j\u0101 f\u0101ze prasa visu pilso\u0146u p\u016b\u013cu apvieno\u0161anu, lai uzb\u016bv\u0113tu sp\u0113c\u012bgu S\u012briju, nostiprin\u0101tu t\u0101s stabilit\u0101ti, aizsarg\u0101tu t\u0101s suverenit\u0101ti un sasniegtu n\u0101kotni, kas atbilst t\u0101s tautas upuriem,&#8221; pazi\u0146oja prezidents. Ar\u012b p\u0113c Asada re\u017e\u012bma kri\u0161anas stabilit\u0101te S\u012brij\u0101 nav pan\u0101kta. Valsti satricin\u0101ju\u0161i uzbrukumi reli\u0123iskaj\u0101m minorit\u0101t\u0113m, t\u0101pat S\u012brijai triecienus devusi Izra\u0113la. Alav\u012bti, pie kuriem pieder Asada dinastija, svin\u012bbas pirmdien liel\u0101koties boikot\u0113ja, protest\u0113jot pret jauno varasiest\u0101\u017eu politiku. Svin\u012bbas ir aizliegu\u0161as ar\u012b valsts zieme\u013caustrumos dz\u012bvojo\u0161o kurdu varasiest\u0101des, to pamatojot ar dro\u0161\u012bbas apsv\u0113rumiem. Asads p\u0113c zaud\u0113juma 14 gadus ilgu\u0161aj\u0101 pilso\u0146u kar\u0101 p\u0113rn aizb\u0113ga uz Krieviju, kur atrodas joproj\u0101m. P\u0113c vi\u0146a kri\u0161anas S\u012brij\u0101 s\u0101ku\u0161i atgriezties tie cilv\u0113ki, kuri valsti bija pametu\u0161i kara laik\u0101. 1,2 miljoni s\u012brie\u0161u atgriezu\u0161ies no \u0101rzem\u0113m, pazi\u0146ojusi ANO b\u0113g\u013cu a\u0123ent\u016bra, piebilstot, ka sav\u0101s m\u0101j\u0101s atgriezu\u0161ies v\u0113l aptuveni 1,9 miljoni cilv\u0113ku, kuri iepriek\u0161 atrad\u0101s citviet S\u012brijas teritorij\u0101.<\/p>\n<p class=\"paragraph-muted\">Izv\u0113lies savu soct\u012bklu platformu, lai sekotu LASI.LV: <a href=\"https:\/\/www.facebook.com\/portals.lasi.lv\" target=\"_blank\" rel=\"noopener noreferrer nofollow\">Facebook<\/a>, <a href=\"https:\/\/twitter.com\/lasilvportals\" target=\"_blank\" rel=\"noopener noreferrer nofollow\">X<\/a>, <a href=\"https:\/\/bsky.app\/profile\/lasilv.bsky.social\" target=\"_blank\" rel=\"noopener noreferrer nofollow\">Bluesky<\/a>, <a href=\"https:\/\/www.draugiem.lv\/lasilv\/?pg=4\" target=\"_blank\" rel=\"noopener noreferrer nofollow\">Draugiem<\/a> vai ar\u012b <a href=\"https:\/\/www.instagram.com\/lasilv_zinas\/\" target=\"_blank\" rel=\"noopener noreferrer nofollow\">Instagram<\/a>. Pievienojies m\u016bsu las\u012bt\u0101ju pulkam, lai sa\u0146emtu \u012bpa\u0161i tev atlas\u012btu noder\u012bgu, praktisku un aktu\u0101lu saturu.\u00a0<\/p>\n<p><a href=\"https:\/\/lasi.lv\/abonesana\" rel=\"nofollow noopener\" target=\"_blank\">Abon\u0113<\/a>\u00a0LASI.LV gadam\u00a0vai k\u0101du no\u00a0&#8220;Latvijas Mediju&#8221; periodiskajiem izdevumiem 2026. gadam, un laim\u0113 1500 eiro vai Philips kafijas autom\u0101tu. Loterijas at\u013caujas nr. 8744.<\/p>\n<p><img decoding=\"async\" src=\"https:\/\/www.europesays.com\/lv\/wp-content\/uploads\/2025\/12\/1765209191_275_2025100311425268df8c8c1572e.jpg\" alt=\"\" loading=\"lazy\"\/><\/p>\n<p style=\"margin-left:auto;\">Pieraksties LASI.LV redaktora v\u0113stkopai <a href=\"https:\/\/lasi.lv\/vestkopa\/lasi-lv-galvena-redaktora-vestkopa\" rel=\"nofollow noopener\" target=\"_blank\">\u0161eit<\/a>.<\/p>\n<p>Pieraksties v\u0113stkopai un divas reizes ned\u0113\u013c\u0101 sa\u0146em padzi\u013cin\u0101tu LASI.LV galven\u0101 redaktora aktu\u0101lo zi\u0146u, kompetentu viedok\u013cu un interesant\u0101ko interviju apkopojumu.<\/p>\n<p>Ko tu sa\u0146emsi:<\/p>\n<ul>\n<li>Daudzveid\u012bgus koment\u0101rus un kompetentus Latvijas Mediju \u017eurn\u0101listu un autoru viedok\u013cus par aktu\u0101lo<\/li>\n<li>Ekspertu koment\u0101rus par da\u017e\u0101diem praktiskiem, noder\u012bgiem tematiem<\/li>\n<li>Aizraujo\u0161us materi\u0101lus par v\u0113sturi, psiholo\u0123iju, kult\u016bru<\/li>\n<li>Gata \u0160\u013c\u016bkas karikat\u016bru<\/li>\n<li>Tav\u0101 e-pasta kast\u012bt\u0113 katru ceturtdienu<\/li>\n<\/ul>\n<p style=\"margin-left:auto;\">\u00a0<\/p>\n<p><script async src=\"https:\/\/platform.twitter.com\/widgets.js\" charset=\"utf-8\"><\/script><script async src=\"\/\/www.instagram.com\/embed.js\"><\/script><\/p>\n","protected":false},"excerpt":{"rendered":"S\u012brij\u0101 t\u016bksto\u0161iem cilv\u0113ku vakar izg\u0101ja iel\u0101s, lai svin\u0113tu pirmo gadsk\u0101rtu kop\u0161 Ba\u0161ara al Asada re\u017e\u012bma kri\u0161anas p\u0113rn\u0101 gada&hellip;\n","protected":false},"author":2,"featured_media":69318,"comment_status":"","ping_status":"","sticky":false,"template":"","format":"standard","meta":{"footnotes":""},"categories":[14],"tags":[23,57,28,29,32,33,22,30,31,35,39,38,36,37,34,40,20,26,27,24,25,54,55,56,21,58],"class_list":{"0":"post-69317","1":"post","2":"type-post","3":"status-publish","4":"format-standard","5":"has-post-thumbnail","7":"category-zinas-no-arvalstim","8":"tag-aktualitates","9":"tag-arvalstim","10":"tag-breaking-news","11":"tag-breakingnews","12":"tag-featured-news","13":"tag-featurednews","14":"tag-headlines","15":"tag-latest-news","16":"tag-latestnews","17":"tag-latvia","18":"tag-latvian","19":"tag-latviesu","20":"tag-latviesu-valoda","21":"tag-latviesuvaloda","22":"tag-latvija","23":"tag-lv","24":"tag-news","25":"tag-popularakas-zinas","26":"tag-popularakaszinas","27":"tag-top-stories","28":"tag-topstories","29":"tag-world","30":"tag-world-news","31":"tag-worldnews","32":"tag-zinas","33":"tag-zinas-no-arvalstim"},"share_on_mastodon":{"url":"https:\/\/pubeurope.com\/@lv\/115686259137429542","error":""},"_links":{"self":[{"href":"https:\/\/www.europesays.com\/lv\/wp-json\/wp\/v2\/posts\/69317","targetHints":{"allow":["GET"]}}],"collection":[{"href":"https:\/\/www.europesays.com\/lv\/wp-json\/wp\/v2\/posts"}],"about":[{"href":"https:\/\/www.europesays.com\/lv\/wp-json\/wp\/v2\/types\/post"}],"author":[{"embeddable":true,"href":"https:\/\/www.europesays.com\/lv\/wp-json\/wp\/v2\/users\/2"}],"replies":[{"embeddable":true,"href":"https:\/\/www.europesays.com\/lv\/wp-json\/wp\/v2\/comments?post=69317"}],"version-history":[{"count":0,"href":"https:\/\/www.europesays.com\/lv\/wp-json\/wp\/v2\/posts\/69317\/revisions"}],"wp:featuredmedia":[{"embeddable":true,"href":"https:\/\/www.europesays.com\/lv\/wp-json\/wp\/v2\/media\/69318"}],"wp:attachment":[{"href":"https:\/\/www.europesays.com\/lv\/wp-json\/wp\/v2\/media?parent=69317"}],"wp:term":[{"taxonomy":"category","embeddable":true,"href":"https:\/\/www.europesays.com\/lv\/wp-json\/wp\/v2\/categories?post=69317"},{"taxonomy":"post_tag","embeddable":true,"href":"https:\/\/www.europesays.com\/lv\/wp-json\/wp\/v2\/tags?post=69317"}],"curies":[{"name":"wp","href":"https:\/\/api.w.org\/{rel}","templated":true}]}}