{"id":69390,"date":"2025-12-09T02:38:13","date_gmt":"2025-12-09T02:38:13","guid":{"rendered":"https:\/\/www.europesays.com\/lv\/69390\/"},"modified":"2025-12-09T02:38:13","modified_gmt":"2025-12-09T02:38:13","slug":"nepilni-60-000-eiro-jaunais-mercedes-glb-ieradisies-2026-gada-pavasari-foto","status":"publish","type":"post","link":"https:\/\/www.europesays.com\/lv\/69390\/","title":{"rendered":"Nepilni 60 000 eiro: jaunais Mercedes GLB ierad\u012bsies 2026. gada pavasar\u012b (+ FOTO)"},"content":{"rendered":"<p>N\u0101kamaj\u0101 pavasar\u012b Mercedes-Benz laid\u012bs klaj\u0101 jauno GLB, kas sol\u0101s b\u016bt daudzpus\u012bgs un ietilp\u012bgs apvidus auto ar piec\u0101m vai septi\u0146\u0101m s\u0113dviet\u0101m.<\/p>\n<p>S\u0101kum\u0101 tas b\u016bs pieejams div\u0101s versij\u0101s \u2013 GLB 250+ un GLB 350 4Matic \u2013, kuras abas apr\u012bkotas ar ra\u017eot\u0101ja izmantoto EQ elektrotehnolo\u0123iju. \u0160ie mode\u013ci att\u012bsta attiec\u012bgi 200 kW (272 ZS) un 260 kW (353 ZS) jaudu, un tos darbina litija jonu akumulators ar 85 kWh ietilp\u012bbu, kas \u013cauj sasniegt l\u012bdz pat 630 kilometru nobraukumu. Pateicoties 800 voltu elektriskajai arhitekt\u016brai, auto sp\u0113j uz\u0146emt l\u012bdz 260 kilometru nobraukumam nepiecie\u0161amo ener\u0123iju vien desmit min\u016b\u0161u laik\u0101.<\/p>\n<p>Sal\u012bdzin\u0101jum\u0101 ar iepriek\u0161\u0113jo paaudzi jaunais GLB k\u013cuvis ietilp\u012bg\u0101ks un \u0113rt\u0101ks. Jumta l\u012bnijas un standarta panor\u0101mas jumta l\u016bkas risin\u0101jums nodro\u0161ina vair\u0101k galvas telpas pirmaj\u0101s div\u0101s s\u0113dek\u013cu rind\u0101s. Ar\u012b aizmugur\u0113 s\u0113do\u0161ie pasa\u017eieri ieg\u016bst papildu vietu k\u0101j\u0101m un lab\u0101ku aug\u0161stilbu atbalstu. Bag\u0101\u017enieks pied\u0101v\u0101 l\u012bdz 540 litru ietilp\u012bbu jeb 480 litrus septi\u0146viet\u012bgaj\u0101 versij\u0101, bet, nolokot aizmugur\u0113jos s\u0113dek\u013cus, \u0161\u012b telpa pieaug l\u012bdz 1715 litriem (vai 1605 litriem septi\u0146viet\u012bgaj\u0101 konfigur\u0101cij\u0101). Turkl\u0101t priek\u0161\u0113j\u0101 nodal\u012bjum\u0101 pieejami v\u0113l 100 litri uzglab\u0101\u0161anas vietas.<\/p>\n<p>Jaunais GLB saglab\u0101 rakstur\u012bgo kantaino, apvidus auto t\u0113lu \u2014 augsts jumts, \u012bsas p\u0101rkares priek\u0161\u0101 un aizmugur\u0113, skaidra SUV silueta forma. Priek\u0161pus\u0113 redzama jauna, izteiksm\u012bga reste ar Mercedes tr\u012bs zvaig\u017e\u0146u mot\u012bvu un LED gaism\u0101m, kas pie\u0161\u0137ir auto modernu, tehnolo\u0123isku izskatu, bet aizmugure z\u012bm\u012bga ar horizont\u0101las l\u012bnijas savienotiem lukturiem, kas apsp\u0113l\u0113 to pa\u0161u tr\u012bs zvaig\u017e\u0146u mot\u012bvu. \u00a0\u00a0<\/p>\n<p>Salon\u0101 domin\u0113 m\u016bsdien\u012bga, minim\u0101lisma dizaina koncepcija: digit\u0101l\u0101s m\u0113rinstrumentu kopas un multimediju ekr\u0101ni, skaidra arhitekt\u016bra, kvalitat\u012bvi materi\u0101li. Par papildmaksu ir iesp\u0113ja apr\u012bkot auto ar MBUX Superscreen \u2014 tas apvieno vad\u012bt\u0101ja displeju un centr\u0101lo infotainment ekr\u0101nu, kop\u0101 radot augstu tehnolo\u0123iskuma l\u012bmeni un modernu interjera saj\u016btu.<\/p>\n<p>Mercedes zi\u0146o, ka \u0161\u012bm GLB versij\u0101m sekos ar\u012b citas elektrisk\u0101s versijas, tostarp pieejam\u0101ks s\u0101kuma l\u012bme\u0146a modelis un hibr\u012bdi.<\/p>\n<p>Jaun\u0101 mode\u013ca cenas s\u0101kas no 59 048 eiro.<\/p>\n<p>\t\t\t\t\t <a href=\"https:\/\/www.europesays.com\/lv\/wp-content\/uploads\/2025\/12\/51803_161ed7e805b.jpg\"><img decoding=\"async\" src=\"https:\/\/www.europesays.com\/lv\/wp-content\/uploads\/2025\/12\/51803_161ed7e805b.jpg\" alt=\"\"\/><\/a><\/p>\n<p>Foto: Mercedes-Benz<\/p>\n<p>\t\t\t\t\t <a href=\"https:\/\/www.europesays.com\/lv\/wp-content\/uploads\/2025\/12\/51803_21e2dd6ba61.jpg\"><img decoding=\"async\" src=\"https:\/\/www.europesays.com\/lv\/wp-content\/uploads\/2025\/12\/51803_21e2dd6ba61.jpg\" alt=\"\"\/><\/a><\/p>\n<p>Foto: Mercedes-Benz<\/p>\n<p>\t\t\t\t\t <a href=\"https:\/\/www.europesays.com\/lv\/wp-content\/uploads\/2025\/12\/51803_327fb80be30.jpg\"><img decoding=\"async\" src=\"https:\/\/www.europesays.com\/lv\/wp-content\/uploads\/2025\/12\/51803_327fb80be30.jpg\" alt=\"\"\/><\/a><\/p>\n<p>Foto: Mercedes-Benz<\/p>\n<p>\t\t\t\t\t <a href=\"https:\/\/www.europesays.com\/lv\/wp-content\/uploads\/2025\/12\/51803_48e8ef43069.jpg\"><img decoding=\"async\" src=\"https:\/\/www.europesays.com\/lv\/wp-content\/uploads\/2025\/12\/51803_48e8ef43069.jpg\" alt=\"\"\/><\/a><\/p>\n<p>Foto: Mercedes-Benz<\/p>\n<p>\t\t\t\t\t <a href=\"https:\/\/www.europesays.com\/lv\/wp-content\/uploads\/2025\/12\/51803_5b9bde4dd0f.jpg\"><img decoding=\"async\" src=\"https:\/\/www.europesays.com\/lv\/wp-content\/uploads\/2025\/12\/51803_5b9bde4dd0f.jpg\" alt=\"\"\/><\/a><\/p>\n<p>Foto: Mercedes-Benz<\/p>\n<p>\t\t\t\t\t <a href=\"https:\/\/www.europesays.com\/lv\/wp-content\/uploads\/2025\/12\/51803_6015647c535.jpg\"><img decoding=\"async\" src=\"https:\/\/www.europesays.com\/lv\/wp-content\/uploads\/2025\/12\/51803_6015647c535.jpg\" alt=\"\"\/><\/a><\/p>\n<p>Foto: Mercedes-Benz<\/p>\n<p>\t\t\t\t\t <a href=\"https:\/\/www.europesays.com\/lv\/wp-content\/uploads\/2025\/12\/51803_7e790457dff.jpg\"><img decoding=\"async\" src=\"https:\/\/www.europesays.com\/lv\/wp-content\/uploads\/2025\/12\/51803_7e790457dff.jpg\" alt=\"\"\/><\/a><\/p>\n<p>Foto: Mercedes-Benz<\/p>\n<p>\t\t\t\t\t <a href=\"https:\/\/www.europesays.com\/lv\/wp-content\/uploads\/2025\/12\/51803_8c234dbeda0.jpg\"><img decoding=\"async\" src=\"https:\/\/www.europesays.com\/lv\/wp-content\/uploads\/2025\/12\/51803_8c234dbeda0.jpg\" alt=\"\"\/><\/a><\/p>\n<p>Foto: Mercedes-Benz<\/p>\n<p>\t\t\t\t\t <a href=\"https:\/\/www.europesays.com\/lv\/wp-content\/uploads\/2025\/12\/51803_968a5f99c8d.jpg\"><img decoding=\"async\" src=\"https:\/\/www.europesays.com\/lv\/wp-content\/uploads\/2025\/12\/51803_968a5f99c8d.jpg\" alt=\"\"\/><\/a><\/p>\n<p>Foto: Mercedes-Benz<\/p>\n<p>\t\t\t\t\t <a href=\"https:\/\/www.europesays.com\/lv\/wp-content\/uploads\/2025\/12\/51803_10ac032c3aa3.jpg\"><img decoding=\"async\" src=\"https:\/\/www.europesays.com\/lv\/wp-content\/uploads\/2025\/12\/51803_10ac032c3aa3.jpg\" alt=\"\"\/><\/a><\/p>\n<p>Foto: Mercedes-Benz<\/p>\n<p>\t\t\t\t\t <a href=\"https:\/\/www.europesays.com\/lv\/wp-content\/uploads\/2025\/12\/51803_11fa1a2de60b.jpg\"><img decoding=\"async\" src=\"https:\/\/www.europesays.com\/lv\/wp-content\/uploads\/2025\/12\/51803_11fa1a2de60b.jpg\" alt=\"\"\/><\/a><\/p>\n<p>Foto: Mercedes-Benz<\/p>\n<p>\t\t\t\t\t <a href=\"https:\/\/www.europesays.com\/lv\/wp-content\/uploads\/2025\/12\/51803_12efc0165ba9.jpg\"><img decoding=\"async\" src=\"https:\/\/www.europesays.com\/lv\/wp-content\/uploads\/2025\/12\/51803_12efc0165ba9.jpg\" alt=\"\"\/><\/a><\/p>\n<p>Foto: Mercedes-Benz<\/p>\n<p>\t\t\t\t\t <a href=\"https:\/\/www.europesays.com\/lv\/wp-content\/uploads\/2025\/12\/51803_1394fccf0675.jpg\"><img decoding=\"async\" src=\"https:\/\/www.europesays.com\/lv\/wp-content\/uploads\/2025\/12\/51803_1394fccf0675.jpg\" alt=\"\"\/><\/a><\/p>\n<p>Foto: Mercedes-Benz<\/p>\n<p>\t\t\t\t\t <a href=\"https:\/\/www.europesays.com\/lv\/wp-content\/uploads\/2025\/12\/51803_1454893c4ee1.jpg\"><img decoding=\"async\" src=\"https:\/\/www.europesays.com\/lv\/wp-content\/uploads\/2025\/12\/51803_1454893c4ee1.jpg\" alt=\"\"\/><\/a><\/p>\n<p>Foto: Mercedes-Benz<\/p>\n<p>\t\t\t\t\t <a href=\"https:\/\/www.europesays.com\/lv\/wp-content\/uploads\/2025\/12\/51803_1531ff340d5a.jpg\"><img decoding=\"async\" src=\"https:\/\/www.europesays.com\/lv\/wp-content\/uploads\/2025\/12\/51803_1531ff340d5a.jpg\" alt=\"\"\/><\/a><\/p>\n<p>Foto: Mercedes-Benz<\/p>\n<p>\t\t\t\t\t <a href=\"https:\/\/www.europesays.com\/lv\/wp-content\/uploads\/2025\/12\/51803_163647c2d87a.jpg\"><img decoding=\"async\" src=\"https:\/\/www.europesays.com\/lv\/wp-content\/uploads\/2025\/12\/51803_163647c2d87a.jpg\" alt=\"\"\/><\/a><\/p>\n<p>Foto: Mercedes-Benz<\/p>\n<p>\t\t\t\t\t <a href=\"https:\/\/www.europesays.com\/lv\/wp-content\/uploads\/2025\/12\/51803_175e687195de.jpg\"><img decoding=\"async\" src=\"https:\/\/www.europesays.com\/lv\/wp-content\/uploads\/2025\/12\/51803_175e687195de.jpg\" alt=\"\"\/><\/a><\/p>\n<p>Foto: Mercedes-Benz<\/p>\n<p>Stingri aizliegts iAuto.lv public\u0113tos materi\u0101lus izmantot, kop\u0113t vai reproduc\u0113t citos interneta port\u0101los, masu inform\u0101cijas l\u012bdzek\u013cos vai k\u0101 cit\u0101di r\u012bkoties ar iAuto.lv public\u0113tajiem materi\u0101liem bez rakstiskas EON SIA at\u013caujas sa\u0146em\u0161anas.<\/p>\n","protected":false},"excerpt":{"rendered":"N\u0101kamaj\u0101 pavasar\u012b Mercedes-Benz laid\u012bs klaj\u0101 jauno GLB, kas sol\u0101s b\u016bt daudzpus\u012bgs un ietilp\u012bgs apvidus auto ar piec\u0101m vai&hellip;\n","protected":false},"author":2,"featured_media":69391,"comment_status":"","ping_status":"","sticky":false,"template":"","format":"standard","meta":{"footnotes":""},"categories":[16],"tags":[77,76,35,39,38,36,37,34,40,17792],"class_list":{"0":"post-69390","1":"post","2":"type-post","3":"status-publish","4":"format-standard","5":"has-post-thumbnail","7":"category-bizness","8":"tag-bizness","9":"tag-business","10":"tag-latvia","11":"tag-latvian","12":"tag-latviesu","13":"tag-latviesu-valoda","14":"tag-latviesuvaloda","15":"tag-latvija","16":"tag-lv","17":"tag-nepilni-60-000-eiro-jaunais-mercedes-glb-ieradisies-2026-gada-pavasari"},"share_on_mastodon":{"url":"https:\/\/pubeurope.com\/@lv\/115687293662071530","error":""},"_links":{"self":[{"href":"https:\/\/www.europesays.com\/lv\/wp-json\/wp\/v2\/posts\/69390","targetHints":{"allow":["GET"]}}],"collection":[{"href":"https:\/\/www.europesays.com\/lv\/wp-json\/wp\/v2\/posts"}],"about":[{"href":"https:\/\/www.europesays.com\/lv\/wp-json\/wp\/v2\/types\/post"}],"author":[{"embeddable":true,"href":"https:\/\/www.europesays.com\/lv\/wp-json\/wp\/v2\/users\/2"}],"replies":[{"embeddable":true,"href":"https:\/\/www.europesays.com\/lv\/wp-json\/wp\/v2\/comments?post=69390"}],"version-history":[{"count":0,"href":"https:\/\/www.europesays.com\/lv\/wp-json\/wp\/v2\/posts\/69390\/revisions"}],"wp:featuredmedia":[{"embeddable":true,"href":"https:\/\/www.europesays.com\/lv\/wp-json\/wp\/v2\/media\/69391"}],"wp:attachment":[{"href":"https:\/\/www.europesays.com\/lv\/wp-json\/wp\/v2\/media?parent=69390"}],"wp:term":[{"taxonomy":"category","embeddable":true,"href":"https:\/\/www.europesays.com\/lv\/wp-json\/wp\/v2\/categories?post=69390"},{"taxonomy":"post_tag","embeddable":true,"href":"https:\/\/www.europesays.com\/lv\/wp-json\/wp\/v2\/tags?post=69390"}],"curies":[{"name":"wp","href":"https:\/\/api.w.org\/{rel}","templated":true}]}}