{"id":69421,"date":"2025-12-09T04:51:08","date_gmt":"2025-12-09T04:51:08","guid":{"rendered":"https:\/\/www.europesays.com\/lv\/69421\/"},"modified":"2025-12-09T04:51:08","modified_gmt":"2025-12-09T04:51:08","slug":"siriesi-atzime-el-asada-gasanas-gadadienu-diena","status":"publish","type":"post","link":"https:\/\/www.europesays.com\/lv\/69421\/","title":{"rendered":"S\u012brie\u0161i atz\u012bm\u0113 el Asada g\u0101\u0161anas gadadienu \/ Diena"},"content":{"rendered":"<p>\t\t&#13;<\/p>\n<p>S\u012brij\u0101vakar ar \u012bpa\u0161iem publiskiem pas\u0101kumiem tika atz\u012bm\u0113ta pirm\u0101 gadadiena kop\u0161 Ba\u0161\u0101ra el Asada re\u017e\u012bma g\u0101\u0161anas p\u0113c re\u017e\u012bma opoz\u012bcijas nemiernieku kaujinieku 11 dienas ilgu\u0161\u0101s ofens\u012bvas, kuras p\u0113k\u0161\u0146ums un \u0101trums p\u0101rsteidza daudzus ne tikai pa\u0161\u0101 S\u012brij\u0101, bet ar\u012b vis\u0101 pasaul\u0113.<\/p>\n<p>&#13;<br \/>\n&#13;<\/p>\n<p>\u0160is notikums izbeidza 53 gadus ilgu\u0161o el Asadu \u0123imenes vald\u012b\u0161anu un 14 gadus valsti plos\u012bju\u0161o pilso\u0146u karu, kura laik\u0101 valst\u012b dz\u012bv\u012bbu zaud\u0113ja 620 t\u016bksto\u0161i iedz\u012bvot\u0101ju, \u013coti daudzi pameta valsti, b\u0113got ne tikai no karadarb\u012bbas, vald\u012bbas un t\u0101s atbalst\u012bt\u0101jas \u2013 Krievijas \u2013 gaisa sp\u0113ku posto\u0161ajiem uzlidojumiem, bet ar\u012b no nok\u013c\u016b\u0161anas B. el Asada re\u017e\u012bma repres\u012bvo dro\u0161\u012bbas dienestu rok\u0101s.<\/p>\n<p>&#13;<br \/>\n&#13;<\/p>\n<p>Biju\u0161ajam d\u017eih\u0101distam, pa\u0161laik S\u012brijas pagaidu prezidenta amat\u0101 eso\u0161ajam Ahmedam e\u0161 \u0160araa gada laik\u0101 sekm\u012bgas diplom\u0101tisk\u0101s ofens\u012bvas laik\u0101 izdevies reintegr\u0113t valsti starptautiskaj\u0101 sabiedr\u012bb\u0101, p\u0101rst\u0101vot S\u012briju starptautiskos forumos un pat izveidojot labas attiec\u012bbas ar ASV prezidentu Donaldu Trampu, kur\u0161 atc\u0113lis lielu da\u013cu ASV pret S\u012briju noteikto sankciju.<\/p>\n<p>&#13;<br \/>\n&#13;<\/p>\n<p>Tiesa, pa\u0161\u0101 pilso\u0146kara laik\u0101 sagrautaj\u0101 valst\u012b turpina gruzd\u0113t starpreli\u0123isk\u0101 un starpetnisk\u0101 spriedze. Atkl\u0101t\u012bb\u0101 izpeld vecie aizvainojumi, radot jaunus savstarp\u0113j\u0101s vardarb\u012bbas ciklus un apdraudot centienus atjaunot valsti, raksta\u00a0The Guardian.<\/p>\n<p>&#13;<br \/>\n&#13;<\/p>\n<p>Izmanto iesp\u0113ju<\/p>\n<p>&#13;<br \/>\n&#13;<\/p>\n<p>B. el Asada re\u017e\u012bms pirms gada 8.<\/p>\n<p>&#13;<\/p>\n<p>Visu rakstu lasiet av\u012bzes Diena otrdienas, 9. decembra, numur\u0101! Ja v\u0113laties laikraksta saturu turpm\u0101k las\u012bt druk\u0101t\u0101 form\u0101t\u0101, to iesp\u0113jams abon\u0113t <a href=\"https:\/&lt;b&gt;+&lt;\/strong&gt;&lt;\/p&gt;&#9;&#13;&#10;&#9;&#9;&#9;&lt;footer&gt;&#13;&#10;&#9;&#9;&lt;p&gt;&#13;&#10;&#9;&#9;&#9;&lt;strong&gt;&#13;&#10;&#9;&#9;&#9;&#9;Raksta pilno versiju var ieg\u0101d\u0101ties ar\u012b port\u0101l\u0101 Diena.lv - autoriz\u0113jies,  &lt;a href=\" https:=\"\" onclick=\"Diena.user.showLogin()\">klik\u0161\u0137inot \u0161eit!<\/a>&#13;<br \/>\n\t\t\t&#13;\n\t\t<\/p>\n<p class=\"paid-article-text__price\">&#13;<br \/>\n\t\t\tRaksta cena: \u20ac0.40&#13;\n\t\t<\/p>\n<p class=\"more\">&#13;<br \/>\n\t\t\t&#13;<br \/>\n\t\t\t<a target=\"_blank\" href=\"https:\/\/www.diena.lv\/maksas-saturs\" rel=\"nofollow noopener\">Vair\u0101k inform\u0101cijas<\/a>&#13;\n\t\t<\/p>\n","protected":false},"excerpt":{"rendered":"&#13; S\u012brij\u0101vakar ar \u012bpa\u0161iem publiskiem pas\u0101kumiem tika atz\u012bm\u0113ta pirm\u0101 gadadiena kop\u0161 Ba\u0161\u0101ra el Asada re\u017e\u012bma g\u0101\u0161anas p\u0113c re\u017e\u012bma&hellip;\n","protected":false},"author":2,"featured_media":69422,"comment_status":"","ping_status":"","sticky":false,"template":"","format":"standard","meta":{"footnotes":""},"categories":[14],"tags":[23,57,28,29,32,33,22,30,31,35,39,38,36,37,34,40,20,26,27,24,25,54,55,56,21,58],"class_list":{"0":"post-69421","1":"post","2":"type-post","3":"status-publish","4":"format-standard","5":"has-post-thumbnail","7":"category-zinas-no-arvalstim","8":"tag-aktualitates","9":"tag-arvalstim","10":"tag-breaking-news","11":"tag-breakingnews","12":"tag-featured-news","13":"tag-featurednews","14":"tag-headlines","15":"tag-latest-news","16":"tag-latestnews","17":"tag-latvia","18":"tag-latvian","19":"tag-latviesu","20":"tag-latviesu-valoda","21":"tag-latviesuvaloda","22":"tag-latvija","23":"tag-lv","24":"tag-news","25":"tag-popularakas-zinas","26":"tag-popularakaszinas","27":"tag-top-stories","28":"tag-topstories","29":"tag-world","30":"tag-world-news","31":"tag-worldnews","32":"tag-zinas","33":"tag-zinas-no-arvalstim"},"share_on_mastodon":{"url":"https:\/\/pubeurope.com\/@lv\/115687816196376639","error":""},"_links":{"self":[{"href":"https:\/\/www.europesays.com\/lv\/wp-json\/wp\/v2\/posts\/69421","targetHints":{"allow":["GET"]}}],"collection":[{"href":"https:\/\/www.europesays.com\/lv\/wp-json\/wp\/v2\/posts"}],"about":[{"href":"https:\/\/www.europesays.com\/lv\/wp-json\/wp\/v2\/types\/post"}],"author":[{"embeddable":true,"href":"https:\/\/www.europesays.com\/lv\/wp-json\/wp\/v2\/users\/2"}],"replies":[{"embeddable":true,"href":"https:\/\/www.europesays.com\/lv\/wp-json\/wp\/v2\/comments?post=69421"}],"version-history":[{"count":0,"href":"https:\/\/www.europesays.com\/lv\/wp-json\/wp\/v2\/posts\/69421\/revisions"}],"wp:featuredmedia":[{"embeddable":true,"href":"https:\/\/www.europesays.com\/lv\/wp-json\/wp\/v2\/media\/69422"}],"wp:attachment":[{"href":"https:\/\/www.europesays.com\/lv\/wp-json\/wp\/v2\/media?parent=69421"}],"wp:term":[{"taxonomy":"category","embeddable":true,"href":"https:\/\/www.europesays.com\/lv\/wp-json\/wp\/v2\/categories?post=69421"},{"taxonomy":"post_tag","embeddable":true,"href":"https:\/\/www.europesays.com\/lv\/wp-json\/wp\/v2\/tags?post=69421"}],"curies":[{"name":"wp","href":"https:\/\/api.w.org\/{rel}","templated":true}]}}