{"id":69423,"date":"2025-12-09T04:52:13","date_gmt":"2025-12-09T04:52:13","guid":{"rendered":"https:\/\/www.europesays.com\/lv\/69423\/"},"modified":"2025-12-09T04:52:13","modified_gmt":"2025-12-09T04:52:13","slug":"esat-gatavi-parsteigumiem-otrdien-palaikam-lis-bet-gaisa-temperatura-var-pakapties-ipasi-augstu-la-lv","status":"publish","type":"post","link":"https:\/\/www.europesays.com\/lv\/69423\/","title":{"rendered":"Esat gatavi p\u0101rsteigumiem? Otrdien palaikam l\u012bs, bet gaisa temperat\u016bra var pak\u0101pties \u012bpa\u0161i augstu &#8211; LA.LV"},"content":{"rendered":"<ol>\n<li><a href=\"https:\/\/news.google.com\/rss\/articles\/CBMiswFBVV95cUxNN1Y5SlNIWmluNzRKSVc2UDAwSjVmakRLazBBLVFCVGhxclRyU0hsQU01Y0t0VUVxcjc5djJLSTBNWUFaNkNFOWFMb3UybjNteExRZFlLb0pYZEdPZ2pyY19mWVpxUGxZZng4TGc1UFpreXFuUEMyejhFek1NWXlBQjItYWU4RlRwZU81elBxT0tqXzhyVWNoNXpvQlZES1ExRkdxSlAwVkpyRFJhMVlNY1EtWQ?oc=5\" target=\"_blank\" rel=\"nofollow noopener\">Esat gatavi p\u0101rsteigumiem? Otrdien palaikam l\u012bs, bet gaisa temperat\u016bra var pak\u0101pties \u012bpa\u0161i augstu<\/a>&nbsp;&nbsp;LA.LV<\/li>\n<li><a href=\"https:\/\/news.google.com\/rss\/articles\/CBMiogFBVV95cUxNZ2pWUnNWUVFIVVB6NWdDZ3Fxb01vX2pZSTlnTXJ5NXNPRjhBdlRhTXBGZGJrb0NjUVk1YXRYUWVqaE03cERtdlE1eU9BZXNJU29YWTktaTFsV1RRU2JYTDV4c0k2WGpDS05CY0x1MC1SRXF1ckt4Uy1tdGF0X3lCQlNHUzdaYzB2MDd6MWlQUjEtWkJ0eVRDeEkwVm1zcEhSZkE?oc=5\" target=\"_blank\" rel=\"nofollow noopener\">Otrdiena b\u016bs silta, br\u012b\u017eiem l\u012bs \/ Raksts<\/a>&nbsp;&nbsp;LSM<\/li>\n<li><a href=\"https:\/\/news.google.com\/rss\/articles\/CBMixgFBVV95cUxObXI2Zjd1b2hPZ25CVW9OWlk4bTVUTDFiakgyZXByTTU4YUZVa2hPZE5wWjZ5X3JqRWNhYjAwTHVHbC04TGxsVDVGaE9rQThkeVBPOGJ2YmhVU2ZjZUgxbmR4eFZ5eGc1a18zMWdwZVAxcVlfeWs0bF9HTENIX2VlQXhsazYzX0lla0JjX2lLZkdzNlJDYmJ6blp6d2lZREl0Q1kteEdpY2ZtQmRHdkVENnBzejlNYW5fTHVhOWpEbU5udHRxWEE?oc=5\" target=\"_blank\" rel=\"nofollow noopener\">Laikapst\u0101k\u013ci main\u012bsies: jau nakt\u012b ciklons no Skandin\u0101vijas Latvij\u0101 ienes\u012bs \u013coti siltu gaisu<\/a>&nbsp;&nbsp;Jauns.lv<\/li>\n<li><a href=\"https:\/\/news.google.com\/rss\/articles\/CBMiwgFBVV95cUxOV3N5bk93SUtadm1mSld2N3ROQlZheDd5YlU0WWRaVW03Z3NFWTBZMXhUWC1Hb2RVdkZvb0JEaU5NQkFlclhMaUNXSkRhcWdJZEJoRHdrLVpDdjg5enRmX1BjRWg4WXQxMlZoR2VEbnhkSlBHQjJ3di05S0JMbUxXbG5tQlVJaVRNSFJtSDJFaUtWdkxZSE5maFZ5U3RWeFhtMzBvQzB2S3gzM28zODFEMlVBYkNpbUhvOHV5ZEQxalN6d9IBxwFBVV95cUxNNW93NDAyTElDajE5RWtDS2JlRFJManQ5akZxT2Y2ajRGQ2Z6cjhMTlFvNzd2M1JiYXBnSWFfc19HQXAxRFcxZGtUbmQxNkotMVFPMnJIZTVCNEhtSVRtcTI0MWpPU1FQb3ZFemFEbXNCc3RLWmM2Vzc5dlplblJpclY4dGZBZTltWEIzU2RlUnk3VUJMZ1BBSmtJczFMMkJKbW1aS2Y4VnZZRFZyWVcwUUxtNWN4Nm9jSVcxZ21rWV9ZYVlDNWo0?oc=5\" target=\"_blank\" rel=\"nofollow noopener\">Ziemas neb\u016bs? Sinopti\u0137i br\u012bdin\u0101ja par siltuma vi\u013c\u0146a iest\u0101\u0161anos Latvij\u0101<\/a>&nbsp;&nbsp;bb.lv<\/li>\n<li><a href=\"https:\/\/news.google.com\/rss\/articles\/CBMixAFBVV95cUxNVTNPYUYwOE55Z1hyTGxFaW1FeXMzUDZOTnFkNXB3VGF2UEZjY0tVVDNuYmpBSllYUDJmQmxRSHNrekd5TmhPSGJSZzNITWxUX2puenJhY1RNWjVmS3ltNWlublJVSk1ZSmVlRlBlbmdSOWV0WDlXc3BTSktYd1RvdjhxWnk2STFmemFoUV94SDhvZkdBeklfMnRWTS1SRW1jNEZXWWxwWFpWM2ktV2NiUXoxWGZyellDTmFRYWxZWXBraFJm?oc=5\" target=\"_blank\" rel=\"nofollow noopener\">Latvij\u0101 silts, v\u0113jains un lietains laiks; viet\u0101m p\u0101rsp\u0113ts 9. decembra siltuma rekords<\/a>&nbsp;&nbsp;BauskasDzive.lv<\/li>\n<\/ol>\n","protected":false},"excerpt":{"rendered":"Esat gatavi p\u0101rsteigumiem? Otrdien palaikam l\u012bs, bet gaisa temperat\u016bra var pak\u0101pties \u012bpa\u0161i augstu&nbsp;&nbsp;LA.LV Otrdiena b\u016bs silta, br\u012b\u017eiem l\u012bs&hellip;\n","protected":false},"author":2,"featured_media":69424,"comment_status":"","ping_status":"","sticky":false,"template":"","format":"standard","meta":{"footnotes":""},"categories":[12],"tags":[23,28,29,32,33,22,30,31,35,39,38,36,37,34,40,20,26,27,24,25,21],"class_list":{"0":"post-69423","1":"post","2":"type-post","3":"status-publish","4":"format-standard","5":"has-post-thumbnail","7":"category-latvija","8":"tag-aktualitates","9":"tag-breaking-news","10":"tag-breakingnews","11":"tag-featured-news","12":"tag-featurednews","13":"tag-headlines","14":"tag-latest-news","15":"tag-latestnews","16":"tag-latvia","17":"tag-latvian","18":"tag-latviesu","19":"tag-latviesu-valoda","20":"tag-latviesuvaloda","21":"tag-latvija","22":"tag-lv","23":"tag-news","24":"tag-popularakas-zinas","25":"tag-popularakaszinas","26":"tag-top-stories","27":"tag-topstories","28":"tag-zinas"},"share_on_mastodon":{"url":"https:\/\/pubeurope.com\/@lv\/115687820049315209","error":""},"_links":{"self":[{"href":"https:\/\/www.europesays.com\/lv\/wp-json\/wp\/v2\/posts\/69423","targetHints":{"allow":["GET"]}}],"collection":[{"href":"https:\/\/www.europesays.com\/lv\/wp-json\/wp\/v2\/posts"}],"about":[{"href":"https:\/\/www.europesays.com\/lv\/wp-json\/wp\/v2\/types\/post"}],"author":[{"embeddable":true,"href":"https:\/\/www.europesays.com\/lv\/wp-json\/wp\/v2\/users\/2"}],"replies":[{"embeddable":true,"href":"https:\/\/www.europesays.com\/lv\/wp-json\/wp\/v2\/comments?post=69423"}],"version-history":[{"count":0,"href":"https:\/\/www.europesays.com\/lv\/wp-json\/wp\/v2\/posts\/69423\/revisions"}],"wp:featuredmedia":[{"embeddable":true,"href":"https:\/\/www.europesays.com\/lv\/wp-json\/wp\/v2\/media\/69424"}],"wp:attachment":[{"href":"https:\/\/www.europesays.com\/lv\/wp-json\/wp\/v2\/media?parent=69423"}],"wp:term":[{"taxonomy":"category","embeddable":true,"href":"https:\/\/www.europesays.com\/lv\/wp-json\/wp\/v2\/categories?post=69423"},{"taxonomy":"post_tag","embeddable":true,"href":"https:\/\/www.europesays.com\/lv\/wp-json\/wp\/v2\/tags?post=69423"}],"curies":[{"name":"wp","href":"https:\/\/api.w.org\/{rel}","templated":true}]}}