{"id":69425,"date":"2025-12-09T04:55:22","date_gmt":"2025-12-09T04:55:22","guid":{"rendered":"https:\/\/www.europesays.com\/lv\/69425\/"},"modified":"2025-12-09T04:55:22","modified_gmt":"2025-12-09T04:55:22","slug":"bota-un-aparjode-nosledz-labako-devitnieku-pasaules-kausa-kamaninu-sporta-pirmaja-posma","status":"publish","type":"post","link":"https:\/\/www.europesays.com\/lv\/69425\/","title":{"rendered":"Bota un Aparjode nosl\u0113dz lab\u0101ko dev\u012btnieku Pasaules kausa kamani\u0146u sport\u0101 pirmaj\u0101 posm\u0101"},"content":{"rendered":"<p>Latvijas sportistes El\u012bna Ieva Bota un Kendija Aparjode sv\u0113tdien Vinterbergas tras\u0113 Pasaules kausa kamani\u0146u sport\u0101 pirmaj\u0101 posm\u0101 ie\u0146\u0113ma astoto un dev\u012bto vietu, Zane Kaluma bija 16., bet Margita Sirsni\u0146a ierindoj\u0101s 24. poz\u012bcij\u0101.<\/p>\n<p>Divu braucienu summ\u0101 uzvar\u0113ja austriete Hanna Proka, kura p\u0113c uzvaras pirmaj\u0101 braucien\u0101 nosarg\u0101ja vad\u012bbu un par tr\u012bs sekundes simtda\u013c\u0101m p\u0101rsp\u0113ja v\u0101cieti Merli Fr\u0113beli, kura bija \u0101tr\u0101k\u0101 otraj\u0101 braucien\u0101. Tre\u0161\u0101 bija austriete Doroteja \u0160varca, kura no tautietes atpalika par 0,209 sekund\u0113m.<\/p>\n<p>Bota uzvar\u0113t\u0101jai summ\u0101 zaud\u0113ja 0,513 sekundes un par 0,014 sekund\u0113m bija priek\u0161\u0101 Aparjodei. Kaluma bija teju v\u0113l sekundi l\u0113n\u0101ka.<\/p>\n<p>Pirmaj\u0101 braucien\u0101 Bota bija tre\u0161\u0101 \u0101tr\u0101k\u0101 aiz \u0160varcas un Prokas, Aparjodei bija 11. rezult\u0101ts, bet Kalumai &#8211; 16. vieta.<\/p>\n<p>Sirsni\u0146a pirmaj\u0101 braucien\u0101 uzr\u0101d\u012bja 24. rezult\u0101tu, apsteidzot kamani\u0146u brauc\u0113ju no Igaunijas. Lab\u0101ko divdesmitniekam, kas kvalific\u0113j\u0101s otrajam braucienam, latviete zaud\u0113ja vair\u0101k nek\u0101 vienu sekundi.<\/p>\n<p>Otraj\u0101 braucien\u0101 Botai neizdev\u0101s sasniegt \u0101trumu, turkl\u0101t k\u013c\u016bdas trases otraj\u0101 da\u013c\u0101 \u013c\u0101va sasniegt 14. rezult\u0101tu. Turpret\u012b Aparjode bija sest\u0101 \u0101tr\u0101k\u0101, kas pal\u012bdz\u0113ja veikt k\u0101pumu, bet Kalumai bija 17. vieta.<\/p>\n<p>Plkst. 14.50 s\u0101ksies komandu stafete, sacens\u012bbas tie\u0161raid\u0113 transl\u0113jot telev\u012bzijas kan\u0101lam TV6.<\/p>\n<p>Sportistiem pirmo posmu vajadz\u0113ja aizvad\u012bt Austrijas tras\u0113 \u012agls\u0101, bet renov\u0113t\u0101 trase nebija tik laba, lai taj\u0101 var\u0113tu aizvad\u012bt sacens\u012bbas, un posms tika p\u0101rcelts uz Vinterbergu.<\/p>\n<p>Pasaules kausa (PK) sacens\u012bb\u0101s \u0161osezon ir devi\u0146i posmi. PK n\u0101kamie divi posmi notiks ASV tras\u0113s P\u0101rksitij\u0101 un Leikplesid\u0101, bet gadu mij\u0101 ir pl\u0101nots posms Siguld\u0101. P\u0113c piekt\u0101 posma janv\u0101ra s\u0101kum\u0101 Vinterberg\u0101 beigsies olimpisk\u0101 kvalifik\u0101cija, bet pirmaj\u0101 no diviem posmiem v\u0113l vien\u0101 V\u0101cijas tras\u0113 Oberhof\u0101 tiks dal\u012btas ar\u012b Eiropas \u010dempion\u0101ta meda\u013cas, febru\u0101ra s\u0101kum\u0101 sportistiem sacen\u0161oties Mil\u0101nas-Kort\u012bnas d\u2019Ampeco olimpiskaj\u0101s sp\u0113l\u0113s.<\/p>\n<p>\n                            Valodas k\u013c\u016bda rakst\u0101?<br \/>Iez\u012bm\u0113jiet tekstu un spiediet Zi\u0146ot par k\u013c\u016bdu pogas   , lai nos\u016bt\u012btu labojamo teksta fragmentu redaktoram!<\/p>\n<p>                                Zi\u0146ot par k\u013c\u016bdu<\/p>\n","protected":false},"excerpt":{"rendered":"Latvijas sportistes El\u012bna Ieva Bota un Kendija Aparjode sv\u0113tdien Vinterbergas tras\u0113 Pasaules kausa kamani\u0146u sport\u0101 pirmaj\u0101 posm\u0101 ie\u0146\u0113ma&hellip;\n","protected":false},"author":2,"featured_media":69426,"comment_status":"","ping_status":"","sticky":false,"template":"","format":"standard","meta":{"footnotes":""},"categories":[17],"tags":[35,39,38,36,37,34,40,67],"class_list":{"0":"post-69425","1":"post","2":"type-post","3":"status-publish","4":"format-standard","5":"has-post-thumbnail","7":"category-sports","8":"tag-latvia","9":"tag-latvian","10":"tag-latviesu","11":"tag-latviesu-valoda","12":"tag-latviesuvaloda","13":"tag-latvija","14":"tag-lv","15":"tag-sports"},"share_on_mastodon":{"url":"https:\/\/pubeurope.com\/@lv\/115687831846825346","error":""},"_links":{"self":[{"href":"https:\/\/www.europesays.com\/lv\/wp-json\/wp\/v2\/posts\/69425","targetHints":{"allow":["GET"]}}],"collection":[{"href":"https:\/\/www.europesays.com\/lv\/wp-json\/wp\/v2\/posts"}],"about":[{"href":"https:\/\/www.europesays.com\/lv\/wp-json\/wp\/v2\/types\/post"}],"author":[{"embeddable":true,"href":"https:\/\/www.europesays.com\/lv\/wp-json\/wp\/v2\/users\/2"}],"replies":[{"embeddable":true,"href":"https:\/\/www.europesays.com\/lv\/wp-json\/wp\/v2\/comments?post=69425"}],"version-history":[{"count":0,"href":"https:\/\/www.europesays.com\/lv\/wp-json\/wp\/v2\/posts\/69425\/revisions"}],"wp:featuredmedia":[{"embeddable":true,"href":"https:\/\/www.europesays.com\/lv\/wp-json\/wp\/v2\/media\/69426"}],"wp:attachment":[{"href":"https:\/\/www.europesays.com\/lv\/wp-json\/wp\/v2\/media?parent=69425"}],"wp:term":[{"taxonomy":"category","embeddable":true,"href":"https:\/\/www.europesays.com\/lv\/wp-json\/wp\/v2\/categories?post=69425"},{"taxonomy":"post_tag","embeddable":true,"href":"https:\/\/www.europesays.com\/lv\/wp-json\/wp\/v2\/tags?post=69425"}],"curies":[{"name":"wp","href":"https:\/\/api.w.org\/{rel}","templated":true}]}}