{"id":69479,"date":"2025-12-09T05:57:06","date_gmt":"2025-12-09T05:57:06","guid":{"rendered":"https:\/\/www.europesays.com\/lv\/69479\/"},"modified":"2025-12-09T05:57:06","modified_gmt":"2025-12-09T05:57:06","slug":"ilgstosi-karstuma-vilni-apdraud-lielas-pilsetas-eiropas-savieniba-cer-dot-impulsu-parmainam-raksts","status":"publish","type":"post","link":"https:\/\/www.europesays.com\/lv\/69479\/","title":{"rendered":"Ilgsto\u0161i karstuma vi\u013c\u0146i apdraud liel\u0101s pils\u0113tas; Eiropas Savien\u012bba cer dot impulsu p\u0101rmai\u0146\u0101m \/ Raksts"},"content":{"rendered":"<p>Pastiprinoties klimata p\u0101rmai\u0146\u0101m, arvien vair\u0101k Eiropas pils\u0113tu vasar\u0101s piedz\u012bvo ilgsto\u0161us karstuma vi\u013c\u0146us. Tos vissmag\u0101k izj\u016bt liel\u0101s pils\u0113tas Eiropas dienvidos, kas ir ar\u012b iecien\u012bti t\u016bristu galam\u0113r\u0137i. Eksperti br\u012bdina, ka karstuma vi\u013c\u0146i vasar\u0101s k\u013c\u016bs arvien ilgsto\u0161\u0101ki, t\u0101p\u0113c ir j\u0101dom\u0101 par risin\u0101jumiem, lai mazin\u0101tu karstuma rad\u012bto negat\u012bvo ietekmi uz cilv\u0113ku vesel\u012bbu.\u00a0<\/p>\n<p>Ilgsto\u0161i karstuma vi\u013c\u0146i apdraud bl\u012bv\u0101k apdz\u012bvotas pils\u0113tas<\/p>\n<p>00:00 \/ 03:57<\/p>\n<p>\t\t\t\t\t    <a class=\"player-download\" href=\"https:\/\/static.lsm.lv\/media\/2025\/12\/s70h.mp3\" target=\"_blank\" rel=\"nofollow noopener\"> Lejupl\u0101d\u0113t<\/a><\/p>\n<p>Uldis \u0136ezberis \/ Latvijas Radio un Euranet Plus<\/p>\n<p><a id=\"1\" name=\"1\">Bl\u012bv\u0101k apdz\u012bvot\u0101s pils\u0113tas uzkarst \u0101tr\u0101k siltuma salu efekta d\u0113\u013c<\/a><\/p>\n<p>Aizvad\u012bt\u0101 vasara bija viena no karst\u0101kaj\u0101m Eirop\u0101 meteorolo\u0123isko nov\u0113rojumu v\u0113stur\u0113. Portug\u0101l\u0113, Sp\u0101nij\u0101 un Francij\u0101 termometra stabi\u0146\u0161 vair\u0101kas reizes p\u0101rk\u0101pa +40 gr\u0101du p\u0113c Celsija atz\u012bmi.\u00a0<\/p>\n<p>\u0160ovasar laik\u0101 no 1. j\u016bnija l\u012bdz 31. augustam Eirop\u0101 no karstuma izrais\u012bt\u0101m vesel\u012bbas probl\u0113m\u0101m nomira vair\u0101k nek\u0101 24 000\u00a0cilv\u0113ku, liecina Londonas Imp\u0113rijas koled\u017eas un Londonas Higi\u0113nas un tropu medic\u012bnas skolas apkopotie dati.\u00a0<\/p>\n<p>Vissp\u0113c\u012bg\u0101k karstuma periodi ietekm\u0113ja liel\u0101s pils\u0113tas, kas uzkarst strauj\u0101k nek\u0101 maz\u0101k apdz\u012bvotas vietas, pauda piel\u0101go\u0161an\u0101s klimata p\u0101rmai\u0146\u0101m eksperte Leona Al\u012bna Eihela.\u00a0<\/p>\n<p>&#8220;M\u0113s redzam, ka klimata p\u0101rmai\u0146u ietekm\u0113 pils\u0113tas sasilst \u012bpa\u0161i stipri.\u00a0<\/p>\n<blockquote>\n<p>Tas ir saist\u012bts ar t\u0101 saukto pils\u0113tu siltuma salu efektu, kas noz\u012bm\u0113, ka pils\u0113tas nakt\u012b uzkr\u0101j vair\u0101k siltuma nek\u0101 lauku apgabali.\u00a0<\/p>\n<\/blockquote>\n<p>Da\u017e\u0101s pils\u0113t\u0101s temperat\u016bra var b\u016bt pat par 10 vai 15 gr\u0101diem p\u0113c Celsija augst\u0101ka nek\u0101 apk\u0101rt\u0113j\u0101s teritorij\u0101s, kas, protams, ietekm\u0113 iedz\u012bvot\u0101jus. Kad vairs nav garant\u0113ta nakts atdzi\u0161ana un \u0113kas uzkr\u0101j tik daudz siltuma, ir gr\u016bt\u0101k labi gul\u0113t, kas rada ar karstumu saist\u012btas sekas, kas var b\u016bt \u013coti kait\u012bgas m\u016bsu vesel\u012bbai,&#8221; Eihela sac\u012bja raidsabiedr\u012bbai AMS.\u00a0<\/p>\n<p>Nesamazinot klimata p\u0101rmai\u0146as izraiso\u0161o izme\u0161u daudzumu, situ\u0101cija k\u013c\u016bs v\u0113l slikt\u0101ka, br\u012bdina klimata p\u0101rmai\u0146u p\u0113tnieks Otons Kaminiaris. Jo vair\u0101k uzkars\u012bs pils\u0113tas vasar\u0101s, jo vair\u0101k t\u0101s b\u016bs nepiecie\u0161ams atv\u0113sin\u0101t.\u00a0<\/p>\n<p>&#8220;Ar pa\u0161reiz\u0113j\u0101m tehnolo\u0123ij\u0101m tas noz\u012bm\u0113 liel\u0101ku ener\u0123ijas pat\u0113ri\u0146u un probl\u0113mas turpm\u0101ku pasliktin\u0101\u0161anos,&#8221; sac\u012bja Kaminiaris.\u00a0<\/p>\n<p><a name=\"2\">Da\u017e\u0101das cilv\u0113ku grupas izj\u016bt karstumu at\u0161\u0137ir\u012bgi; j\u0101dom\u0101 par visiem\u00a0<\/a><\/p>\n<p>Kaminiaris nor\u0101d\u012bja, ka klimata p\u0101rmai\u0146as visus iedz\u012bvot\u0101jus neskar vien\u0101di.\u00a0<\/p>\n<p>&#8220;Klimata p\u0101rmai\u0146as noteikti rada taisn\u012bguma jaut\u0101jumus, t\u0101p\u0113c m\u016bsu reakcijai ar\u012b j\u0101b\u016bt soci\u0101li j\u016bt\u012bgai un taisn\u012bgai. Karstuma vi\u013c\u0146i nesam\u0113r\u012bgi ietekm\u0113 vec\u0101kus cilv\u0113kus, b\u0113rnus, slimus cilv\u0113kus un cilv\u0113kus, kuriem nav l\u012bdzek\u013cu, lai sevi aizsarg\u0101tu, cilv\u0113kus kuri dz\u012bvo ener\u0123\u0113tisk\u0101 nabadz\u012bb\u0101 un nesp\u0113j pien\u0101c\u012bgi atdzes\u0113t savas m\u0101jas,&#8221; Kaminiaris sac\u012bja intervij\u0101 radiostacijai SKAI.\u00a0<\/p>\n<p>Uz jaut\u0101jumu, ko dar\u012bt, lai karstuma laik\u0101 aizsarg\u0101tu vec\u0101ka gadag\u0101juma\u00a0cilv\u0113kus, kuru Eirop\u0101 k\u013c\u016bst arvien vair\u0101k,\u00a0Kaminiaris min\u0113ja vair\u0101kus risin\u0101jumus:\u00a0<\/p>\n<blockquote>\n<p>&#8220;Pa\u0161vald\u012bbu l\u012bmen\u012b b\u016btu j\u0101nodro\u0161ina kondicion\u0113tas publisk\u0101s telpas, kaimi\u0146u savstarp\u0113j\u0101 atbalsta t\u012bkli un infrastrukt\u016bra, kas izstr\u0101d\u0101ta, \u0146emot v\u0113r\u0101 \u0161o grupu piek\u013cuves vajadz\u012bbas.\u00a0<\/p>\n<\/blockquote>\n<p>Ja t\u0101das pils\u0113tas k\u0101 At\u0113nas nesp\u0113s piel\u0101goties, tas var novest pie sabiedr\u012bbas vesel\u012bbas kr\u012bzes, piespie\u017eot vald\u012bbas t\u0113r\u0113t milz\u012bgus l\u012bdzek\u013cus vesel\u012bbas apr\u016bpei un \u0101rk\u0101rtas situ\u0101ciju risin\u0101\u0161anai, at\u0146emot \u0161o naudu cit\u0101m vajadz\u012bb\u0101m.&#8221;\u00a0<\/p>\n<p>T\u0101pat ir j\u0101dom\u0101 par aizsardz\u012bbu tiem cilv\u0113kiem, kuri ar\u012b liela karstuma laik\u0101 str\u0101d\u0101 \u0101rpus atv\u0113sin\u0101t\u0101m telp\u0101m, piem\u0113ram, celtnieki, lauksaimnieki vai apsargi.\u00a0<\/p>\n<p><a name=\"3\">Eiropas Savien\u012bba pie\u0146em jaunu regulu; cer mudin\u0101t pils\u0113tas r\u012bkoties\u00a0<\/a><\/p>\n<p>Ar\u012b Eiropas Savien\u012bba (ES) dom\u0101 par lielo pils\u0113tu piel\u0101go\u0161anos klimata p\u0101rmai\u0146\u0101m.\u00a0<\/p>\n<p>Eiropas Ainavu b\u016bvnieku asoci\u0101cijas prezidents Henriks Boss past\u0101st\u012bja, ka nesen pie\u0146emt\u0101 ES Dabas atjauno\u0161anas regula var\u0113tu dot re\u0101lu impulsu p\u0101rmai\u0146\u0101m.\u00a0<\/p>\n<blockquote>\n<p>&#8220;Dabas atjauno\u0161anas regul\u0101 ir pils\u0113tvides sada\u013ca. Ja Tallinas pils\u0113ta n\u0101kotn\u0113 v\u0113las sa\u0146emt Eiropas Savien\u012bbas finans\u0113jumu, tai ir kaut kas j\u0101dara. Tas piespie\u017e r\u012bkoties.<\/p>\n<\/blockquote>\n<p>T\u0101 ir pras\u012bba, ka ir j\u0101izstr\u0101d\u0101 pl\u0101ns. Un uzreiz, s\u0101kot pl\u0101na izstr\u0101di, tas ar\u012b tiks \u012bstenots,&#8221; Boss sac\u012bja &#8220;KuKu Raadio&#8221;.<\/p>\n<p>Tie\u0161i pils\u0113tu za\u013cin\u0101\u0161ana ir viens no veidiem, k\u0101 var m\u0113\u0123in\u0101t mazin\u0101t p\u0101rm\u0113r\u012bga karstuma ietekmi.<\/p>\n<p>                    Valodas k\u013c\u016bda rakst\u0101?<\/p>\n<p class=\"d-none d-md-block\">Iez\u012bm\u0113jiet tekstu un spiediet Ctrl+Enter, lai nos\u016bt\u012btu labojamo teksta fragmentu redaktoram! Par faktu k\u013c\u016bd\u0101m l\u016bdzam zi\u0146ot e-past\u0101 <a href=\"https:\/\/www.lsm.lv\/cdn-cgi\/l\/email-protection\" class=\"__cf_email__\" data-cfemail=\"ec9e89888d878f85868dac809f81c2809a\" rel=\"nofollow noopener\" target=\"_blank\">[email\u00a0protected]<\/a>.<\/p>\n<p class=\"d-md-none\">Iez\u012bm\u0113jiet tekstu un spiediet uz Zi\u0146ot par k\u013c\u016bdu pogas, lai nos\u016bt\u012btu labojamo teksta fragmentu redaktoram!<\/p>\n<p>\n                    Zi\u0146ot par k\u013c\u016bdu\n                <\/p>\n","protected":false},"excerpt":{"rendered":"Pastiprinoties klimata p\u0101rmai\u0146\u0101m, arvien vair\u0101k Eiropas pils\u0113tu vasar\u0101s piedz\u012bvo ilgsto\u0161us karstuma vi\u013c\u0146us. Tos vissmag\u0101k izj\u016bt liel\u0101s pils\u0113tas Eiropas&hellip;\n","protected":false},"author":2,"featured_media":69480,"comment_status":"","ping_status":"","sticky":false,"template":"","format":"standard","meta":{"footnotes":""},"categories":[14],"tags":[23,57,28,29,32,33,22,30,31,35,39,38,36,37,34,40,20,26,27,24,25,54,55,56,21,58],"class_list":{"0":"post-69479","1":"post","2":"type-post","3":"status-publish","4":"format-standard","5":"has-post-thumbnail","7":"category-zinas-no-arvalstim","8":"tag-aktualitates","9":"tag-arvalstim","10":"tag-breaking-news","11":"tag-breakingnews","12":"tag-featured-news","13":"tag-featurednews","14":"tag-headlines","15":"tag-latest-news","16":"tag-latestnews","17":"tag-latvia","18":"tag-latvian","19":"tag-latviesu","20":"tag-latviesu-valoda","21":"tag-latviesuvaloda","22":"tag-latvija","23":"tag-lv","24":"tag-news","25":"tag-popularakas-zinas","26":"tag-popularakaszinas","27":"tag-top-stories","28":"tag-topstories","29":"tag-world","30":"tag-world-news","31":"tag-worldnews","32":"tag-zinas","33":"tag-zinas-no-arvalstim"},"share_on_mastodon":{"url":"https:\/\/pubeurope.com\/@lv\/115688075658402800","error":""},"_links":{"self":[{"href":"https:\/\/www.europesays.com\/lv\/wp-json\/wp\/v2\/posts\/69479","targetHints":{"allow":["GET"]}}],"collection":[{"href":"https:\/\/www.europesays.com\/lv\/wp-json\/wp\/v2\/posts"}],"about":[{"href":"https:\/\/www.europesays.com\/lv\/wp-json\/wp\/v2\/types\/post"}],"author":[{"embeddable":true,"href":"https:\/\/www.europesays.com\/lv\/wp-json\/wp\/v2\/users\/2"}],"replies":[{"embeddable":true,"href":"https:\/\/www.europesays.com\/lv\/wp-json\/wp\/v2\/comments?post=69479"}],"version-history":[{"count":0,"href":"https:\/\/www.europesays.com\/lv\/wp-json\/wp\/v2\/posts\/69479\/revisions"}],"wp:featuredmedia":[{"embeddable":true,"href":"https:\/\/www.europesays.com\/lv\/wp-json\/wp\/v2\/media\/69480"}],"wp:attachment":[{"href":"https:\/\/www.europesays.com\/lv\/wp-json\/wp\/v2\/media?parent=69479"}],"wp:term":[{"taxonomy":"category","embeddable":true,"href":"https:\/\/www.europesays.com\/lv\/wp-json\/wp\/v2\/categories?post=69479"},{"taxonomy":"post_tag","embeddable":true,"href":"https:\/\/www.europesays.com\/lv\/wp-json\/wp\/v2\/tags?post=69479"}],"curies":[{"name":"wp","href":"https:\/\/api.w.org\/{rel}","templated":true}]}}