{"id":69497,"date":"2025-12-09T06:16:07","date_gmt":"2025-12-09T06:16:07","guid":{"rendered":"https:\/\/www.europesays.com\/lv\/69497\/"},"modified":"2025-12-09T06:16:07","modified_gmt":"2025-12-09T06:16:07","slug":"jekabpils-un-livanu-brivpratigie-godinati-gada-brivpratiga-2025-pasakuma-jekabpils-laiks-jekabpils-zinas","status":"publish","type":"post","link":"https:\/\/www.europesays.com\/lv\/69497\/","title":{"rendered":"J\u0113kabpils un L\u012bv\u0101nu br\u012bvpr\u0101t\u012bgie godin\u0101ti &#8220;Gada br\u012bvpr\u0101t\u012bg\u0101 2025&#8221; pas\u0101kum\u0101 \/ J\u0113kabpils Laiks: J\u0113kabpils zi\u0146as"},"content":{"rendered":"<p>Pasniegtas goda z\u012bmes &#8220;Gada br\u012bvpr\u0101t\u012bgais&#8221;, godinot br\u012bvpr\u0101t\u012bg\u0101 darba veic\u0113jus, koordin\u0113t\u0101jus un organiz\u0113t\u0101jus no visas Latvijas. Starp apbalvotajiem bija ar\u012b J\u0113kabpils inval\u012bdu biedr\u012bbas vad\u012bt\u0101js P\u0113teris Dz\u0113rve, kur\u0161 sa\u0146\u0113ma Atzin\u012bbas rakstu par ieguld\u012bjumu br\u012bvpr\u0101t\u012bgaj\u0101 darb\u0101. T\u0101pat Atzin\u012bbas rakstu k\u0101 br\u012bvpr\u0101t\u012bg\u0101 darba veic\u0113ja sa\u0146\u0113ma ar\u012b jauniete no L\u012bv\u0101nu novada \u2013 L\u012bv\u0101nu novada Jaunie\u0161u domes priek\u0161s\u0113d\u0113t\u0101ja Viktorija Nagle. Savuk\u0101rt k\u0101 br\u012bvpr\u0101t\u012bg\u0101 darba organiz\u0113t\u0101js L\u012bv\u0101nu novad\u0101 tika godin\u0101ts MJIC &#8220;Kvart\u0101ls&#8221;.<\/p>\n<p>Nodarbin\u0101t\u012bbas valsts a\u0123ent\u016bras Att\u012bst\u012bbas un strat\u0113\u0123isk\u0101s komunik\u0101cijas noda\u013c\u0101 inform\u0113ja, ka nomin\u0101cij\u0101 &#8220;Gada br\u012bvpr\u0101t\u012bgais&#8221; goda z\u012bmi sa\u0146\u0113ma biedr\u012bbas &#8220;Latvijas Mazpulki&#8221; br\u012bvpr\u0101t\u012bg\u0101 Agnese Smi\u013c\u0123e, kura k\u0101 br\u012bvpr\u0101t\u012bg\u0101 iesaist\u012bjusies sporta pas\u0101kumos, Skolu jaunatnes dziesmu un deju sv\u0113tkos un citos.<\/p>\n<p>Goda z\u012bmi sa\u0146\u0113ma ar\u012b \u017danete Lo\u010dmele, kura iesaist\u012bjusies br\u012bvpr\u0101t\u012bgaj\u0101 darb\u0101 ar b\u0113rniem un jaunie\u0161iem un l\u012bdzdarbojusies br\u012bvpr\u0101t\u012bg\u0101 darba sist\u0113mas izveid\u0113 Balvu novad\u0101. T\u0101pat godin\u0101ta Olaines novada Jaunie\u0161u domes priek\u0161s\u0113d\u0113t\u0101ja un jaunie\u0161u projektu organizatore Maija Marija Krasta, kura ir akt\u012bva jauniete Olaines novad\u0101 un k\u0101 br\u012bvpr\u0101t\u012bg\u0101 iesaist\u012bjusies vair\u0101k\u0101s kult\u016bras, izgl\u012bt\u012bbas un sporta jomu aktivit\u0101t\u0113s.<\/p>\n<p>Goda z\u012bmi sv\u0113tdien sa\u0146\u0113ma ar\u012b biedr\u012bbas &#8220;Bru\u0146otava&#8221; dibin\u0101t\u0101js Ingus Ostrovskis, kur\u0161 \u012bstenojis vair\u0101kus projektus Ukrainas atbalstam, sagatavojot un nog\u0101d\u0101jot Ukrain\u0101 ziedot\u0101s automa\u0161\u012bnas, datortehniku un pirm\u0101s pal\u012bdz\u012bbas komplektus. Apbalvota ar\u012b Em\u012blija K\u013cavi\u0146a, kura sadarb\u012bb\u0101 ar biedr\u012bbu &#8220;Tavi draugi&#8221; un partneriem Ukrain\u0101 \u012bstenojusi akciju &#8220;Baltijas skolas par uzvaru&#8221;. T\u0101s laik\u0101 skol\u0113ni no 113 skol\u0101m Latvij\u0101, 73 skol\u0101m Lietuv\u0101 un 15 skol\u0101m Igaunij\u0101 ziedojumos sav\u0101ku\u0161i vair\u0101k nek\u0101 14 tonnas nepiecie\u0161amo lietu karav\u012briem Ukrain\u0101.<\/p>\n<p>Nomin\u0101cij\u0101 &#8220;Gada br\u012bvpr\u0101t\u012bg\u0101 darba organiz\u0113t\u0101js&#8221; goda z\u012bmi sa\u0146\u0113ma nodibin\u0101jums &#8220;Caritas Latvija&#8221;, kas \u012bsteno br\u012bvpr\u0101t\u012bgo darbu mazaizsarg\u0101to atbalstam, nodro\u0161inot gan kvalitat\u012bvu br\u012bvpr\u0101t\u012bgo sagatavo\u0161anu, gan past\u0101v\u012bgu atbalstu iesaist\u012btaj\u0101m person\u0101m.<\/p>\n<p>T\u0101pat \u0161aj\u0101 nomin\u0101cij\u0101 apbalvots ar\u012b nodibin\u0101jums &#8220;Liep\u0101ja 2027&#8221;, kas, gatavojoties Liep\u0101jas k\u013c\u016b\u0161anai par Eiropas kult\u016bras galvaspils\u0113tu 2027. gad\u0101, s\u0101cis kult\u016bras notikumu veido\u0161anu un atbalst\u012b\u0161anu.<\/p>\n<p>Savuk\u0101rt nomin\u0101cij\u0101 &#8220;Gada br\u012bvpr\u0101t\u012bg\u0101 darba koordinators&#8221; goda z\u012bmi sa\u0146\u0113ma &#8220;Kluba M\u0101ja&#8221; valdes loceklis K\u0101rlis Gailums par to, ka vi\u0146\u0161 b\u016btiski veicin\u0101jis jaunie\u0161u l\u012bdzdal\u012bbu, ieguld\u012bjis darbu br\u012bvpr\u0101t\u012bgo pieredzes kvalit\u0101tes uzlabo\u0161an\u0101 un digit\u0101l\u0101 darba ar jaunatni att\u012bst\u012bb\u0101. \u0160ogad Gailums bijis ar\u012b br\u012bvpr\u0101t\u012bgo koordinators R\u012bgas maraton\u0101 un Skolu jaunatnes dziesmu un deju sv\u0113tkos.<br \/>&#13;<br \/>\nNomin\u0101cij\u0101 &#8220;Gada notikums&#8221; apbalvojumu sa\u0146\u0113ma Eiropas v\u012brie\u0161u basketbola \u010dempion\u0101ta fin\u0101lturn\u012brs &#8220;FIBA Eurobasket2025&#8221;, jo, k\u0101 nor\u0101da apbalvojuma pie\u0161\u0137\u012br\u0113ji, \u0161o sacens\u012bbu norises augsto kvalit\u0101ti nevar\u0113tu sasniegt bez br\u012bvpr\u0101t\u012bgo iesaistes.<\/p>\n<p>Savuk\u0101rt br\u012bvpr\u0101t\u012bg\u0101 darba konsultat\u012bv\u0101s padomes balvu sa\u0146\u0113ma biedr\u012bba &#8220;Daudzb\u0113rnu ozoli&#8221;, kura, piesaistot br\u012bvpr\u0101t\u012bgos un ziedojumus, piln\u012bb\u0101 renov\u0113jusi Latvijas B\u0113rnu dzirdes centra Audiolo\u0123isk\u0101s rehabilit\u0101cijas noda\u013cas telpas un sag\u0101d\u0101jusi nepiecie\u0161amo tehnisko apr\u012bkojumu.<\/p>\n<p>Br\u012bvpr\u0101t\u012bgo godin\u0101\u0161anas m\u0113r\u0137is ir pateikties tiem Latvijas iedz\u012bvot\u0101jiem un organiz\u0101cij\u0101m, kas savu laiku ziedo br\u012bvpr\u0101t\u012bgajam darbam sabiedr\u012bbas lab\u0101, k\u0101 ar\u012b veicin\u0101t iedz\u012bvot\u0101ju un organiz\u0101ciju interesi un iesaisti br\u012bvpr\u0101t\u012bgaj\u0101 darb\u0101.<\/p>\n<p>Izvirz\u012bt pretendentus godin\u0101\u0161anai &#8220;Gada br\u012bvpr\u0101t\u012bgais 2025&#8221; var\u0113ja ikviens Latvijas iedz\u012bvot\u0101js, nevalstisk\u0101 organiz\u0101cija, valsts vai pa\u0161vald\u012bbu iest\u0101de. Br\u012bvpr\u0101t\u012bgo darba veic\u0113jus apbalvoja, v\u0113rt\u0113jot vi\u0146u darbu laika posm\u0101 no 2024. gada 22. novembra l\u012bdz 2025. gada 5. novembrim.<\/p>\n","protected":false},"excerpt":{"rendered":"Pasniegtas goda z\u012bmes &#8220;Gada br\u012bvpr\u0101t\u012bgais&#8221;, godinot br\u012bvpr\u0101t\u012bg\u0101 darba veic\u0113jus, koordin\u0113t\u0101jus un organiz\u0113t\u0101jus no visas Latvijas. Starp apbalvotajiem bija&hellip;\n","protected":false},"author":2,"featured_media":69498,"comment_status":"","ping_status":"","sticky":false,"template":"","format":"standard","meta":{"footnotes":""},"categories":[12],"tags":[23,28,29,32,33,22,987,986,30,31,35,39,38,36,37,34,40,20,26,27,24,25,21],"class_list":{"0":"post-69497","1":"post","2":"type-post","3":"status-publish","4":"format-standard","5":"has-post-thumbnail","7":"category-latvija","8":"tag-aktualitates","9":"tag-breaking-news","10":"tag-breakingnews","11":"tag-featured-news","12":"tag-featurednews","13":"tag-headlines","14":"tag-jekabpils-zinas","15":"tag-jekabpilslaiks","16":"tag-latest-news","17":"tag-latestnews","18":"tag-latvia","19":"tag-latvian","20":"tag-latviesu","21":"tag-latviesu-valoda","22":"tag-latviesuvaloda","23":"tag-latvija","24":"tag-lv","25":"tag-news","26":"tag-popularakas-zinas","27":"tag-popularakaszinas","28":"tag-top-stories","29":"tag-topstories","30":"tag-zinas"},"share_on_mastodon":{"url":"https:\/\/pubeurope.com\/@lv\/115688150403700928","error":""},"_links":{"self":[{"href":"https:\/\/www.europesays.com\/lv\/wp-json\/wp\/v2\/posts\/69497","targetHints":{"allow":["GET"]}}],"collection":[{"href":"https:\/\/www.europesays.com\/lv\/wp-json\/wp\/v2\/posts"}],"about":[{"href":"https:\/\/www.europesays.com\/lv\/wp-json\/wp\/v2\/types\/post"}],"author":[{"embeddable":true,"href":"https:\/\/www.europesays.com\/lv\/wp-json\/wp\/v2\/users\/2"}],"replies":[{"embeddable":true,"href":"https:\/\/www.europesays.com\/lv\/wp-json\/wp\/v2\/comments?post=69497"}],"version-history":[{"count":0,"href":"https:\/\/www.europesays.com\/lv\/wp-json\/wp\/v2\/posts\/69497\/revisions"}],"wp:featuredmedia":[{"embeddable":true,"href":"https:\/\/www.europesays.com\/lv\/wp-json\/wp\/v2\/media\/69498"}],"wp:attachment":[{"href":"https:\/\/www.europesays.com\/lv\/wp-json\/wp\/v2\/media?parent=69497"}],"wp:term":[{"taxonomy":"category","embeddable":true,"href":"https:\/\/www.europesays.com\/lv\/wp-json\/wp\/v2\/categories?post=69497"},{"taxonomy":"post_tag","embeddable":true,"href":"https:\/\/www.europesays.com\/lv\/wp-json\/wp\/v2\/tags?post=69497"}],"curies":[{"name":"wp","href":"https:\/\/api.w.org\/{rel}","templated":true}]}}