{"id":69500,"date":"2025-12-09T06:21:13","date_gmt":"2025-12-09T06:21:13","guid":{"rendered":"https:\/\/www.europesays.com\/lv\/69500\/"},"modified":"2025-12-09T06:21:13","modified_gmt":"2025-12-09T06:21:13","slug":"ukraina-izforme-starptautiskos-legionus-kas-mainisies","status":"publish","type":"post","link":"https:\/\/www.europesays.com\/lv\/69500\/","title":{"rendered":"Ukraina izform\u0113 starptautiskos le\u0123ionus: kas main\u012bsies?"},"content":{"rendered":"<p class=\"descr\">Ukraina izform\u0113s savus starptautiskos le\u0123ionus, atst\u0101jot Aizsardz\u012bbas ministrijas Galven\u0101s izl\u016bko\u0161anas p\u0101rvaldes pak\u013caut\u012bb\u0101 tikai Starptautisko le\u0123ionu, raksta \u201cunian.net\u201d.<\/p>\n<p>Par to intervij\u0101 run\u0101ja Ukrainas Otr\u0101 Starptautisk\u0101 aizsardz\u012bbas le\u0123iona komandieris majors Oleksandrs Jakimovi\u010ds. P\u0113c vi\u0146a teikt\u0101, l\u0113mums par starptautisko le\u0123ionu izform\u0113\u0161anu jau ir pie\u0146emts valsts augst\u0101k\u0101s milit\u0101ri politisk\u0101s vad\u012bbas l\u012bmen\u012b.<\/p>\n<p>Ukrainas Starptautiskais teritori\u0101l\u0101s aizsardz\u012bbas le\u0123ions ir da\u013ca no Ukrainas teritori\u0101l\u0101s aizsardz\u012bbas sp\u0113kiem, izveidota \u0101rvalstu milit\u0101r\u0101 vien\u012bba. To 2022. gada 27. febru\u0101r\u012b izveidoja Ukrainas vald\u012bba p\u0113c prezidenta Volodimira <a href=\"https:\/\/nra.lv\/pasaule\/508613-trampa-dels-asv-varetu-atteikties-no-ukrainas.htm\" data-item-link=\"true\" data-item-id=\"508613\" rel=\"nofollow noopener\" target=\"_blank\">Zelenska <\/a>l\u016bguma, lai c\u012bn\u012btos pret Krievijas iebrukumu valst\u012b.<\/p>\n<p>&#8220;Visas pav\u0113les, direkt\u012bvas, viss ir izdots. 31. decembr\u012b, tas ir, nedaudz vair\u0101k k\u0101 divdesmit dienu laik\u0101, Otrais le\u0123ions beigs past\u0101v\u0113t un tas tiks likvid\u0113ts k\u0101 milit\u0101ra vien\u012bba,&#8221; sac\u012bja Jakimovi\u010ds.<\/p>\n<p>Vi\u0146\u0161 piebilda, ka t\u0101d\u0113j\u0101di Ukrainas Aizsardz\u012bbas ministrijas Galven\u0101s izl\u016bko\u0161anas p\u0101rvaldes pak\u013caut\u012bb\u0101 faktiski paliek tikai Starptautiskais le\u0123ions.<\/p>\n<p>&#8220;Tr\u012bs le\u0123ioni, kas atrad\u0101s Sauszemes sp\u0113kos, bija kaujas le\u0123ioni, savuk\u0101rt ceturtais kalpoja k\u0101 m\u0101c\u012bbu centrs. Tas ar\u012b turpm\u0101k b\u016bs m\u0101c\u012bbu centrs, bet vairs netiks saukts par le\u0123ionu,&#8221; turpin\u0101ja komandieris.<\/p>\n<p>Vi\u0146\u0161 uzskata, ka \u0161is l\u0113mums ir saist\u012bts ar Ukrainas Bru\u0146oto sp\u0113ku organizatorisk\u0101s strukt\u016bras sak\u0101rto\u0161anu, k\u0101 ar\u012b triecienvien\u012bbu izveidi:<\/p>\n<p>&#8220;Le\u0123ioni tiek nodoti triecienvien\u012bb\u0101m, kas pa\u0161laik tiek veidotas.&#8221;<\/p>\n<p>Jakimovi\u010ds ar\u012b uzsv\u0113ra, ka vi\u0146a vien\u012bba ir diezgan unik\u0101la, jo taj\u0101 ir daudz \u0101rzemnieku, turkl\u0101t vi\u0146u le\u0123ions pa\u0161laik test\u0113 jaunas akt\u012bv\u0101s darb\u012bbas vien\u012bbas koncepciju, kas ietver misiju veik\u0161anu, kas trauc\u0113 ienaidnieka iniciat\u012bvu, izmantojot speci\u0101l\u0101s oper\u0101cijas: sabot\u0101\u017eu, pretsabot\u0101\u017eu, izl\u016bko\u0161anu un triecienu.<\/p>\n<p>&#8220;M\u016bsu vien\u012bba \u0161o koncepciju test\u0113 jau gandr\u012bz gadu. Tikm\u0113r triecienvien\u012bb\u0101m ir at\u0161\u0137ir\u012bga strukt\u016bra un da\u017e\u0101das misijas, kas tiek veiktas at\u0161\u0137ir\u012bgi,&#8221; vi\u0146\u0161 atz\u012bm\u0113ja.<\/p>\n<p>Uz jaut\u0101jumu, vai tas noz\u012bm\u0113 \u0161o le\u0123ion\u0101ru atlai\u0161anu un vai vi\u0146i paliks Ukrainas bru\u0146oto sp\u0113ku sast\u0101v\u0101, Jakimovi\u010ds paskaidroja, ka &#8220;pl\u0101ns ir p\u0101rcelt person\u0101lu uz triecienvien\u012bb\u0101m&#8221;.<\/p>\n<p>Atbildot uz jaut\u0101jumu par to, vai tiek samazin\u0101ts kop\u0113jais person\u0101la skaits, vi\u0146\u0161 teica:<\/p>\n<p>&#8220;Teor\u0113tiski tam t\u0101 vajadz\u0113tu b\u016bt, bet es baidos, ka ne visi \u0101rvalstu br\u012bvpr\u0101t\u012bgie v\u0113l\u0113sies pievienoties triecienvien\u012bb\u0101m.&#8221;<\/p>\n<p>\t\t\t\t\t\tinfo<\/p>\n<p>Uzzini pirmais<br \/>kas interesants noticis Latvij\u0101 un pasaul\u0113,<br \/>pievienojoties mums <a href=\"https:\/\/t.me\/neatkariga\" rel=\"nofollow\">Telegram<\/a> vai <a href=\"https:\/\/whatsapp.com\/channel\/0029VaMLFUH5K3zLU5s4wm3y\" rel=\"nofollow noopener\" target=\"_blank\">Whatsapp<\/a> kan\u0101l\u0101<\/p>\n","protected":false},"excerpt":{"rendered":"Ukraina izform\u0113s savus starptautiskos le\u0123ionus, atst\u0101jot Aizsardz\u012bbas ministrijas Galven\u0101s izl\u016bko\u0161anas p\u0101rvaldes pak\u013caut\u012bb\u0101 tikai Starptautisko le\u0123ionu, raksta \u201cunian.net\u201d. Par&hellip;\n","protected":false},"author":2,"featured_media":69501,"comment_status":"","ping_status":"","sticky":false,"template":"","format":"standard","meta":{"footnotes":""},"categories":[14],"tags":[23,57,28,29,32,33,22,30,31,35,39,38,36,37,34,40,20,26,27,24,25,54,55,56,21,58],"class_list":{"0":"post-69500","1":"post","2":"type-post","3":"status-publish","4":"format-standard","5":"has-post-thumbnail","7":"category-zinas-no-arvalstim","8":"tag-aktualitates","9":"tag-arvalstim","10":"tag-breaking-news","11":"tag-breakingnews","12":"tag-featured-news","13":"tag-featurednews","14":"tag-headlines","15":"tag-latest-news","16":"tag-latestnews","17":"tag-latvia","18":"tag-latvian","19":"tag-latviesu","20":"tag-latviesu-valoda","21":"tag-latviesuvaloda","22":"tag-latvija","23":"tag-lv","24":"tag-news","25":"tag-popularakas-zinas","26":"tag-popularakaszinas","27":"tag-top-stories","28":"tag-topstories","29":"tag-world","30":"tag-world-news","31":"tag-worldnews","32":"tag-zinas","33":"tag-zinas-no-arvalstim"},"share_on_mastodon":{"url":"https:\/\/pubeurope.com\/@lv\/115688170031657763","error":""},"_links":{"self":[{"href":"https:\/\/www.europesays.com\/lv\/wp-json\/wp\/v2\/posts\/69500","targetHints":{"allow":["GET"]}}],"collection":[{"href":"https:\/\/www.europesays.com\/lv\/wp-json\/wp\/v2\/posts"}],"about":[{"href":"https:\/\/www.europesays.com\/lv\/wp-json\/wp\/v2\/types\/post"}],"author":[{"embeddable":true,"href":"https:\/\/www.europesays.com\/lv\/wp-json\/wp\/v2\/users\/2"}],"replies":[{"embeddable":true,"href":"https:\/\/www.europesays.com\/lv\/wp-json\/wp\/v2\/comments?post=69500"}],"version-history":[{"count":0,"href":"https:\/\/www.europesays.com\/lv\/wp-json\/wp\/v2\/posts\/69500\/revisions"}],"wp:featuredmedia":[{"embeddable":true,"href":"https:\/\/www.europesays.com\/lv\/wp-json\/wp\/v2\/media\/69501"}],"wp:attachment":[{"href":"https:\/\/www.europesays.com\/lv\/wp-json\/wp\/v2\/media?parent=69500"}],"wp:term":[{"taxonomy":"category","embeddable":true,"href":"https:\/\/www.europesays.com\/lv\/wp-json\/wp\/v2\/categories?post=69500"},{"taxonomy":"post_tag","embeddable":true,"href":"https:\/\/www.europesays.com\/lv\/wp-json\/wp\/v2\/tags?post=69500"}],"curies":[{"name":"wp","href":"https:\/\/api.w.org\/{rel}","templated":true}]}}